{"id":198262,"date":"2014-08-28T20:52:56","date_gmt":"2014-08-28T17:52:56","guid":{"rendered":"https:\/\/analyse.optim.biz\/?p=198262"},"modified":"2014-08-28T20:52:56","modified_gmt":"2014-08-28T17:52:56","slug":"miting-la-guvern-ca-la-cinema-opozitia-contesta-traseismul-politic","status":"publish","type":"post","link":"https:\/\/analyse.optim.biz\/?p=198262","title":{"rendered":"Miting la Guvern, ca la cinema. Opozi\u0163ia contest\u0103 traseismul politic"},"content":{"rendered":"<div class=\"entry data-app-meta data-app-meta-article\" data-embed-base-url-canonical=\"https:\/\/www.digi24.ro\/embed\/stiri\/actualitate\/politica\/miting-la-guvern-ca-la-cinema-opozitia-contesta-traseismul-politic-286659\">\n<p data-index=\"1\">\u201eLa guvernare nu ai f\u0103cut nimic, te rog \u015fi hai de m\u0103n\u00e2nc\u0103 popcorn. De doi ani la guvernare, Ponta a m\u00e2ncat popcorn\u201d, <span lang=\"en-US\">a spus <\/span>Andreea Paul, prim vicepre\u015fedinte PDL.\u00a0<\/p>\n<p data-index=\"2\">Floricele de porumb sunt o aluzie la declara\u0163ia premierului Victor Ponta, care spunea c\u0103 nu va participa la dezbaterile din primul tur al alegerilor preziden\u0163iale, ci \u00ee\u015fi va lua popcorn \u015fi se va uita la televizor. Adoptarea ordonan\u0163ei privind traseismul ale\u015filor locali nu este singurul motiv de nemul\u0163umire al ACL. Liderii Alian\u0163ei Cre\u015ftin Liberale spun c\u0103 primarii opozi\u0163iei sunt presa\u0163i s\u0103 treac\u0103 la PSD.\u00a0<\/p>\n<p data-index=\"3\">\u201e<span>Aceast\u0103 presiune dublat\u0103 de legalizarea traseismului este un real pericol pentru stabilizarea administra\u0163iei locale. Este o b\u0103taie de joc la adresa votului dat \u00een administra\u0163iile locale\u201d, <\/span><span lang=\"en-US\">a spus <\/span><span>Klaus Iohannis, pre\u015fedintele PNL<\/span>\u00a0<\/p>\n<p data-index=\"4\">\u201e<span lang=\"en-US\">A<\/span><span>sta e o <\/span><span lang=\"en-US\">ho\u0163ie-<\/span><span>ho\u0163ie de tip Dragnea \u015fi Ponta\u201d, <\/span><span lang=\"en-US\">a spus Vasile Blaga,<\/span><span> pre\u015fedintele PDL.<\/span>\u00a0<\/p>\n<p data-index=\"5\">Dup\u0103 adoptarea proiectului, liderii opozi\u0163iei \u00ee\u015fi pun speran\u0163a \u00een Curtea Constitu\u0163ional\u0103.<\/p>\n<p data-index=\"6\">Europarlamentarul Monica Macovei i-a cerut Avocatului Poporului, singurul care poate contesta ordonan\u0163a, s\u0103 sesizeze CCR.\u00a0<\/p>\n<p data-index=\"7\">\u201eO lege nu poate fi bun\u0103 p\u00e2n\u0103 ast\u0103zi, 45 de zile nu e bun\u0103, o suspend\u0103m \u015fi apoi iar e bun\u0103. <span lang=\"en-US\">A<\/span>\u015fa ceva nu se \u00eent\u00e2mpl\u0103 \u00een nicio democra\u0163ie din niciun stat\u201d, <span lang=\"en-US\">a spus <\/span>europarlamentar<span lang=\"en-US\">ul<\/span> Monica Macovei.\u00a0<\/p>\n<p data-index=\"8\">Avocatul Poporului nu a venit cu un r\u0103spuns clar.\u00a0\u201e<span>S\u0103 vedem cum arat\u0103. Sunt convins c\u0103 vor fi \u015fi alte forma\u0163iuni politice care o vor contesta. Sigur ca va trebui s\u0103-i acord\u0103m prioritate. Asta e clar. Nu-mi cere\u0163i s\u0103 ma antepronun\u0163\u201d, <\/span><span lang=\"en-US\">a spus <\/span><span>Victor Ciorbea, Avocatul Poporului.<\/span>\u00a0<\/p>\n<p data-index=\"9\">Liderii PMP au manifestat \u00een fa\u0163a sediului Avocatului Poporului \u015fi s-au declarat \u00eempotriva ordonan\u0163ei care permite traseismul politic. \u00a0\u00a0<\/p>\n<\/div>\n<p> Source URL: https:\/\/www.digi24.ro\/stiri\/actualitate\/politica\/miting-la-guvern-ca-la-cinema-opozitia-contesta-traseismul-politic-286659<\/p>\n","protected":false},"excerpt":{"rendered":"<p>\u201eLa guvernare nu ai f\u0103cut nimic, te rog \u015fi hai de m\u0103n\u00e2nc\u0103 popcorn. De doi ani la guvernare, Ponta a m\u00e2ncat popcorn\u201d, a spus Andreea Paul, prim vicepre\u015fedinte PDL.\u00a0 Floricele de porumb sunt o aluzie la declara\u0163ia premierului Victor Ponta, care spunea c\u0103 nu va participa la dezbaterile din primul tur al alegerilor preziden\u0163iale, ci [&hellip;]<\/p>\n","protected":false},"author":1,"featured_media":198263,"comment_status":"open","ping_status":"","sticky":false,"template":"","format":"standard","meta":{"footnotes":""},"categories":[2],"tags":[11],"class_list":["post-198262","post","type-post","status-publish","format-standard","has-post-thumbnail","hentry","category-politics","tag-digi24"],"_links":{"self":[{"href":"https:\/\/analyse.optim.biz\/index.php?rest_route=\/wp\/v2\/posts\/198262","targetHints":{"allow":["GET"]}}],"collection":[{"href":"https:\/\/analyse.optim.biz\/index.php?rest_route=\/wp\/v2\/posts"}],"about":[{"href":"https:\/\/analyse.optim.biz\/index.php?rest_route=\/wp\/v2\/types\/post"}],"author":[{"embeddable":true,"href":"https:\/\/analyse.optim.biz\/index.php?rest_route=\/wp\/v2\/users\/1"}],"replies":[{"embeddable":true,"href":"https:\/\/analyse.optim.biz\/index.php?rest_route=%2Fwp%2Fv2%2Fcomments&post=198262"}],"version-history":[{"count":0,"href":"https:\/\/analyse.optim.biz\/index.php?rest_route=\/wp\/v2\/posts\/198262\/revisions"}],"wp:featuredmedia":[{"embeddable":true,"href":"https:\/\/analyse.optim.biz\/index.php?rest_route=\/wp\/v2\/media\/198263"}],"wp:attachment":[{"href":"https:\/\/analyse.optim.biz\/index.php?rest_route=%2Fwp%2Fv2%2Fmedia&parent=198262"}],"wp:term":[{"taxonomy":"category","embeddable":true,"href":"https:\/\/analyse.optim.biz\/index.php?rest_route=%2Fwp%2Fv2%2Fcategories&post=198262"},{"taxonomy":"post_tag","embeddable":true,"href":"https:\/\/analyse.optim.biz\/index.php?rest_route=%2Fwp%2Fv2%2Ftags&post=198262"}],"curies":[{"name":"wp","href":"https:\/\/api.w.org\/{rel}","templated":true}]}}