{"id":198251,"date":"2014-08-28T22:42:29","date_gmt":"2014-08-28T19:42:29","guid":{"rendered":"https:\/\/analyse.optim.biz\/?p=198251"},"modified":"2014-08-28T22:42:29","modified_gmt":"2014-08-28T19:42:29","slug":"analisti-ordonanta-migratiei-politice-va-fi-respinsa-de-ccr","status":"publish","type":"post","link":"https:\/\/analyse.optim.biz\/?p=198251","title":{"rendered":"Anali\u015fti: Ordonan\u0163a migra\u0163iei politice va fi respins\u0103 de CCR"},"content":{"rendered":"<div class=\"entry data-app-meta data-app-meta-article\" data-embed-base-url-canonical=\"https:\/\/www.digi24.ro\/embed\/stiri\/actualitate\/politica\/analisti-ordonanta-migratiei-politice-va-fi-respinsa-de-ccr-286685\">\n<p data-index=\"1\">Un consilier local sau jude\u0163ean nu poate r\u0103m\u00e2ne \u00een func\u0163ie dup\u0103 ce a plecat din partidul cu care a c\u00e2\u015ftigat alegerile, explicau judec\u0103torii Cur\u021bii Constitu\u021bionale \u00eentr-o decizie din 2011. Iar argumentul era c\u00e2t se poate de logic: prin migra\u0163ia la alt partid, primarul respectiv nu-\u015fi mai reprezenta electoratul care l-a adus \u00een func\u0163ie.\u00a0<\/p>\n<p data-index=\"2\">Anterior au mai existat explica\u0163ii \u00een favoarea combaterii traseismului. \u00cen cazul consiliilor locale \u015fi jude\u0163ene, oamenii aleg \u00eentre programele politice ale partidelor care particip\u0103 \u00een alegeri. Cu alte cuvinte, iau \u00een considerare mai pu\u0163in calitatea \u015fi meritele candida\u0163ilor. A\u015fadar, un consilier care \u00ee\u015fi schimb\u0103 partidul cu care a c\u00e2\u015ftigat alegerile trebuie s\u0103 renun\u0163e \u015fi la mandat. Deciziile Cur\u0163ii Constitu\u0163ionale au la baz\u0103 sesiz\u0103ri f\u0103cute de ale\u015fi locali care \u015fi-au pierdut mandatul \u00een ultimii opt ani.\u00a0<\/p>\n<p data-index=\"3\">Spre deosebire de parlamentari, pentru ale\u015fii locali, Constitu\u0163ia nu garanteaz\u0103 p\u0103strarea mandatului pe toat\u0103 durata pentru care a fost acordat. Legea spune c\u0103, \u00een cazul demisiei sau excluderii din partid, consilierii locali \u00ee\u015fi pierd mandatul. \u00cen schimb, primarii sunt sanc\u0163iona\u0163i doar dac\u0103 demisioneaz\u0103 din partid. \u00cen acest context, fostul Avocat al Poporului, Gheorghe Iancu, critic\u0103 noua ordonan\u0163a adoptat\u0103 de Guvern.\u00a0<\/p>\n<p data-index=\"4\">\u201e<span lang=\"en-US\">E<\/span><span>u cred c\u0103, la CCR, lucrurile vor fi foarte clare, din p<\/span><span lang=\"en-US\">unct<\/span><span> de vedere al admisibilit\u0103\u0163ii unei asemenea sesiz\u0103ri \u00eempotriva unei asemenea ordonan\u0163e. Exist\u0103 argumentul constitu\u0163ional \u015fi anume \u00eenc\u0103lcarea articolului privitor la ordonan\u0163e din Constitu\u0163ie \u015fi anume condi\u0163iile pentru a emite ordonan\u0163e de urgen\u0163\u0103 \u015fi anume situa\u0163ia extraordinar\u0103 \u015fi urgent\u0103 reglement\u0103rii\u201d, <\/span><span lang=\"en-US\">a spus <\/span><span>Gheorghe Iancu, profesor de drept consti\u0163uional.<\/span>\u00a0<\/p>\n<p data-index=\"5\">\u201e<span lang=\"en-US\">S<\/span>e deschide o cutie a <span lang=\"en-US\">P<\/span>andorei. <span lang=\"en-US\">C<\/span>u pu\u0163in timp \u00eenainte de alegerile prezid<span lang=\"en-US\">en\u00edale<\/span> poate fi o migra\u0163ie semnificativ\u0103 a ale\u015filor locali. <span lang=\"en-US\">A<\/span>ceste migr\u0103ri politice masive afecteaz\u0103 grav credibilitatea administra\u0163iei locale \u00een ochii electoratului\u201d, <span lang=\"en-US\">a spus <\/span>Ioan Stanomir, specialist \u00een drept constitu\u0163ional.\u00a0<\/p>\n<p data-index=\"6\">Sanc\u0163iunea cu pierderea mandatului pentru ale\u015fii locali trasei\u015fti a fost introdus\u0103 \u00een lege \u00een 2006.<\/p>\n<\/div>\n<p> Source URL: https:\/\/www.digi24.ro\/stiri\/actualitate\/politica\/analisti-ordonanta-migratiei-politice-va-fi-respinsa-de-ccr-286685<\/p>\n","protected":false},"excerpt":{"rendered":"<p>Un consilier local sau jude\u0163ean nu poate r\u0103m\u00e2ne \u00een func\u0163ie dup\u0103 ce a plecat din partidul cu care a c\u00e2\u015ftigat alegerile, explicau judec\u0103torii Cur\u021bii Constitu\u021bionale \u00eentr-o decizie din 2011. Iar argumentul era c\u00e2t se poate de logic: prin migra\u0163ia la alt partid, primarul respectiv nu-\u015fi mai reprezenta electoratul care l-a adus \u00een func\u0163ie.\u00a0 Anterior au [&hellip;]<\/p>\n","protected":false},"author":1,"featured_media":198252,"comment_status":"open","ping_status":"","sticky":false,"template":"","format":"standard","meta":{"footnotes":""},"categories":[2],"tags":[11],"class_list":["post-198251","post","type-post","status-publish","format-standard","has-post-thumbnail","hentry","category-politics","tag-digi24"],"_links":{"self":[{"href":"https:\/\/analyse.optim.biz\/index.php?rest_route=\/wp\/v2\/posts\/198251","targetHints":{"allow":["GET"]}}],"collection":[{"href":"https:\/\/analyse.optim.biz\/index.php?rest_route=\/wp\/v2\/posts"}],"about":[{"href":"https:\/\/analyse.optim.biz\/index.php?rest_route=\/wp\/v2\/types\/post"}],"author":[{"embeddable":true,"href":"https:\/\/analyse.optim.biz\/index.php?rest_route=\/wp\/v2\/users\/1"}],"replies":[{"embeddable":true,"href":"https:\/\/analyse.optim.biz\/index.php?rest_route=%2Fwp%2Fv2%2Fcomments&post=198251"}],"version-history":[{"count":0,"href":"https:\/\/analyse.optim.biz\/index.php?rest_route=\/wp\/v2\/posts\/198251\/revisions"}],"wp:featuredmedia":[{"embeddable":true,"href":"https:\/\/analyse.optim.biz\/index.php?rest_route=\/wp\/v2\/media\/198252"}],"wp:attachment":[{"href":"https:\/\/analyse.optim.biz\/index.php?rest_route=%2Fwp%2Fv2%2Fmedia&parent=198251"}],"wp:term":[{"taxonomy":"category","embeddable":true,"href":"https:\/\/analyse.optim.biz\/index.php?rest_route=%2Fwp%2Fv2%2Fcategories&post=198251"},{"taxonomy":"post_tag","embeddable":true,"href":"https:\/\/analyse.optim.biz\/index.php?rest_route=%2Fwp%2Fv2%2Ftags&post=198251"}],"curies":[{"name":"wp","href":"https:\/\/api.w.org\/{rel}","templated":true}]}}