{"id":198239,"date":"2014-08-29T12:15:34","date_gmt":"2014-08-29T09:15:34","guid":{"rendered":"https:\/\/analyse.optim.biz\/?p=198239"},"modified":"2014-08-29T12:15:34","modified_gmt":"2014-08-29T09:15:34","slug":"traian-basescu-armata-ucraineana-e-in-dificultate-pozitia-mea-in-consiliul-european-va-fi-pentru-sprijinirea-ucrainei-cu-armament","status":"publish","type":"post","link":"https:\/\/analyse.optim.biz\/?p=198239","title":{"rendered":"Traian B\u0103sescu: Armata ucrainean\u0103 e \u00een dificultate. Pozi\u0163ia mea \u00een Consiliul European va fi pentru sprijinirea Ucrainei cu armament"},"content":{"rendered":"<div class=\"entry data-app-meta data-app-meta-article\" data-embed-base-url-canonical=\"https:\/\/www.digi24.ro\/embed\/stiri\/actualitate\/politica\/traian-basescu-armata-ucraineana-e-in-dificultate-pozitia-mea-in-consiliul-european-va-fi-pentru-sprijinirea-ucrainei-cu-armament-286845\">\n<p data-index=\"1\"><img decoding=\"async\" src=\"https:\/\/analyse.optim.biz\/wp-content\/uploads\/2024\/09\/c2g9njrlowrimmy1odrhowm5zgqznzayzdvhmdc4zte0nji-thumb_.jpg\" data-skip-htmlfix=\"1\" title=\"c2g9njrlowrimmy1odrhowm5zgqznzayzdvhmdc4zte0nji-thumb_\"><\/p>\n<p data-index=\"2\">\u201e<span><strong>Continuarea luptelor \u00een estul Ucrainei risc\u0103 s\u0103 se transforme \u00eentr-un m\u0103cel la adresa armatei ucrainene<\/strong>.<\/span><\/p>\n<p data-index=\"3\">Statele democratice trebuie s\u0103 dep\u0103\u015feasc\u0103 momentul declara\u0163iilor de bune inten\u0163ii.<\/p>\n<p data-index=\"4\"><strong><span>Cred c\u0103 armata ucrainean\u0103 s-a s\u0103turat de c\u00e2te c\u0103\u015fti \u015fi c\u00e2te arme neletale au fost trimise.<\/span><\/strong><\/p>\n<p data-index=\"5\">Este timpul, dac\u0103 vrem s\u0103 ajut\u0103m democra\u0163ia din Ucraina, dac\u0103 vrem s\u0103 d\u0103m o \u015fans\u0103 poporului ucrainean s\u0103 \u00ee\u015fi continue drumul spre UE <strong>trebuie s\u0103 ac\u0163ion\u0103m la fel ca \u015fi Federa\u0163ia Rus\u0103.\u00a0<\/strong><\/p>\n<p data-index=\"6\"><strong><span>S\u0103 punem la dispozi\u0163ia armatei ucrainene orice mijloace care pot fi disponibilizate pentru a-i ajuta \u00een aceast\u0103 lupt\u0103 care poate deveni inegal\u0103.<\/span><\/strong><\/p>\n<p data-index=\"7\"><strong>Apreciez c\u0103 nivelul de sanc\u0163iuni \u00eempotriva Rusiei trebuie reevaluat<\/strong>, pentru c\u0103 sanc\u0163iunile s-au adoptat la un moment la care Federa\u0163ia Rus\u0103 avea o oarecare decen\u0163\u0103 \u00een aprovizionarea cu armament decent al separati\u015ftilor.<\/p>\n<p data-index=\"8\">Federa\u0163ia Rus\u0103 \u015fi-asumat f\u0103r\u0103 posibilitatea de a nega, chiar dac\u0103 diploma\u0163ia Federa\u0163iei Ruse neag\u0103, eviden\u0163a informa\u0163iilor \u015fi a probelor din teren arat\u0103 f\u0103r\u0103 echivoc c\u0103 Rusia a trecut la o cu totul alt\u0103 etap\u0103 de sprijinire a separati\u015ftilor.\u00a0<\/p>\n<p data-index=\"9\"><strong><span>Pozi\u0163ia mea \u00een Consiliul European de m\u00e2ine va fi \u00eendreptat\u0103 c\u0103tre sprijinul Ucrainei cu armanent cu care s\u0103 poat\u0103 face fa\u0163\u0103 agresiunii Federa\u0163iei Ruse \u00eempotriva Ucrainei, agresiune materializat\u0103 \u00een a\u015fa numitul r\u0103zboi hibrid.\u00a0<\/span><\/strong><\/p>\n<p data-index=\"10\">Interesul nostru major este o prezen\u0163\u0103 a for\u0163elor navale \u00een Marea Neagr\u0103. Dar<span> aceast\u0103 rota\u0163ie cu nave cu capabilit\u0103\u0163i mari care s\u0103 poat\u0103 descuraja idei ale unui bolnav care crede c\u0103 poate reface zonele de influen\u0163\u0103 ale fostului URSS trebuie s\u0103 existe. N<\/span>u avem un pericol pentru Rom\u00e2nia \u00een mod ra\u0163ional , dar trebuie s\u0103 ne preg\u0103tim \u015fi pentru ira\u0163ional pentru c\u0103 acest ira\u0163ional se dovede\u015fte c\u0103 poate exista\u201d, a spus Traian B\u0103sescu.<\/p>\n<\/div>\n<p> Source URL: https:\/\/www.digi24.ro\/stiri\/actualitate\/politica\/traian-basescu-armata-ucraineana-e-in-dificultate-pozitia-mea-in-consiliul-european-va-fi-pentru-sprijinirea-ucrainei-cu-armament-286845<\/p>\n","protected":false},"excerpt":{"rendered":"<p>\u201eContinuarea luptelor \u00een estul Ucrainei risc\u0103 s\u0103 se transforme \u00eentr-un m\u0103cel la adresa armatei ucrainene. Statele democratice trebuie s\u0103 dep\u0103\u015feasc\u0103 momentul declara\u0163iilor de bune inten\u0163ii. Cred c\u0103 armata ucrainean\u0103 s-a s\u0103turat de c\u00e2te c\u0103\u015fti \u015fi c\u00e2te arme neletale au fost trimise. Este timpul, dac\u0103 vrem s\u0103 ajut\u0103m democra\u0163ia din Ucraina, dac\u0103 vrem s\u0103 d\u0103m o [&hellip;]<\/p>\n","protected":false},"author":1,"featured_media":198240,"comment_status":"open","ping_status":"","sticky":false,"template":"","format":"standard","meta":{"footnotes":""},"categories":[2],"tags":[11],"class_list":["post-198239","post","type-post","status-publish","format-standard","has-post-thumbnail","hentry","category-politics","tag-digi24"],"_links":{"self":[{"href":"https:\/\/analyse.optim.biz\/index.php?rest_route=\/wp\/v2\/posts\/198239","targetHints":{"allow":["GET"]}}],"collection":[{"href":"https:\/\/analyse.optim.biz\/index.php?rest_route=\/wp\/v2\/posts"}],"about":[{"href":"https:\/\/analyse.optim.biz\/index.php?rest_route=\/wp\/v2\/types\/post"}],"author":[{"embeddable":true,"href":"https:\/\/analyse.optim.biz\/index.php?rest_route=\/wp\/v2\/users\/1"}],"replies":[{"embeddable":true,"href":"https:\/\/analyse.optim.biz\/index.php?rest_route=%2Fwp%2Fv2%2Fcomments&post=198239"}],"version-history":[{"count":0,"href":"https:\/\/analyse.optim.biz\/index.php?rest_route=\/wp\/v2\/posts\/198239\/revisions"}],"wp:featuredmedia":[{"embeddable":true,"href":"https:\/\/analyse.optim.biz\/index.php?rest_route=\/wp\/v2\/media\/198240"}],"wp:attachment":[{"href":"https:\/\/analyse.optim.biz\/index.php?rest_route=%2Fwp%2Fv2%2Fmedia&parent=198239"}],"wp:term":[{"taxonomy":"category","embeddable":true,"href":"https:\/\/analyse.optim.biz\/index.php?rest_route=%2Fwp%2Fv2%2Fcategories&post=198239"},{"taxonomy":"post_tag","embeddable":true,"href":"https:\/\/analyse.optim.biz\/index.php?rest_route=%2Fwp%2Fv2%2Ftags&post=198239"}],"curies":[{"name":"wp","href":"https:\/\/api.w.org\/{rel}","templated":true}]}}