{"id":198227,"date":"2014-08-29T12:36:12","date_gmt":"2014-08-29T09:36:12","guid":{"rendered":"https:\/\/analyse.optim.biz\/?p=198227"},"modified":"2014-08-29T12:36:12","modified_gmt":"2014-08-29T09:36:12","slug":"victor-ponta-ironic-catre-un-satean-stiti-cum-sa-imi-spuneti-fa-ponta","status":"publish","type":"post","link":"https:\/\/analyse.optim.biz\/?p=198227","title":{"rendered":"Victor Ponta, ironic c\u0103tre un s\u0103tean: \u015eti\u0163i cum s\u0103 \u00eemi spune\u0163i? F\u0103, Ponta!"},"content":{"rendered":"<div class=\"entry data-app-meta data-app-meta-article\" data-embed-base-url-canonical=\"https:\/\/www.digi24.ro\/embed\/stiri\/actualitate\/politica\/victor-ponta-ironic-catre-un-satean-stiti-cum-sa-imi-spuneti-fa-ponta-286865\">\n<p data-index=\"1\">\u00a0<img decoding=\"async\" src=\"https:\/\/analyse.optim.biz\/wp-content\/uploads\/2024\/09\/pwqxytk1mjy0mjy4nthkzthimjqxnwzmywzimjblnmu2-thumb_.jpg\" data-skip-htmlfix=\"1\" title=\"pwqxytk1mjy0mjy4nthkzthimjqxnwzmywzimjblnmu2-thumb_\"><\/p>\n<p data-index=\"2\">&#8220;\u015eti\u0163i cum trebuie s\u0103 \u00eemi spune\u0163i? F\u0103, Ponta! A\u015fa s\u0103 \u00eemi zice\u0163i \u015fi facem. Poate de data asta aud bine \u015fi \u0103ia cu camerele&#8221;, a spus Ponta ironic.<\/p>\n<p data-index=\"3\">Presa a relatat c\u0103, \u00een aprilie, la vizita antrerioar\u0103, Ponta s-ar fi adresat ministrului Pan\u0103 spun\u00e2nd: <a href=\"https:\/\/www.digi24.ro\/Stiri\/Digi24\/Actualitate\/Politica\/Victor+Ponta+Nu+folosesc+termenul+de+fa+Nici+nu+bausem+whisky+ni\" target=\"_blank\" data-skip-linkfix=\"1\" rel=\"noopener\"><strong>&#8220;Tu ce faci, f\u0103, Doina, aici?<\/strong><\/a>Aveai chef de ni\u015fte inunda\u0163ii?&#8221;.<\/p>\n<p data-index=\"4\">Ponta i s-a adresat ministrului Apelor de data aceasta cu formula &#8220;doamna Doina Pan\u0103&#8221;, iar c\u00e2nd vicepremierul Liviu Dragnea \u00eencercat s\u0103-i spun\u0103 &#8220;<a href=\"https:\/\/www.digi24.ro\/Stiri\/Digi24\/Actualitate\/Politica\/Victor+Ponta+catre+ministrul+Apei+si+Padurilor+Mai+Doina+nu+avem\" target=\"_blank\" data-skip-linkfix=\"1\" rel=\"noopener\"><strong>m\u0103i, Doina,<\/strong><\/a>&#8220;, Ponta l-a apostrofat c\u0103 &#8220;iar aud cine \u015ftie ce&#8221;.<\/p>\n<p data-index=\"5\">Ponta \u015fi Dragnea le-au promis localnicilor c\u0103 nu vor mai fi inunda\u0163i \u015fi le-au f\u0103cut cadou o barc\u0103 pneumatic\u0103 pentru un viitor muzeu.<\/p>\n<p data-index=\"6\">&#8220;Dup\u0103 noiembrie venim s\u0103 facem muzeul b\u0103rcii&#8221;, a continuat s\u0103 glumeasc\u0103 premierul Ponta.<\/p>\n<p data-index=\"7\">Prim-ministrul le-a spus s\u0103 p\u0103streze barca doar ca amintire, iar dup\u0103 ce directorul Apelor Rom\u00e2ne a prezentat tehnologia modern\u0103 de construc\u0163ie a digului, Ponta le-a urat s\u0103tenilor s\u0103 nu mai fie inunda\u0163i \u00een ap\u0103, ci \u00een &#8220;vin&#8221; sau &#8220;\u0163uic\u0103&#8221;.<\/p>\n<p data-index=\"8\">&#8220;Bine, Doamne ajut\u0103, s\u0103 nu v\u0103 mai g\u0103sesc \u00een ap\u0103, da?! Dac\u0103 v\u0103 g\u0103sesc \u00een altceva&#8230; \u00een vin, \u00een \u0163uic\u0103, da?! Nu \u00een ap\u0103&#8221;, s-a adresat Ponta localnicilor.<\/p>\n<p data-index=\"9\">Un s\u0103tean care \u00eei promisese, de altfel, o sticl\u0103 de \u0163uic\u0103 premierului i-a spus c\u0103 i-o va aduce al Cotroceni, fapt care l-a determinat pe Liviu Dragnea s\u0103 cear\u0103 \u015fi el o \u0163uic\u0103.<\/p>\n<p data-index=\"10\">&#8220;Da&#8217;, mie nu-mi dai o \u0163uic\u0103?&#8221;, l-a \u00eentrebat Dragnea pe s\u0103tean, care i-a promis \u015fi acestuia o sticl\u0103.<\/p>\n<p data-index=\"11\">Ponta a \u00eenm\u00e2nat totodat\u0103 prim\u0103ri\u0163ei din comuna \u015etorob\u0103neasa, din care face parte satul Beiu, cheile unui microbuz \u015fi a promis ajutor \u015fi pentru alimentarea cu ap\u0103 a comunei.<\/p>\n<p data-index=\"12\">\u00cen luna aprilie, mai multe localit\u0103\u021bi din jude\u021bul Teleorman au fost afectate grav de inunda\u021bii. Atunci, premmierul Victor Ponta \u0219i vicepremierul Liviu Dragnea au f\u0103cut o vizit\u0103 \u00een satul Beiu, cel mai grav afectat de inunda\u021bii. Oficialii au inspectat atunci zona dintr-o barc\u0103.<\/p>\n<\/div>\n<p> Source URL: https:\/\/www.digi24.ro\/stiri\/actualitate\/politica\/victor-ponta-ironic-catre-un-satean-stiti-cum-sa-imi-spuneti-fa-ponta-286865<\/p>\n","protected":false},"excerpt":{"rendered":"<p>\u00a0 &#8220;\u015eti\u0163i cum trebuie s\u0103 \u00eemi spune\u0163i? F\u0103, Ponta! A\u015fa s\u0103 \u00eemi zice\u0163i \u015fi facem. Poate de data asta aud bine \u015fi \u0103ia cu camerele&#8221;, a spus Ponta ironic. Presa a relatat c\u0103, \u00een aprilie, la vizita antrerioar\u0103, Ponta s-ar fi adresat ministrului Pan\u0103 spun\u00e2nd: &#8220;Tu ce faci, f\u0103, Doina, aici?Aveai chef de ni\u015fte inunda\u0163ii?&#8221;. [&hellip;]<\/p>\n","protected":false},"author":1,"featured_media":198228,"comment_status":"open","ping_status":"","sticky":false,"template":"","format":"standard","meta":{"footnotes":""},"categories":[2],"tags":[11],"class_list":["post-198227","post","type-post","status-publish","format-standard","has-post-thumbnail","hentry","category-politics","tag-digi24"],"_links":{"self":[{"href":"https:\/\/analyse.optim.biz\/index.php?rest_route=\/wp\/v2\/posts\/198227","targetHints":{"allow":["GET"]}}],"collection":[{"href":"https:\/\/analyse.optim.biz\/index.php?rest_route=\/wp\/v2\/posts"}],"about":[{"href":"https:\/\/analyse.optim.biz\/index.php?rest_route=\/wp\/v2\/types\/post"}],"author":[{"embeddable":true,"href":"https:\/\/analyse.optim.biz\/index.php?rest_route=\/wp\/v2\/users\/1"}],"replies":[{"embeddable":true,"href":"https:\/\/analyse.optim.biz\/index.php?rest_route=%2Fwp%2Fv2%2Fcomments&post=198227"}],"version-history":[{"count":0,"href":"https:\/\/analyse.optim.biz\/index.php?rest_route=\/wp\/v2\/posts\/198227\/revisions"}],"wp:featuredmedia":[{"embeddable":true,"href":"https:\/\/analyse.optim.biz\/index.php?rest_route=\/wp\/v2\/media\/198228"}],"wp:attachment":[{"href":"https:\/\/analyse.optim.biz\/index.php?rest_route=%2Fwp%2Fv2%2Fmedia&parent=198227"}],"wp:term":[{"taxonomy":"category","embeddable":true,"href":"https:\/\/analyse.optim.biz\/index.php?rest_route=%2Fwp%2Fv2%2Fcategories&post=198227"},{"taxonomy":"post_tag","embeddable":true,"href":"https:\/\/analyse.optim.biz\/index.php?rest_route=%2Fwp%2Fv2%2Ftags&post=198227"}],"curies":[{"name":"wp","href":"https:\/\/api.w.org\/{rel}","templated":true}]}}