{"id":198216,"date":"2014-08-29T13:10:48","date_gmt":"2014-08-29T10:10:48","guid":{"rendered":"https:\/\/analyse.optim.biz\/?p=198216"},"modified":"2014-08-29T13:10:48","modified_gmt":"2014-08-29T10:10:48","slug":"traian-basescu-imi-voi-exercita-mandatul-pana-in-21-decembrie-inclusiv","status":"publish","type":"post","link":"https:\/\/analyse.optim.biz\/?p=198216","title":{"rendered":"Traian B\u0103sescu: \u00cemi voi exercita mandatul p\u00e2n\u0103 \u00een 21 decembrie inclusiv"},"content":{"rendered":"<div class=\"entry data-app-meta data-app-meta-article\" data-embed-base-url-canonical=\"https:\/\/www.digi24.ro\/embed\/stiri\/actualitate\/politica\/traian-basescu-imi-voi-exercita-mandatul-pana-in-21-decembrie-inclusiv-286888\">\n<p data-index=\"1\">\u201e<span>Nu voi folosi \u00eent\u00e2lnirea pentru un bilan\u0163, pentru c\u0103 am spus \u00een principiu, c\u0103 \u00eemi voi exercuta mandatul p\u00e2n\u0103 \u00een ultima zi, inclusv pe 21 decembrie, chiar dac\u0103 alegerile au loc \u00een noiembrie. Bilan\u0163ul pe cele dou\u0103 mandate \u00eel voi face dup\u0103 ce \u00eemi termin cel de-al doilea mandat\u201d, a spus pre\u015fedintele.<\/span><\/p>\n<p data-index=\"2\">Traian B\u0103sescu a participat la reuniunea anual\u0103 a diploma\u0163iei rom\u00e2ne.<\/p>\n<\/div>\n<p> Source URL: https:\/\/www.digi24.ro\/stiri\/actualitate\/politica\/traian-basescu-imi-voi-exercita-mandatul-pana-in-21-decembrie-inclusiv-286888<\/p>\n","protected":false},"excerpt":{"rendered":"<p>\u201eNu voi folosi \u00eent\u00e2lnirea pentru un bilan\u0163, pentru c\u0103 am spus \u00een principiu, c\u0103 \u00eemi voi exercuta mandatul p\u00e2n\u0103 \u00een ultima zi, inclusv pe 21 decembrie, chiar dac\u0103 alegerile au loc \u00een noiembrie. Bilan\u0163ul pe cele dou\u0103 mandate \u00eel voi face dup\u0103 ce \u00eemi termin cel de-al doilea mandat\u201d, a spus pre\u015fedintele. Traian B\u0103sescu a [&hellip;]<\/p>\n","protected":false},"author":1,"featured_media":198217,"comment_status":"open","ping_status":"","sticky":false,"template":"","format":"standard","meta":{"footnotes":""},"categories":[2],"tags":[11],"class_list":["post-198216","post","type-post","status-publish","format-standard","has-post-thumbnail","hentry","category-politics","tag-digi24"],"_links":{"self":[{"href":"https:\/\/analyse.optim.biz\/index.php?rest_route=\/wp\/v2\/posts\/198216","targetHints":{"allow":["GET"]}}],"collection":[{"href":"https:\/\/analyse.optim.biz\/index.php?rest_route=\/wp\/v2\/posts"}],"about":[{"href":"https:\/\/analyse.optim.biz\/index.php?rest_route=\/wp\/v2\/types\/post"}],"author":[{"embeddable":true,"href":"https:\/\/analyse.optim.biz\/index.php?rest_route=\/wp\/v2\/users\/1"}],"replies":[{"embeddable":true,"href":"https:\/\/analyse.optim.biz\/index.php?rest_route=%2Fwp%2Fv2%2Fcomments&post=198216"}],"version-history":[{"count":0,"href":"https:\/\/analyse.optim.biz\/index.php?rest_route=\/wp\/v2\/posts\/198216\/revisions"}],"wp:featuredmedia":[{"embeddable":true,"href":"https:\/\/analyse.optim.biz\/index.php?rest_route=\/wp\/v2\/media\/198217"}],"wp:attachment":[{"href":"https:\/\/analyse.optim.biz\/index.php?rest_route=%2Fwp%2Fv2%2Fmedia&parent=198216"}],"wp:term":[{"taxonomy":"category","embeddable":true,"href":"https:\/\/analyse.optim.biz\/index.php?rest_route=%2Fwp%2Fv2%2Fcategories&post=198216"},{"taxonomy":"post_tag","embeddable":true,"href":"https:\/\/analyse.optim.biz\/index.php?rest_route=%2Fwp%2Fv2%2Ftags&post=198216"}],"curies":[{"name":"wp","href":"https:\/\/api.w.org\/{rel}","templated":true}]}}