{"id":1981822,"date":"2026-06-10T05:29:13","date_gmt":"2026-06-10T02:29:13","guid":{"rendered":"https:\/\/analyse.optim.biz\/?p=1981822"},"modified":"2026-06-10T05:29:13","modified_gmt":"2026-06-10T02:29:13","slug":"sa-sfarsim-odata-cu-resemnarea-invinsului","status":"publish","type":"post","link":"https:\/\/analyse.optim.biz\/?p=1981822","title":{"rendered":"S\u0103 sf\u00e2r\u0219im odat\u0103 cu resemnarea \u00eenvinsului"},"content":{"rendered":"<p>[analyse_image type=&#8221;featured&#8221; src=&#8221;https:\/\/www.incorectpolitic.com\/wp-content\/uploads\/2026\/06\/eroul.png&#8221;]<\/p>\n<div class=\"entry\">\n<p data-start=\"262\" data-end=\"433\">Sterie Ciumetti<br \/><strong>Incorect Politic<\/strong><br \/>\nIunie 10, 2026<\/p>\n<p data-start=\"262\" data-end=\"433\"><a href=\"https:\/\/www.incorectpolitic.com\/?attachment_id=81779\" rel=\"attachment wp-att-81779\"><img loading=\"lazy\" decoding=\"async\" class=\"aligncenter wp-image-81779 size-full\" src=\"https:\/\/www.incorectpolitic.com\/wp-content\/uploads\/2026\/06\/alecu-cantacuzino.jpg\" alt=\"S\u0103 sf\u00e2r\u0219im odat\u0103 cu resemnarea \u00eenvinsului\" width=\"960\" height=\"1342\"><\/a><\/p>\n<h2 data-start=\"262\" data-end=\"433\"><strong>S\u0103 sf\u00e2r\u0219im odat\u0103 cu resemnarea \u00eenvinsului<\/strong><\/h2>\n<p data-start=\"262\" data-end=\"433\">\u201eTrebuiesc deci f\u0103r\u0103 fric\u0103 \u0219i f\u0103r\u0103 \u0219ov\u0103ire extirpate vechile moravuri gangrenoase \u0219i obiceiurile p\u0103c\u0103toase care paralizeaz\u0103 centrele nervoase ale personalit\u0103\u021bii rom\u00e2ne\u0219ti.<\/p>\n<p data-start=\"435\" data-end=\"562\">Rom\u00e2nul de azi are o fobie, o repulsiune boln\u0103vicioas\u0103 fa\u021b\u0103 de orice opunere sau ciocnire mai violent\u0103 cu adversit\u0103\u021bile vie\u021bii.<\/p>\n<p data-start=\"564\" data-end=\"927\">Aceast\u0103 team\u0103 de izbire, aceast\u0103 alunecare spre facilit\u0103\u021bi \u00eemping traiul rom\u00e2nesc de acum pe c\u0103ile de minim\u0103 rezisten\u021b\u0103, pe c\u0103ile piezi\u0219e \u0219i \u00eentortocheate care ocolesc obstacolele, c\u0103ile lingu\u0219elii, ale mi\u0219eliilor din umbra tranzac\u021biei, ale compromisurilor suflete\u0219ti, ale t\u00e2rguielilor de con\u0219tiin\u021b\u0103 \u0219i ne t\u00e2r\u0103\u0219te spre atitudinile de \u00abs\u0103rut m\u00e2na\u00bb \u0219i de lichelism.<\/p>\n<p data-start=\"929\" data-end=\"1045\">Trebuie s\u0103 sf\u00e2r\u0219im odat\u0103 cu tradi\u021bia asiatic\u0103 care cere r\u0103bdare de vite \u0219i spin\u0103ri \u00eencovoiate sub biciul st\u0103p\u00e2nirii.<\/p>\n<p data-start=\"1047\" data-end=\"1316\">Vrem s\u0103 \u00eenl\u0103tur\u0103m din amintirea sufletului rom\u00e2nesc imaginile care \u00eel mic\u0219oreaz\u0103, imaginile debilitante \u0219i deprimante de \u00eenc\u0103lcare, de strivire, de umilire ale norodului rom\u00e2nesc, imaginile ispr\u0103vnicilor neomeno\u0219i, imaginile gloatelor pustiitoare turce\u0219ti \u0219i c\u0103z\u0103ce\u0219ti.<\/p>\n<p data-start=\"1318\" data-end=\"1360\">S\u0103 sf\u00e2r\u0219im odat\u0103 cu resemnarea \u00eenvinsului.<\/p>\n<p data-start=\"1362\" data-end=\"1502\">De vrem s\u0103 fim \u00eenving\u0103tori, s\u0103 ne \u00eenvingem \u00eent\u00e2i firea noastr\u0103 de ast\u0103zi at\u00e2t de greu ap\u0103sat\u0103 de seculare amintiri de robie \u0219i de servilism.<\/p>\n<p data-start=\"1504\" data-end=\"1576\">Prima noastr\u0103 izb\u00e2nd\u0103 va fi s\u0103 de\u0219tept\u0103m din amor\u021beal\u0103 na\u021bia rom\u00e2neasc\u0103.<\/p>\n<p data-start=\"1578\" data-end=\"1615\">S\u0103 g\u0103sim leacul n\u0103ravurilor iob\u0103giei.<\/p>\n<p data-start=\"1617\" data-end=\"1755\">Trebuie ca rom\u00e2nul s\u0103 se simt\u0103 odat\u0103, fie numai c\u00e2teva zile, fie numai c\u00e2teva ceasuri, st\u0103p\u00e2n asupra lui \u0219i peste cele care \u00eel \u00eenconjoar\u0103.<\/p>\n<p data-start=\"1757\" data-end=\"1846\">S\u0103 nu crede\u021bi c\u0103 rostesc cuvinte al c\u0103ror \u00een\u021beles nu este s\u0103pat \u00een ad\u00e2ncul sim\u021birii mele.<\/p>\n<p data-start=\"1848\" data-end=\"1977\">Prinderea con\u0219tiin\u021bei de cet\u0103\u021bean, prinderea \u00eencrederii \u0219i a credin\u021bei \u00een demnitatea de om, este marele c\u00e2\u0219tig al unei revolu\u021bii.<\/p>\n<p data-start=\"1979\" data-end=\"2098\">Cred c\u0103 numai astfel poate pieri acel complex de inferioritate, acel complex de robie care cople\u0219e\u0219te firea rom\u00e2neasc\u0103.<\/p>\n<p data-start=\"2100\" data-end=\"2259\">Microbii de servilism \u0219i de neputin\u021b\u0103 care m\u0103n\u00e2nc\u0103 vlaga s\u00e2ngelui rom\u00e2nesc nu pot fi ar\u0219i dec\u00e2t de \u00eenalta temperatur\u0103, de clocotul fierbinte al unei revolu\u021bii.<\/p>\n<p data-start=\"2261\" data-end=\"2364\">P\u00e2n\u0103 acum pasivitatea noastr\u0103 \u0219i zborul timpului ne-au servit; s-ar putea zice c\u0103 au lucrat pentru noi.<\/p>\n<p data-start=\"2366\" data-end=\"2483\">\u00cencrez\u0103tori \u00een destinul Neamului nostru am a\u0219teptat resemna\u021bi \u0219i f\u0103r\u0103 preg\u0103tire dreptatea istoriei care s-a \u00eemplinit.<\/p>\n<p data-start=\"2485\" data-end=\"2624\">Rom\u00e2nul s-a obi\u0219nuit s\u0103 se lase \u00een voia sor\u021bii. Aceasta este o expresie specific rom\u00e2neasc\u0103, care nu poate fi tradus\u0103 \u00eentr-o limb\u0103 str\u0103in\u0103.<\/p>\n<p data-start=\"2626\" data-end=\"2931\">Acum, dup\u0103 ciocnirea cr\u00e2ncen\u0103 care a sf\u0103r\u00e2mat for\u021bele marilor state care ne \u00eempresurau, acum, dup\u0103 s\u00e2ngerosul r\u0103zboi al \u00eentregirii Neamului, dup\u0103 n\u0103ruirea \u00eentregului sistem de st\u0103p\u00e2nire al lumii de ieri, Na\u021biunea rom\u00e2n\u0103 a sc\u0103pat de orice protectorat, de orice tutel\u0103, de orice vasalitate impuse din afar\u0103.<\/p>\n<p data-start=\"2933\" data-end=\"2954\">Suntem la o r\u0103scruce.<\/p>\n<p data-start=\"2956\" data-end=\"3088\">Pentru \u00eent\u00e2ia oar\u0103 \u00een istoria rom\u00e2neasc\u0103, \u00eentreaga r\u0103spundere \u0219i \u00eendreptarea destinului nostru apas\u0103 numai \u0219i numai asupra noastr\u0103.\u201d<\/p>\n<p data-start=\"2956\" data-end=\"3088\"><em>Fragment din scrierile prin\u021bului legionar Alexandru Cantacuzino.<\/em><\/p>\n<h2 data-start=\"2956\" data-end=\"3088\"><strong>*<\/strong><\/h2>\n<h2 data-start=\"2956\" data-end=\"3088\"><strong>Cuv\u00e2nt \u00een prigoana anului 2026:<\/strong><\/h2>\n<p class=\"isSelectedEnd\">Dac\u0103 anul 2026 va r\u0103m\u00e2ne \u00een memoria oamenilor ca un timp al prigoanei, atunci cea mai mare primejdie nu va fi pierderea bunurilor, a pozi\u021biei sociale sau chiar a libert\u0103\u021bii, ci obi\u0219nuin\u021ba cu t\u0103cerea. Istoria arat\u0103 c\u0103 orice presiune exercitat\u0103 asupra con\u0219tiin\u021bei \u00eencearc\u0103 mai \u00eent\u00e2i s\u0103 nasc\u0103 frica: frica de a vorbi, frica de a m\u0103rturisi adev\u0103rul, frica de a r\u0103m\u00e2ne singur \u00eempotriva mul\u021bimii. \u00cen astfel de vremuri, omul puternic, omul ales de Dumnezeu este chemat s\u0103 zdrobeasc\u0103 zidurile cenzurii \u0219i s\u0103 lumineze ca o v\u0103paie bezna vremurilor. Tu e\u0219ti acel om, faptul c\u0103 ai ajuns s\u0103 cite\u0219ti acest text confirm\u0103 acest lucru.<\/p>\n<p>\u00cen fa\u021ba oric\u0103rei \u00eencerc\u0103ri, cre\u0219tinul este chemat s\u0103 aleag\u0103 adev\u0103rul \u00eenaintea avantajului, dreptatea \u00eenaintea fricii, m\u0103rturisirea \u00eenaintea compromisului. Via\u021ba omului este limitat\u0103, \u00eens\u0103 m\u0103rturia sa poate d\u0103inui mult dup\u0103 ce el nu mai este.<\/p>\n<p class=\"isSelectedEnd\">Nu te l\u0103sa am\u0103git de str\u0103lucirea trec\u0103toare a confortului.\u00a0 Numai gloria celui care a r\u0103mas drept \u00een ceasul \u00eencerc\u0103rii str\u0103bate timpul \u0219i r\u0103m\u00e2ne vie \u00een memoria neamului \u0219i \u00eenaintea lui Dumnezeu.<\/p>\n<p>Exist\u0103 clipe \u00een istorie c\u00e2nd un singur act de curaj valoreaz\u0103 mai mult dec\u00e2t o via\u021b\u0103 \u00eentreag\u0103 de comoditate. Iar c\u00e2nd asemenea clipe vin, fericit este omul care poate spune c\u0103 nu \u0219i-a plecat fruntea, nu \u0219i-a v\u00e2ndut con\u0219tiin\u021ba \u0219i nu \u0219i-a tr\u0103dat chemarea. Alege s\u0103 stai \u00een picioare c\u00e2nd al\u021bii \u00eengenuncheaz\u0103. Alege s\u0103 vorbe\u0219ti c\u00e2nd al\u021bii tac. Inspir\u0103-i pe al\u021bii, c\u0103ci curajul este molipsitor. Exemple avem destule. Exemplul lor: lupta noastr\u0103.<\/p>\n<p><a href=\"https:\/\/www.incorectpolitic.com\/?attachment_id=81780\" rel=\"attachment wp-att-81780\"><img loading=\"lazy\" decoding=\"async\" class=\"size-full wp-image-81780 aligncenter lazyload\" src=\"https:\/\/www.incorectpolitic.com\/wp-content\/uploads\/2026\/06\/eroul.png\" alt width=\"956\" height=\"967\"><\/a><\/p>\n<p><img loading=\"lazy\" decoding=\"async\" class=\"size-full wp-image-81780 aligncenter\" src=\"https:\/\/www.incorectpolitic.com\/wp-content\/uploads\/2026\/06\/eroul.png\" alt width=\"956\" height=\"967\" data-eio=\"l\"><\/div>\n<div class=\"entry\">\n<p data-start=\"262\" data-end=\"433\">Sterie Ciumetti<br \/><strong>Incorect Politic<\/strong><br \/>\nIunie 10, 2026<\/p>\n<p data-start=\"262\" data-end=\"433\"><a href=\"https:\/\/www.incorectpolitic.com\/?attachment_id=81779\" rel=\"attachment wp-att-81779\"><img loading=\"lazy\" decoding=\"async\" class=\"aligncenter wp-image-81779 size-full\" src=\"https:\/\/www.incorectpolitic.com\/wp-content\/uploads\/2026\/06\/alecu-cantacuzino.jpg\" alt=\"S\u0103 sf\u00e2r\u0219im odat\u0103 cu resemnarea \u00eenvinsului\" width=\"960\" height=\"1342\"><\/a><\/p>\n<h2 data-start=\"262\" data-end=\"433\"><strong>S\u0103 sf\u00e2r\u0219im odat\u0103 cu resemnarea \u00eenvinsului<\/strong><\/h2>\n<p data-start=\"262\" data-end=\"433\">\u201eTrebuiesc deci f\u0103r\u0103 fric\u0103 \u0219i f\u0103r\u0103 \u0219ov\u0103ire extirpate vechile moravuri gangrenoase \u0219i obiceiurile p\u0103c\u0103toase care paralizeaz\u0103 centrele nervoase ale personalit\u0103\u021bii rom\u00e2ne\u0219ti.<\/p>\n<p data-start=\"435\" data-end=\"562\">Rom\u00e2nul de azi are o fobie, o repulsiune boln\u0103vicioas\u0103 fa\u021b\u0103 de orice opunere sau ciocnire mai violent\u0103 cu adversit\u0103\u021bile vie\u021bii.<\/p>\n<p data-start=\"564\" data-end=\"927\">Aceast\u0103 team\u0103 de izbire, aceast\u0103 alunecare spre facilit\u0103\u021bi \u00eemping traiul rom\u00e2nesc de acum pe c\u0103ile de minim\u0103 rezisten\u021b\u0103, pe c\u0103ile piezi\u0219e \u0219i \u00eentortocheate care ocolesc obstacolele, c\u0103ile lingu\u0219elii, ale mi\u0219eliilor din umbra tranzac\u021biei, ale compromisurilor suflete\u0219ti, ale t\u00e2rguielilor de con\u0219tiin\u021b\u0103 \u0219i ne t\u00e2r\u0103\u0219te spre atitudinile de \u00abs\u0103rut m\u00e2na\u00bb \u0219i de lichelism.<\/p>\n<p data-start=\"929\" data-end=\"1045\">Trebuie s\u0103 sf\u00e2r\u0219im odat\u0103 cu tradi\u021bia asiatic\u0103 care cere r\u0103bdare de vite \u0219i spin\u0103ri \u00eencovoiate sub biciul st\u0103p\u00e2nirii.<\/p>\n<p data-start=\"1047\" data-end=\"1316\">Vrem s\u0103 \u00eenl\u0103tur\u0103m din amintirea sufletului rom\u00e2nesc imaginile care \u00eel mic\u0219oreaz\u0103, imaginile debilitante \u0219i deprimante de \u00eenc\u0103lcare, de strivire, de umilire ale norodului rom\u00e2nesc, imaginile ispr\u0103vnicilor neomeno\u0219i, imaginile gloatelor pustiitoare turce\u0219ti \u0219i c\u0103z\u0103ce\u0219ti.<\/p>\n<p data-start=\"1318\" data-end=\"1360\">S\u0103 sf\u00e2r\u0219im odat\u0103 cu resemnarea \u00eenvinsului.<\/p>\n<p data-start=\"1362\" data-end=\"1502\">De vrem s\u0103 fim \u00eenving\u0103tori, s\u0103 ne \u00eenvingem \u00eent\u00e2i firea noastr\u0103 de ast\u0103zi at\u00e2t de greu ap\u0103sat\u0103 de seculare amintiri de robie \u0219i de servilism.<\/p>\n<p data-start=\"1504\" data-end=\"1576\">Prima noastr\u0103 izb\u00e2nd\u0103 va fi s\u0103 de\u0219tept\u0103m din amor\u021beal\u0103 na\u021bia rom\u00e2neasc\u0103.<\/p>\n<p data-start=\"1578\" data-end=\"1615\">S\u0103 g\u0103sim leacul n\u0103ravurilor iob\u0103giei.<\/p>\n<p data-start=\"1617\" data-end=\"1755\">Trebuie ca rom\u00e2nul s\u0103 se simt\u0103 odat\u0103, fie numai c\u00e2teva zile, fie numai c\u00e2teva ceasuri, st\u0103p\u00e2n asupra lui \u0219i peste cele care \u00eel \u00eenconjoar\u0103.<\/p>\n<p data-start=\"1757\" data-end=\"1846\">S\u0103 nu crede\u021bi c\u0103 rostesc cuvinte al c\u0103ror \u00een\u021beles nu este s\u0103pat \u00een ad\u00e2ncul sim\u021birii mele.<\/p>\n<p data-start=\"1848\" data-end=\"1977\">Prinderea con\u0219tiin\u021bei de cet\u0103\u021bean, prinderea \u00eencrederii \u0219i a credin\u021bei \u00een demnitatea de om, este marele c\u00e2\u0219tig al unei revolu\u021bii.<\/p>\n<p data-start=\"1979\" data-end=\"2098\">Cred c\u0103 numai astfel poate pieri acel complex de inferioritate, acel complex de robie care cople\u0219e\u0219te firea rom\u00e2neasc\u0103.<\/p>\n<p data-start=\"2100\" data-end=\"2259\">Microbii de servilism \u0219i de neputin\u021b\u0103 care m\u0103n\u00e2nc\u0103 vlaga s\u00e2ngelui rom\u00e2nesc nu pot fi ar\u0219i dec\u00e2t de \u00eenalta temperatur\u0103, de clocotul fierbinte al unei revolu\u021bii.<\/p>\n<p data-start=\"2261\" data-end=\"2364\">P\u00e2n\u0103 acum pasivitatea noastr\u0103 \u0219i zborul timpului ne-au servit; s-ar putea zice c\u0103 au lucrat pentru noi.<\/p>\n<p data-start=\"2366\" data-end=\"2483\">\u00cencrez\u0103tori \u00een destinul Neamului nostru am a\u0219teptat resemna\u021bi \u0219i f\u0103r\u0103 preg\u0103tire dreptatea istoriei care s-a \u00eemplinit.<\/p>\n<p data-start=\"2485\" data-end=\"2624\">Rom\u00e2nul s-a obi\u0219nuit s\u0103 se lase \u00een voia sor\u021bii. Aceasta este o expresie specific rom\u00e2neasc\u0103, care nu poate fi tradus\u0103 \u00eentr-o limb\u0103 str\u0103in\u0103.<\/p>\n<p data-start=\"2626\" data-end=\"2931\">Acum, dup\u0103 ciocnirea cr\u00e2ncen\u0103 care a sf\u0103r\u00e2mat for\u021bele marilor state care ne \u00eempresurau, acum, dup\u0103 s\u00e2ngerosul r\u0103zboi al \u00eentregirii Neamului, dup\u0103 n\u0103ruirea \u00eentregului sistem de st\u0103p\u00e2nire al lumii de ieri, Na\u021biunea rom\u00e2n\u0103 a sc\u0103pat de orice protectorat, de orice tutel\u0103, de orice vasalitate impuse din afar\u0103.<\/p>\n<p data-start=\"2933\" data-end=\"2954\">Suntem la o r\u0103scruce.<\/p>\n<p data-start=\"2956\" data-end=\"3088\">Pentru \u00eent\u00e2ia oar\u0103 \u00een istoria rom\u00e2neasc\u0103, \u00eentreaga r\u0103spundere \u0219i \u00eendreptarea destinului nostru apas\u0103 numai \u0219i numai asupra noastr\u0103.\u201d<\/p>\n<p data-start=\"2956\" data-end=\"3088\"><em>Fragment din scrierile prin\u021bului legionar Alexandru Cantacuzino.<\/em><\/p>\n<h2 data-start=\"2956\" data-end=\"3088\"><strong>*<\/strong><\/h2>\n<h2 data-start=\"2956\" data-end=\"3088\"><strong>Cuv\u00e2nt \u00een prigoana anului 2026:<\/strong><\/h2>\n<p class=\"isSelectedEnd\">Dac\u0103 anul 2026 va r\u0103m\u00e2ne \u00een memoria oamenilor ca un timp al prigoanei, atunci cea mai mare primejdie nu va fi pierderea bunurilor, a pozi\u021biei sociale sau chiar a libert\u0103\u021bii, ci obi\u0219nuin\u021ba cu t\u0103cerea. Istoria arat\u0103 c\u0103 orice presiune exercitat\u0103 asupra con\u0219tiin\u021bei \u00eencearc\u0103 mai \u00eent\u00e2i s\u0103 nasc\u0103 frica: frica de a vorbi, frica de a m\u0103rturisi adev\u0103rul, frica de a r\u0103m\u00e2ne singur \u00eempotriva mul\u021bimii. \u00cen astfel de vremuri, omul puternic, omul ales de Dumnezeu este chemat s\u0103 zdrobeasc\u0103 zidurile cenzurii \u0219i s\u0103 lumineze ca o v\u0103paie bezna vremurilor. Tu e\u0219ti acel om, faptul c\u0103 ai ajuns s\u0103 cite\u0219ti acest text confirm\u0103 acest lucru.<\/p>\n<p>\u00cen fa\u021ba oric\u0103rei \u00eencerc\u0103ri, cre\u0219tinul este chemat s\u0103 aleag\u0103 adev\u0103rul \u00eenaintea avantajului, dreptatea \u00eenaintea fricii, m\u0103rturisirea \u00eenaintea compromisului. Via\u021ba omului este limitat\u0103, \u00eens\u0103 m\u0103rturia sa poate d\u0103inui mult dup\u0103 ce el nu mai este.<\/p>\n<p class=\"isSelectedEnd\">Nu te l\u0103sa am\u0103git de str\u0103lucirea trec\u0103toare a confortului.\u00a0 Numai gloria celui care a r\u0103mas drept \u00een ceasul \u00eencerc\u0103rii str\u0103bate timpul \u0219i r\u0103m\u00e2ne vie \u00een memoria neamului \u0219i \u00eenaintea lui Dumnezeu.<\/p>\n<p>Exist\u0103 clipe \u00een istorie c\u00e2nd un singur act de curaj valoreaz\u0103 mai mult dec\u00e2t o via\u021b\u0103 \u00eentreag\u0103 de comoditate. Iar c\u00e2nd asemenea clipe vin, fericit este omul care poate spune c\u0103 nu \u0219i-a plecat fruntea, nu \u0219i-a v\u00e2ndut con\u0219tiin\u021ba \u0219i nu \u0219i-a tr\u0103dat chemarea. Alege s\u0103 stai \u00een picioare c\u00e2nd al\u021bii \u00eengenuncheaz\u0103. Alege s\u0103 vorbe\u0219ti c\u00e2nd al\u021bii tac. Inspir\u0103-i pe al\u021bii, c\u0103ci curajul este molipsitor. Exemple avem destule. Exemplul lor: lupta noastr\u0103.<\/p>\n<p><a href=\"https:\/\/www.incorectpolitic.com\/?attachment_id=81780\" rel=\"attachment wp-att-81780\"><img loading=\"lazy\" decoding=\"async\" class=\"size-full wp-image-81780 aligncenter lazyload\" src=\"https:\/\/www.incorectpolitic.com\/wp-content\/uploads\/2026\/06\/eroul.png\" alt width=\"956\" height=\"967\"><\/a><\/p>\n<p><img loading=\"lazy\" decoding=\"async\" class=\"size-full wp-image-81780 aligncenter\" src=\"https:\/\/www.incorectpolitic.com\/wp-content\/uploads\/2026\/06\/eroul.png\" alt width=\"956\" height=\"967\" data-eio=\"l\"><\/div>\n<article class=\"post-80361 post type-post status-publish entry includes-feat-image\">\n<div class=\"featured-image alignleft\"><a class=\"featured_post_link\" href=\"https:\/\/www.incorectpolitic.com\/ultimul-fiu-al-daciei\/\" title=\"Ultimul Fiu al Daciei\"><img loading=\"lazy\" decoding=\"async\" width=\"100\" height=\"150\" src=\"https:\/\/www.incorectpolitic.com\/wp-content\/uploads\/2025\/10\/dac.jpeg\" class=\"attachment-thumbnail size-thumbnail wp-post-image lazyload\" alt><img loading=\"lazy\" decoding=\"async\" width=\"100\" height=\"150\" src=\"https:\/\/www.incorectpolitic.com\/wp-content\/uploads\/2025\/10\/dac.jpeg\" class=\"attachment-thumbnail size-thumbnail wp-post-image\" alt data-eio=\"l\"><\/a><\/div>\n<div class=\"entry-title\"><a class=\"featured_post_link\" href=\"https:\/\/www.incorectpolitic.com\/ultimul-fiu-al-daciei\/\" title=\"Ultimul Fiu al Daciei\">Ultimul Fiu al Daciei<\/a><\/div>\n<\/article>\n<article class=\"post-73927 post type-post status-publish entry includes-feat-image\">\n<div class=\"featured-image alignleft\"><a class=\"featured_post_link\" href=\"https:\/\/www.incorectpolitic.com\/cauzele-si-dinamica-antisemitismului\/\" title=\"Cauzele \u0219i Dinamica Antisemitismului\"><img loading=\"lazy\" decoding=\"async\" width=\"150\" height=\"150\" src=\"https:\/\/www.incorectpolitic.com\/wp-content\/uploads\/2018\/09\/bolshevik-jews-150x150.jpg\" class=\"attachment-thumbnail size-thumbnail wp-post-image lazyload\" alt><img loading=\"lazy\" decoding=\"async\" width=\"150\" height=\"150\" src=\"https:\/\/www.incorectpolitic.com\/wp-content\/uploads\/2018\/09\/bolshevik-jews-150x150.jpg\" class=\"attachment-thumbnail size-thumbnail wp-post-image\" alt data-eio=\"l\"><\/a><\/div>\n<div class=\"entry-title\"><a class=\"featured_post_link\" href=\"https:\/\/www.incorectpolitic.com\/cauzele-si-dinamica-antisemitismului\/\" title=\"Cauzele \u0219i Dinamica Antisemitismului\">Cauzele \u0219i Dinamica Antisemitismului<\/a><\/div>\n<\/article>\n<article class=\"post-72974 post type-post status-publish entry includes-feat-image\">\n<div class=\"featured-image alignleft\"><a class=\"featured_post_link\" href=\"https:\/\/www.incorectpolitic.com\/navalirea-jidanilor-de-vasile-alecsandri-piesa-interzisa\/\" title=\"N\u0103v\u0103lirea Jidanilor \u2013 de Vasile Alecsandri (Pies\u0103 interzis\u0103)\"><img loading=\"lazy\" decoding=\"async\" width=\"150\" height=\"150\" src=\"https:\/\/www.incorectpolitic.com\/wp-content\/uploads\/2024\/02\/jidani-navalire-2.png\" class=\"attachment-thumbnail size-thumbnail wp-post-image lazyload\" alt><img loading=\"lazy\" decoding=\"async\" width=\"150\" height=\"150\" src=\"https:\/\/www.incorectpolitic.com\/wp-content\/uploads\/2024\/02\/jidani-navalire-2.png\" class=\"attachment-thumbnail size-thumbnail wp-post-image\" alt data-eio=\"l\"><\/a><\/div>\n<div class=\"entry-title\"><a class=\"featured_post_link\" href=\"https:\/\/www.incorectpolitic.com\/navalirea-jidanilor-de-vasile-alecsandri-piesa-interzisa\/\" title=\"N\u0103v\u0103lirea Jidanilor \u2013 de Vasile Alecsandri (Pies\u0103 interzis\u0103)\">N\u0103v\u0103lirea Jidanilor \u2013 de Vasile Alecsandri (Pies\u0103 interzis\u0103)<\/a><\/div>\n<\/article>\n<article class=\"post-71879 post type-post status-publish entry includes-feat-image\">\n<div class=\"featured-image alignleft\"><a class=\"featured_post_link\" href=\"https:\/\/www.incorectpolitic.com\/europa-si-romania-in-anul-2050\/\" title=\"Europa \u0219i Rom\u00e2nia \u00een anul 2050\"><img loading=\"lazy\" decoding=\"async\" width=\"147\" height=\"150\" src=\"https:\/\/www.incorectpolitic.com\/wp-content\/uploads\/2024\/01\/Romania-2050-2.png\" class=\"attachment-thumbnail size-thumbnail wp-post-image lazyload\" alt><img loading=\"lazy\" decoding=\"async\" width=\"147\" height=\"150\" src=\"https:\/\/www.incorectpolitic.com\/wp-content\/uploads\/2024\/01\/Romania-2050-2.png\" class=\"attachment-thumbnail size-thumbnail wp-post-image\" alt data-eio=\"l\"><\/a><\/div>\n<div class=\"entry-title\"><a class=\"featured_post_link\" href=\"https:\/\/www.incorectpolitic.com\/europa-si-romania-in-anul-2050\/\" title=\"Europa \u0219i Rom\u00e2nia \u00een anul 2050\">Europa \u0219i Rom\u00e2nia \u00een anul 2050<\/a><\/div>\n<\/article>\n<article class=\"post-23854 post type-post status-publish entry includes-feat-image\">\n<div class=\"featured-image alignleft\"><a class=\"featured_post_link\" href=\"https:\/\/www.incorectpolitic.com\/vizita-papei-autonomie-alternativa\/\" title=\"Vizita Papei \u2013 Autonomie Alternativ\u0103\"><img loading=\"lazy\" decoding=\"async\" width=\"150\" height=\"150\" class=\"attachment-thumbnail size-thumbnail wp-post-image lazyload\" alt src=\"https:\/\/www.incorectpolitic.com\/wp-content\/uploads\/2019\/06\/uI2HFtR-150x150.jpg\"><img loading=\"lazy\" decoding=\"async\" width=\"150\" height=\"150\" src=\"https:\/\/www.incorectpolitic.com\/wp-content\/uploads\/2019\/06\/uI2HFtR-150x150.jpg\" class=\"attachment-thumbnail size-thumbnail wp-post-image\" alt data-eio=\"l\"><\/a><\/div>\n<div class=\"entry-title\"><a class=\"featured_post_link\" href=\"https:\/\/www.incorectpolitic.com\/vizita-papei-autonomie-alternativa\/\" title=\"Vizita Papei \u2013 Autonomie Alternativ\u0103\">Vizita Papei \u2013 Autonomie Alternativ\u0103<\/a><\/div>\n<\/article>\n<article class=\"post-72111 post type-post status-publish entry includes-feat-image\">\n<div class=\"featured-image alignleft\"><a class=\"featured_post_link\" href=\"https:\/\/www.incorectpolitic.com\/revelion-2023-2024-vine-anul-biruintei\/\" title=\"Revelion 2023 \u2013 2024 vine ANUL BIRUIN\u021aEI\"><img loading=\"lazy\" decoding=\"async\" width=\"150\" height=\"150\" src=\"https:\/\/www.incorectpolitic.com\/wp-content\/uploads\/2023\/12\/anul-biruintei.png\" class=\"attachment-thumbnail size-thumbnail wp-post-image lazyload\" alt><img loading=\"lazy\" decoding=\"async\" width=\"150\" height=\"150\" src=\"https:\/\/www.incorectpolitic.com\/wp-content\/uploads\/2023\/12\/anul-biruintei.png\" class=\"attachment-thumbnail size-thumbnail wp-post-image\" alt data-eio=\"l\"><\/a><\/div>\n<div class=\"entry-title\"><a class=\"featured_post_link\" href=\"https:\/\/www.incorectpolitic.com\/revelion-2023-2024-vine-anul-biruintei\/\" title=\"Revelion 2023 \u2013 2024 vine ANUL BIRUIN\u021aEI\">Revelion 2023 \u2013 2024 vine ANUL BIRUIN\u021aEI<\/a><\/div>\n<\/article>\n<article class=\"post-50139 post type-post status-publish entry includes-feat-image\">\n<div class=\"featured-image alignleft\"><a class=\"featured_post_link\" href=\"https:\/\/www.incorectpolitic.com\/analiza-strategiei-adoptata-de-guvern-pentru-combaterea-antisemitismului-xenofobiei-si-discursului-instigator-la-ura-2021-2023\/\" title=\"Analiza Strategiei Adoptat\u0103 de Guvern Pentru Combaterea \u201cantisemitismului, xenofobiei \u0219i discursului instigator la ur\u0103 2021-2023\u201d\"><img loading=\"lazy\" decoding=\"async\" width=\"150\" height=\"150\" src=\"https:\/\/www.incorectpolitic.com\/wp-content\/uploads\/2019\/08\/Jewish-censorship-e1421273251759-2-150x150.jpg\" class=\"attachment-thumbnail size-thumbnail wp-post-image lazyload\" alt><img loading=\"lazy\" decoding=\"async\" width=\"150\" height=\"150\" src=\"https:\/\/www.incorectpolitic.com\/wp-content\/uploads\/2019\/08\/Jewish-censorship-e1421273251759-2-150x150.jpg\" class=\"attachment-thumbnail size-thumbnail wp-post-image\" alt data-eio=\"l\"><\/a><\/div>\n<div class=\"entry-title\"><a class=\"featured_post_link\" href=\"https:\/\/www.incorectpolitic.com\/analiza-strategiei-adoptata-de-guvern-pentru-combaterea-antisemitismului-xenofobiei-si-discursului-instigator-la-ura-2021-2023\/\" title=\"Analiza Strategiei Adoptat\u0103 de Guvern Pentru Combaterea \u201cantisemitismului, xenofobiei \u0219i discursului instigator la ur\u0103 2021-2023\u201d\">Analiza Strategiei Adoptat\u0103 de Guvern Pentru Combaterea \u201cantisemitismului, xenofobiei \u0219i discursului instigator la ur\u0103 2021-2023\u201d<\/a><\/div>\n<\/article>\n<article class=\"post-70829 post type-post status-publish entry includes-feat-image\">\n<div class=\"featured-image alignleft\"><a class=\"featured_post_link\" href=\"https:\/\/www.incorectpolitic.com\/pozitia-unilaterala-a-pseudo-politicienilor-din-romania-si-a-bor-in-sustinerea-israelului-singurul-stat-terorist-din-lume-arata-ca-acestia-nu-au-o-fibra-cu-adevarat-nationala\/\" title=\"Pozi\u021bia unilateral\u0103 a pseudo politicienilor din Rom\u00e2nia \u0219i a BOR \u00een sus\u021binerea Israelului, singurul stat terorist din lume, arat\u0103 c\u0103 ace\u0219tia nu au o fibr\u0103 cu adev\u0103rat na\u021bional\u0103\"><img loading=\"lazy\" decoding=\"async\" width=\"150\" height=\"89\" src=\"https:\/\/www.incorectpolitic.com\/wp-content\/uploads\/2023\/08\/circumcision.png\" class=\"attachment-thumbnail size-thumbnail wp-post-image lazyload\" alt><img loading=\"lazy\" decoding=\"async\" width=\"150\" height=\"89\" src=\"https:\/\/www.incorectpolitic.com\/wp-content\/uploads\/2023\/08\/circumcision.png\" class=\"attachment-thumbnail size-thumbnail wp-post-image\" alt data-eio=\"l\"><\/a><\/div>\n<div class=\"entry-title\"><a class=\"featured_post_link\" href=\"https:\/\/www.incorectpolitic.com\/pozitia-unilaterala-a-pseudo-politicienilor-din-romania-si-a-bor-in-sustinerea-israelului-singurul-stat-terorist-din-lume-arata-ca-acestia-nu-au-o-fibra-cu-adevarat-nationala\/\" title=\"Pozi\u021bia unilateral\u0103 a pseudo politicienilor din Rom\u00e2nia \u0219i a BOR \u00een sus\u021binerea Israelului, singurul stat terorist din lume, arat\u0103 c\u0103 ace\u0219tia nu au o fibr\u0103 cu adev\u0103rat na\u021bional\u0103\">Pozi\u021bia unilateral\u0103 a pseudo politicienilor din Rom\u00e2nia \u0219i a BOR \u00een sus\u021binerea Israelului, singurul stat terorist din lume, arat\u0103 c\u0103 ace\u0219tia nu au o fibr\u0103 cu adev\u0103rat na\u021bional\u0103<\/a><\/div>\n<\/article>\n<article class=\"post-66937 post type-post status-publish entry includes-feat-image\">\n<div class=\"featured-image alignleft\"><a class=\"featured_post_link\" href=\"https:\/\/www.incorectpolitic.com\/agresiunea-impotriva-revizionistilor-istorici-si-efectele-linsajului-judiciar-de-la-nuremberg\/\" title=\"Agresiunea \u00eempotriva Revizioni\u0219tilor Istorici \u0219i efectele lin\u0219ajului judiciar de la Nurnberg\"><img loading=\"lazy\" decoding=\"async\" width=\"150\" height=\"100\" src=\"https:\/\/www.incorectpolitic.com\/wp-content\/uploads\/2023\/04\/image_2023-04-30_134634134.png\" class=\"attachment-thumbnail size-thumbnail wp-post-image lazyload\" alt><img loading=\"lazy\" decoding=\"async\" width=\"150\" height=\"100\" src=\"https:\/\/www.incorectpolitic.com\/wp-content\/uploads\/2023\/04\/image_2023-04-30_134634134.png\" class=\"attachment-thumbnail size-thumbnail wp-post-image\" alt data-eio=\"l\"><\/a><\/div>\n<div class=\"entry-title\"><a class=\"featured_post_link\" href=\"https:\/\/www.incorectpolitic.com\/agresiunea-impotriva-revizionistilor-istorici-si-efectele-linsajului-judiciar-de-la-nuremberg\/\" title=\"Agresiunea \u00eempotriva Revizioni\u0219tilor Istorici \u0219i efectele lin\u0219ajului judiciar de la Nurnberg\">Agresiunea \u00eempotriva Revizioni\u0219tilor Istorici \u0219i efectele lin\u0219ajului judiciar de la Nurnberg<\/a><\/div>\n<\/article>\n<article class=\"post-19111 post type-post status-publish entry includes-feat-image\">\n<div class=\"featured-image alignleft\"><a class=\"featured_post_link\" href=\"https:\/\/www.incorectpolitic.com\/despre-adevar\/\" title=\"Despre Adev\u0103r\"><img loading=\"lazy\" decoding=\"async\" width=\"150\" height=\"150\" src=\"https:\/\/www.incorectpolitic.com\/wp-content\/uploads\/2019\/02\/freedomfromchain-150x150.jpg\" class=\"attachment-thumbnail size-thumbnail wp-post-image lazyload\" alt><img loading=\"lazy\" decoding=\"async\" width=\"150\" height=\"150\" src=\"https:\/\/www.incorectpolitic.com\/wp-content\/uploads\/2019\/02\/freedomfromchain-150x150.jpg\" class=\"attachment-thumbnail size-thumbnail wp-post-image\" alt data-eio=\"l\"><\/a><\/div>\n<div class=\"entry-title\"><a class=\"featured_post_link\" href=\"https:\/\/www.incorectpolitic.com\/despre-adevar\/\" title=\"Despre Adev\u0103r\">Despre Adev\u0103r<\/a><\/div>\n<\/article>\n<article class=\"post-53767 post type-post status-publish entry includes-feat-image\">\n<div class=\"featured-image alignleft\"><a class=\"featured_post_link\" href=\"https:\/\/www.incorectpolitic.com\/dictionarul-coincidentelor-cine-sunt-iudeii-care-ne-au-influentat-tara-in-istoria-recenta\/\" title=\"DIC\u021aIONARUL COINCIDEN\u021aELOR  \u2013 Cine sunt iudeii care ne-au influen\u021bat \u021bara \u00een istoria recent\u0103\"><img loading=\"lazy\" decoding=\"async\" width=\"150\" height=\"150\" src=\"https:\/\/www.incorectpolitic.com\/wp-content\/uploads\/2021\/09\/coinc-150x150.png\" class=\"attachment-thumbnail size-thumbnail wp-post-image lazyload\" alt><img loading=\"lazy\" decoding=\"async\" width=\"150\" height=\"150\" src=\"https:\/\/www.incorectpolitic.com\/wp-content\/uploads\/2021\/09\/coinc-150x150.png\" class=\"attachment-thumbnail size-thumbnail wp-post-image\" alt data-eio=\"l\"><\/a><\/div>\n<div class=\"entry-title\"><a class=\"featured_post_link\" href=\"https:\/\/www.incorectpolitic.com\/dictionarul-coincidentelor-cine-sunt-iudeii-care-ne-au-influentat-tara-in-istoria-recenta\/\" title=\"DIC\u021aIONARUL COINCIDEN\u021aELOR  \u2013 Cine sunt iudeii care ne-au influen\u021bat \u021bara \u00een istoria recent\u0103\">DIC\u021aIONARUL COINCIDEN\u021aELOR  \u2013 Cine sunt iudeii care ne-au influen\u021bat \u021bara \u00een istoria recent\u0103<\/a><\/div>\n<\/article>\n<article class=\"post-51156 post type-post status-publish entry includes-feat-image\">\n<div class=\"featured-image alignleft\"><a class=\"featured_post_link\" href=\"https:\/\/www.incorectpolitic.com\/desertaciune-nu-aparare\/\" title=\"DE\u0218ERT\u0102CIUNE?! Nu, AP\u0102RARE!\"><img loading=\"lazy\" decoding=\"async\" width=\"150\" height=\"150\" class=\"attachment-thumbnail size-thumbnail wp-post-image lazyload\" alt src=\"https:\/\/www.incorectpolitic.com\/wp-content\/uploads\/2021\/06\/desertaciune-nu-aparare-150x150.jpg\"><img loading=\"lazy\" decoding=\"async\" width=\"150\" height=\"150\" src=\"https:\/\/www.incorectpolitic.com\/wp-content\/uploads\/2021\/06\/desertaciune-nu-aparare-150x150.jpg\" class=\"attachment-thumbnail size-thumbnail wp-post-image\" alt data-eio=\"l\"><\/a><\/div>\n<div class=\"entry-title\"><a class=\"featured_post_link\" href=\"https:\/\/www.incorectpolitic.com\/desertaciune-nu-aparare\/\" title=\"DE\u0218ERT\u0102CIUNE?! Nu, AP\u0102RARE!\">DE\u0218ERT\u0102CIUNE?! Nu, AP\u0102RARE!<\/a><\/div>\n<\/article>\n<article class=\"post-44728 post type-post status-publish entry includes-feat-image\">\n<div class=\"featured-image alignleft\"><a class=\"featured_post_link\" href=\"https:\/\/www.incorectpolitic.com\/resetarea-medicinei-sau-resetarea-omenirii-prin-nanotehnologie\/\" title=\"Resetarea Medicinei sau Resetarea Omenirii prin Nanotehnologie\"><img loading=\"lazy\" decoding=\"async\" width=\"150\" height=\"150\" src=\"https:\/\/www.incorectpolitic.com\/wp-content\/uploads\/2020\/12\/ed8a914d6d236c9d231903a8b2e79f63-150x150.gif\" class=\"attachment-thumbnail size-thumbnail wp-post-image lazyload\" alt><img loading=\"lazy\" decoding=\"async\" width=\"150\" height=\"150\" src=\"https:\/\/www.incorectpolitic.com\/wp-content\/uploads\/2020\/12\/ed8a914d6d236c9d231903a8b2e79f63-150x150.gif\" class=\"attachment-thumbnail size-thumbnail wp-post-image\" alt data-eio=\"l\"><\/a><\/div>\n<div class=\"entry-title\"><a class=\"featured_post_link\" href=\"https:\/\/www.incorectpolitic.com\/resetarea-medicinei-sau-resetarea-omenirii-prin-nanotehnologie\/\" title=\"Resetarea Medicinei sau Resetarea Omenirii prin Nanotehnologie\">Resetarea Medicinei sau Resetarea Omenirii prin Nanotehnologie<\/a><\/div>\n<\/article>\n<article class=\"post-43837 post type-post status-publish entry includes-feat-image\">\n<div class=\"featured-image alignleft\"><a class=\"featured_post_link\" href=\"https:\/\/www.incorectpolitic.com\/noul-legamant\/\" title=\"Noul Leg\u0103m\u00e2nt\"><img loading=\"lazy\" decoding=\"async\" width=\"150\" height=\"150\" src=\"https:\/\/www.incorectpolitic.com\/wp-content\/uploads\/2020\/12\/NL-150x150.jpg\" class=\"attachment-thumbnail size-thumbnail wp-post-image lazyload\" alt><img loading=\"lazy\" decoding=\"async\" width=\"150\" height=\"150\" src=\"https:\/\/www.incorectpolitic.com\/wp-content\/uploads\/2020\/12\/NL-150x150.jpg\" class=\"attachment-thumbnail size-thumbnail wp-post-image\" alt data-eio=\"l\"><\/a><\/div>\n<div class=\"entry-title\"><a class=\"featured_post_link\" href=\"https:\/\/www.incorectpolitic.com\/noul-legamant\/\" title=\"Noul Leg\u0103m\u00e2nt\">Noul Leg\u0103m\u00e2nt<\/a><\/div>\n<\/article>\n<article class=\"post-42525 post type-post status-publish entry includes-feat-image\">\n<div class=\"featured-image alignleft\"><a class=\"featured_post_link\" href=\"https:\/\/www.incorectpolitic.com\/vaccinarea-inseamna-crima-un-atentat-la-sanatatea-personala-la-integritatea-corporala-si-intimitatea-oricarui-om-liber-medicul-ce-vaccineaza-cu-forta-un-om-liber-merita-sa-fie-pedepsit-de-acesta\/\" title=\"Vaccinarea \u00eenseamn\u0103 crim\u0103, un atentat la s\u0103n\u0103tatea personal\u0103, la integritatea corporal\u0103 \u0219i intimitatea oric\u0103rui om liber. Medicul ce vaccineaz\u0103 cu for\u021ba un om liber merit\u0103 s\u0103 fie pedepsit de acesta\"><img loading=\"lazy\" decoding=\"async\" width=\"150\" height=\"150\" src=\"https:\/\/www.incorectpolitic.com\/wp-content\/uploads\/2020\/11\/syringe_0-150x150.jpg\" class=\"attachment-thumbnail size-thumbnail wp-post-image lazyload\" alt><img loading=\"lazy\" decoding=\"async\" width=\"150\" height=\"150\" src=\"https:\/\/www.incorectpolitic.com\/wp-content\/uploads\/2020\/11\/syringe_0-150x150.jpg\" class=\"attachment-thumbnail size-thumbnail wp-post-image\" alt data-eio=\"l\"><\/a><\/div>\n<div class=\"entry-title\"><a class=\"featured_post_link\" href=\"https:\/\/www.incorectpolitic.com\/vaccinarea-inseamna-crima-un-atentat-la-sanatatea-personala-la-integritatea-corporala-si-intimitatea-oricarui-om-liber-medicul-ce-vaccineaza-cu-forta-un-om-liber-merita-sa-fie-pedepsit-de-acesta\/\" title=\"Vaccinarea \u00eenseamn\u0103 crim\u0103, un atentat la s\u0103n\u0103tatea personal\u0103, la integritatea corporal\u0103 \u0219i intimitatea oric\u0103rui om liber. Medicul ce vaccineaz\u0103 cu for\u021ba un om liber merit\u0103 s\u0103 fie pedepsit de acesta\">Vaccinarea \u00eenseamn\u0103 crim\u0103, un atentat la s\u0103n\u0103tatea personal\u0103, la integritatea corporal\u0103 \u0219i intimitatea oric\u0103rui om liber. Medicul ce vaccineaz\u0103 cu for\u021ba un om liber merit\u0103 s\u0103 fie pedepsit de acesta<\/a><\/div>\n<\/article>\n<article class=\"post-38338 post type-post status-publish entry includes-feat-image\">\n<div class=\"featured-image alignleft\"><a class=\"featured_post_link\" href=\"https:\/\/www.incorectpolitic.com\/trebuie-sa-distrugem-suprematia-jidoveasca\/\" title=\"Trebuie s\u0103 distrugem superma\u021bia jidoveasc\u0103!\"><img loading=\"lazy\" decoding=\"async\" width=\"150\" height=\"150\" src=\"https:\/\/www.incorectpolitic.com\/wp-content\/uploads\/2018\/11\/GunoiOPS-150x150.png\" class=\"attachment-thumbnail size-thumbnail wp-post-image lazyload\" alt><img loading=\"lazy\" decoding=\"async\" width=\"150\" height=\"150\" src=\"https:\/\/www.incorectpolitic.com\/wp-content\/uploads\/2018\/11\/GunoiOPS-150x150.png\" class=\"attachment-thumbnail size-thumbnail wp-post-image\" alt data-eio=\"l\"><\/a><\/div>\n<div class=\"entry-title\"><a class=\"featured_post_link\" href=\"https:\/\/www.incorectpolitic.com\/trebuie-sa-distrugem-suprematia-jidoveasca\/\" title=\"Trebuie s\u0103 distrugem superma\u021bia jidoveasc\u0103!\">Trebuie s\u0103 distrugem superma\u021bia jidoveasc\u0103!<\/a><\/div>\n<\/article>\n<article class=\"post-30776 post type-post status-publish entry includes-feat-image\">\n<div class=\"featured-image alignleft\"><a class=\"featured_post_link\" href=\"https:\/\/www.incorectpolitic.com\/da-ti-doua-palme-si-ridica-te\/\" title=\"D\u0103-\u021bi Dou\u0103 Palme \u0219i Ridic\u0103-te\"><img loading=\"lazy\" decoding=\"async\" width=\"150\" height=\"150\" src=\"https:\/\/www.incorectpolitic.com\/wp-content\/uploads\/2019\/11\/1-mai-620x350-150x150.jpg\" class=\"attachment-thumbnail size-thumbnail wp-post-image lazyload\" alt><img loading=\"lazy\" decoding=\"async\" width=\"150\" height=\"150\" src=\"https:\/\/www.incorectpolitic.com\/wp-content\/uploads\/2019\/11\/1-mai-620x350-150x150.jpg\" class=\"attachment-thumbnail size-thumbnail wp-post-image\" alt data-eio=\"l\"><\/a><\/div>\n<div class=\"entry-title\"><a class=\"featured_post_link\" href=\"https:\/\/www.incorectpolitic.com\/da-ti-doua-palme-si-ridica-te\/\" title=\"D\u0103-\u021bi Dou\u0103 Palme \u0219i Ridic\u0103-te\">D\u0103-\u021bi Dou\u0103 Palme \u0219i Ridic\u0103-te<\/a><\/div>\n<\/article>\n<article class=\"post-27862 post type-post status-publish entry includes-feat-image\">\n<div class=\"featured-image alignleft\"><a class=\"featured_post_link\" href=\"https:\/\/www.incorectpolitic.com\/scrisoare-deschisa-catre-neamul-romanesc\/\" title=\"Scrisoare Deschis\u0103 C\u0103tre Neamul Rom\u00e2nesc\"><img loading=\"lazy\" decoding=\"async\" width=\"150\" height=\"150\" src=\"https:\/\/www.incorectpolitic.com\/wp-content\/uploads\/2019\/09\/videoblocks-male-hand-reload-a-revolver-magnum-gun-without-bullets-magnum-revolver-and-empty-bullet-magnum-lead-round-nose-45-auto-rim-revolver-rounds_ha1focujz_thumbnail-full01-150x150.jpg\" class=\"attachment-thumbnail size-thumbnail wp-post-image lazyload\" alt><img loading=\"lazy\" decoding=\"async\" width=\"150\" height=\"150\" src=\"https:\/\/www.incorectpolitic.com\/wp-content\/uploads\/2019\/09\/videoblocks-male-hand-reload-a-revolver-magnum-gun-without-bullets-magnum-revolver-and-empty-bullet-magnum-lead-round-nose-45-auto-rim-revolver-rounds_ha1focujz_thumbnail-full01-150x150.jpg\" class=\"attachment-thumbnail size-thumbnail wp-post-image\" alt data-eio=\"l\"><\/a><\/div>\n<div class=\"entry-title\"><a class=\"featured_post_link\" href=\"https:\/\/www.incorectpolitic.com\/scrisoare-deschisa-catre-neamul-romanesc\/\" title=\"Scrisoare Deschis\u0103 C\u0103tre Neamul Rom\u00e2nesc\">Scrisoare Deschis\u0103 C\u0103tre Neamul Rom\u00e2nesc<\/a><\/div>\n<\/article>\n<article class=\"post-26255 post type-post status-publish entry includes-feat-image\">\n<div class=\"featured-image alignleft\"><a class=\"featured_post_link\" href=\"https:\/\/www.incorectpolitic.com\/sociologia-eliberarii-si-curentele-laterale-de-sedimentare-revolutionara\/\" title=\"Sociologia Eliber\u0103rii \u0219i Curentele Laterale de Sedimentare Revolu\u021bionar\u0103\"><img loading=\"lazy\" decoding=\"async\" width=\"150\" height=\"150\" src=\"https:\/\/www.incorectpolitic.com\/wp-content\/uploads\/2020\/12\/nm3-150x150.png\" class=\"attachment-thumbnail size-thumbnail wp-post-image lazyload\" alt><img loading=\"lazy\" decoding=\"async\" width=\"150\" height=\"150\" src=\"https:\/\/www.incorectpolitic.com\/wp-content\/uploads\/2020\/12\/nm3-150x150.png\" class=\"attachment-thumbnail size-thumbnail wp-post-image\" alt data-eio=\"l\"><\/a><\/div>\n<div class=\"entry-title\"><a class=\"featured_post_link\" href=\"https:\/\/www.incorectpolitic.com\/sociologia-eliberarii-si-curentele-laterale-de-sedimentare-revolutionara\/\" title=\"Sociologia Eliber\u0103rii \u0219i Curentele Laterale de Sedimentare Revolu\u021bionar\u0103\">Sociologia Eliber\u0103rii \u0219i Curentele Laterale de Sedimentare Revolu\u021bionar\u0103<\/a><\/div>\n<\/article>\n<article class=\"post-21977 post type-post status-publish entry includes-feat-image\">\n<div class=\"featured-image alignleft\"><a class=\"featured_post_link\" href=\"https:\/\/www.incorectpolitic.com\/impotriva-fatalismului\/\" title=\"\u00cempotriva Fatalismului\"><img loading=\"lazy\" decoding=\"async\" width=\"150\" height=\"150\" src=\"https:\/\/www.incorectpolitic.com\/wp-content\/uploads\/2019\/04\/thumb-150x150.jpg\" class=\"attachment-thumbnail size-thumbnail wp-post-image lazyload\" alt><img loading=\"lazy\" decoding=\"async\" width=\"150\" height=\"150\" src=\"https:\/\/www.incorectpolitic.com\/wp-content\/uploads\/2019\/04\/thumb-150x150.jpg\" class=\"attachment-thumbnail size-thumbnail wp-post-image\" alt data-eio=\"l\"><\/a><\/div>\n<div class=\"entry-title\"><a class=\"featured_post_link\" href=\"https:\/\/www.incorectpolitic.com\/impotriva-fatalismului\/\" title=\"\u00cempotriva Fatalismului\">\u00cempotriva Fatalismului<\/a><\/div>\n<\/article>\n<article class=\"post-20844 post type-post status-publish entry includes-feat-image\">\n<div class=\"featured-image alignleft\"><a class=\"featured_post_link\" href=\"https:\/\/www.incorectpolitic.com\/inceputul-etapei-post-globaliste-mass-media-ultimul-obstacol\/\" title=\"\u00cenceputul Etapei Post-Globaliste \u2013  Mass Media Ultimul Obstacol\"><img loading=\"lazy\" decoding=\"async\" width=\"150\" height=\"150\" src=\"https:\/\/www.incorectpolitic.com\/wp-content\/uploads\/2019\/03\/https___cdn.cnn_.com_cnnnext_dam_assets_181202123002-yellow-vest-protest-150x150.jpg\" class=\"attachment-thumbnail size-thumbnail wp-post-image lazyload\" alt><img loading=\"lazy\" decoding=\"async\" width=\"150\" height=\"150\" src=\"https:\/\/www.incorectpolitic.com\/wp-content\/uploads\/2019\/03\/https___cdn.cnn_.com_cnnnext_dam_assets_181202123002-yellow-vest-protest-150x150.jpg\" class=\"attachment-thumbnail size-thumbnail wp-post-image\" alt data-eio=\"l\"><\/a><\/div>\n<div class=\"entry-title\"><a class=\"featured_post_link\" href=\"https:\/\/www.incorectpolitic.com\/inceputul-etapei-post-globaliste-mass-media-ultimul-obstacol\/\" title=\"\u00cenceputul Etapei Post-Globaliste \u2013  Mass Media Ultimul Obstacol\">\u00cenceputul Etapei Post-Globaliste \u2013  Mass Media Ultimul Obstacol<\/a><\/div>\n<\/article>\n<article class=\"post-19704 post type-post status-publish entry includes-feat-image\">\n<div class=\"featured-image alignleft\"><a class=\"featured_post_link\" href=\"https:\/\/www.incorectpolitic.com\/mlastina-mass-media-serial-complet\/\" title=\"Mla\u0219tina Mass Media  \u2013 Serial Complet\"><img loading=\"lazy\" decoding=\"async\" width=\"150\" height=\"150\" src=\"https:\/\/www.incorectpolitic.com\/wp-content\/uploads\/2018\/06\/colaj-modificat-1-768x278-150x150.jpg\" class=\"attachment-thumbnail size-thumbnail wp-post-image lazyload\" alt><img loading=\"lazy\" decoding=\"async\" width=\"150\" height=\"150\" src=\"https:\/\/www.incorectpolitic.com\/wp-content\/uploads\/2018\/06\/colaj-modificat-1-768x278-150x150.jpg\" class=\"attachment-thumbnail size-thumbnail wp-post-image\" alt data-eio=\"l\"><\/a><\/div>\n<div class=\"entry-title\"><a class=\"featured_post_link\" href=\"https:\/\/www.incorectpolitic.com\/mlastina-mass-media-serial-complet\/\" title=\"Mla\u0219tina Mass Media  \u2013 Serial Complet\">Mla\u0219tina Mass Media  \u2013 Serial Complet<\/a><\/div>\n<\/article>\n<article class=\"post-5104 post type-post status-publish entry includes-feat-image\">\n<div class=\"featured-image alignleft\"><a class=\"featured_post_link\" href=\"https:\/\/www.incorectpolitic.com\/momentul-1937\/\" title=\"Momentul 1937\"><img loading=\"lazy\" decoding=\"async\" width=\"150\" height=\"150\" src=\"https:\/\/www.incorectpolitic.com\/wp-content\/uploads\/2018\/03\/capitanul-codreanu2003a-150x150.jpg\" class=\"attachment-thumbnail size-thumbnail wp-post-image lazyload\" alt><img loading=\"lazy\" decoding=\"async\" width=\"150\" height=\"150\" src=\"https:\/\/www.incorectpolitic.com\/wp-content\/uploads\/2018\/03\/capitanul-codreanu2003a-150x150.jpg\" class=\"attachment-thumbnail size-thumbnail wp-post-image\" alt data-eio=\"l\"><\/a><\/div>\n<div class=\"entry-title\"><a class=\"featured_post_link\" href=\"https:\/\/www.incorectpolitic.com\/momentul-1937\/\" title=\"Momentul 1937\">Momentul 1937<\/a><\/div>\n<\/article>\n<article class=\"post-16914 post type-post status-publish entry includes-feat-image\">\n<div class=\"featured-image alignleft\"><a class=\"featured_post_link\" href=\"https:\/\/www.incorectpolitic.com\/portretul-romanului-iudeo-crestin\/\" title=\"Portretul Rom\u00e2nului Iudeo-Cre\u0219tin Iubitor de Infanticid\"><img loading=\"lazy\" decoding=\"async\" width=\"150\" height=\"150\" src=\"https:\/\/www.incorectpolitic.com\/wp-content\/uploads\/2019\/01\/venn-150x150.jpg\" class=\"attachment-thumbnail size-thumbnail wp-post-image lazyload\" alt><img loading=\"lazy\" decoding=\"async\" width=\"150\" height=\"150\" src=\"https:\/\/www.incorectpolitic.com\/wp-content\/uploads\/2019\/01\/venn-150x150.jpg\" class=\"attachment-thumbnail size-thumbnail wp-post-image\" alt data-eio=\"l\"><\/a><\/div>\n<div class=\"entry-title\"><a class=\"featured_post_link\" href=\"https:\/\/www.incorectpolitic.com\/portretul-romanului-iudeo-crestin\/\" title=\"Portretul Rom\u00e2nului Iudeo-Cre\u0219tin Iubitor de Infanticid\">Portretul Rom\u00e2nului Iudeo-Cre\u0219tin Iubitor de Infanticid<\/a><\/div>\n<\/article>\n<article class=\"post-13899 post type-post status-publish entry includes-feat-image\">\n<div class=\"featured-image alignleft\"><a class=\"featured_post_link\" href=\"https:\/\/www.incorectpolitic.com\/manifest-impotriva-national-sionismului\/\" title=\"Manifest \u00cempotriva Na\u021bional-Sionismului din Rom\u00e2nia\"><img loading=\"lazy\" decoding=\"async\" width=\"150\" height=\"150\" src=\"https:\/\/www.incorectpolitic.com\/wp-content\/uploads\/2018\/10\/z1-150x150.png\" class=\"attachment-thumbnail size-thumbnail wp-post-image lazyload\" alt><img loading=\"lazy\" decoding=\"async\" width=\"150\" height=\"150\" src=\"https:\/\/www.incorectpolitic.com\/wp-content\/uploads\/2018\/10\/z1-150x150.png\" class=\"attachment-thumbnail size-thumbnail wp-post-image\" alt data-eio=\"l\"><\/a><\/div>\n<div class=\"entry-title\"><a class=\"featured_post_link\" href=\"https:\/\/www.incorectpolitic.com\/manifest-impotriva-national-sionismului\/\" title=\"Manifest \u00cempotriva Na\u021bional-Sionismului din Rom\u00e2nia\">Manifest \u00cempotriva Na\u021bional-Sionismului din Rom\u00e2nia<\/a><\/div>\n<\/article>\n<article class=\"post-7498 post type-post status-publish entry includes-feat-image\">\n<div class=\"featured-image alignleft\"><a class=\"featured_post_link\" href=\"https:\/\/www.incorectpolitic.com\/istorie-zydokomuna-cea-mai-completa-lista-a-nomenclaturii-iudeo-bolsevice-din-romania\/\" title=\"Istorie: \u017bYDOKOMUNA, Cea Mai Complet\u0103 List\u0103 a Nomenclaturii Iudeo-Bol\u0219evice din Rom\u00e2nia\"><img loading=\"lazy\" decoding=\"async\" width=\"150\" height=\"150\" src=\"https:\/\/www.incorectpolitic.com\/wp-content\/uploads\/2018\/06\/holocaustul-rosu-150x150.jpg\" class=\"attachment-thumbnail size-thumbnail wp-post-image lazyload\" alt><img loading=\"lazy\" decoding=\"async\" width=\"150\" height=\"150\" src=\"https:\/\/www.incorectpolitic.com\/wp-content\/uploads\/2018\/06\/holocaustul-rosu-150x150.jpg\" class=\"attachment-thumbnail size-thumbnail wp-post-image\" alt data-eio=\"l\"><\/a><\/div>\n<div class=\"entry-title\"><a class=\"featured_post_link\" href=\"https:\/\/www.incorectpolitic.com\/istorie-zydokomuna-cea-mai-completa-lista-a-nomenclaturii-iudeo-bolsevice-din-romania\/\" title=\"Istorie: \u017bYDOKOMUNA, Cea Mai Complet\u0103 List\u0103 a Nomenclaturii Iudeo-Bol\u0219evice din Rom\u00e2nia\">Istorie: \u017bYDOKOMUNA, Cea Mai Complet\u0103 List\u0103 a Nomenclaturii Iudeo-Bol\u0219evice din Rom\u00e2nia<\/a><\/div>\n<\/article>\n<article class=\"post-6413 post type-post status-publish entry includes-feat-image\">\n<div class=\"featured-image alignleft\"><a class=\"featured_post_link\" href=\"https:\/\/www.incorectpolitic.com\/iudaismul-este-un-proiect-politic\/\" title=\"Iudaismul Este Un Proiect Politic\"><img loading=\"lazy\" decoding=\"async\" width=\"150\" height=\"150\" src=\"https:\/\/www.incorectpolitic.com\/wp-content\/uploads\/2018\/05\/israelzionismjudaism5-150x150.jpeg\" class=\"attachment-thumbnail size-thumbnail wp-post-image lazyload\" alt><img loading=\"lazy\" decoding=\"async\" width=\"150\" height=\"150\" src=\"https:\/\/www.incorectpolitic.com\/wp-content\/uploads\/2018\/05\/israelzionismjudaism5-150x150.jpeg\" class=\"attachment-thumbnail size-thumbnail wp-post-image\" alt data-eio=\"l\"><\/a><\/div>\n<div class=\"entry-title\"><a class=\"featured_post_link\" href=\"https:\/\/www.incorectpolitic.com\/iudaismul-este-un-proiect-politic\/\" title=\"Iudaismul Este Un Proiect Politic\">Iudaismul Este Un Proiect Politic<\/a><\/div>\n<\/article>\n<article class=\"post-5089 post type-post status-publish entry includes-feat-image\">\n<div class=\"featured-image alignleft\"><a class=\"featured_post_link\" href=\"https:\/\/www.incorectpolitic.com\/exploziv-si-excluziv-interviul-interzis-in-presa-romaneasca\/\" title=\"EXPLOZIV \u0218I EXCLUSIV: Interviul INTERZIS \u00een Presa Rom\u00e2neasc\u0103\"><img loading=\"lazy\" decoding=\"async\" width=\"150\" height=\"150\" src=\"https:\/\/www.incorectpolitic.com\/wp-content\/uploads\/2018\/03\/gscz6z-150x150.gif\" class=\"attachment-thumbnail size-thumbnail wp-post-image lazyload\" alt><img loading=\"lazy\" decoding=\"async\" width=\"150\" height=\"150\" src=\"https:\/\/www.incorectpolitic.com\/wp-content\/uploads\/2018\/03\/gscz6z-150x150.gif\" class=\"attachment-thumbnail size-thumbnail wp-post-image\" alt data-eio=\"l\"><\/a><\/div>\n<div class=\"entry-title\"><a class=\"featured_post_link\" href=\"https:\/\/www.incorectpolitic.com\/exploziv-si-excluziv-interviul-interzis-in-presa-romaneasca\/\" title=\"EXPLOZIV \u0218I EXCLUSIV: Interviul INTERZIS \u00een Presa Rom\u00e2neasc\u0103\">EXPLOZIV \u0218I EXCLUSIV: Interviul INTERZIS \u00een Presa Rom\u00e2neasc\u0103<\/a><\/div>\n<\/article>\n<article class=\"post-1109 post type-post status-publish entry includes-feat-image\">\n<div class=\"featured-image alignleft\"><a class=\"featured_post_link\" href=\"https:\/\/www.incorectpolitic.com\/ofensiva-spirituala-poloniei\/\" title=\"Ofensiva Spiritual\u0103 a Poloniei\"><img loading=\"lazy\" decoding=\"async\" width=\"150\" height=\"150\" src=\"https:\/\/www.incorectpolitic.com\/wp-content\/uploads\/2017\/10\/jesus-with-whip3-150x150.jpg\" class=\"attachment-thumbnail size-thumbnail wp-post-image lazyload\" alt><img loading=\"lazy\" decoding=\"async\" width=\"150\" height=\"150\" src=\"https:\/\/www.incorectpolitic.com\/wp-content\/uploads\/2017\/10\/jesus-with-whip3-150x150.jpg\" class=\"attachment-thumbnail size-thumbnail wp-post-image\" alt data-eio=\"l\"><\/a><\/div>\n<div class=\"entry-title\"><a class=\"featured_post_link\" href=\"https:\/\/www.incorectpolitic.com\/ofensiva-spirituala-poloniei\/\" title=\"Ofensiva Spiritual\u0103 a Poloniei\">Ofensiva Spiritual\u0103 a Poloniei<\/a><\/div>\n<\/article>\n<article class=\"post-5673 post type-post status-publish entry includes-feat-image\">\n<div class=\"featured-image alignleft\"><a class=\"featured_post_link\" href=\"https:\/\/www.incorectpolitic.com\/biciul-prigonirii-romanilor-este-in-mana-jidanilor\/\" title=\"Biciul Prigonirii Rom\u00e2nilor Este \u00een M\u00e2na Jidanilor!\"><img loading=\"lazy\" decoding=\"async\" width=\"150\" height=\"150\" src=\"https:\/\/www.incorectpolitic.com\/wp-content\/uploads\/2018\/04\/S.-Vexler-si-B.-Netanyahu-150x150.jpg\" class=\"attachment-thumbnail size-thumbnail wp-post-image lazyload\" alt><img loading=\"lazy\" decoding=\"async\" width=\"150\" height=\"150\" src=\"https:\/\/www.incorectpolitic.com\/wp-content\/uploads\/2018\/04\/S.-Vexler-si-B.-Netanyahu-150x150.jpg\" class=\"attachment-thumbnail size-thumbnail wp-post-image\" alt data-eio=\"l\"><\/a><\/div>\n<div class=\"entry-title\"><a class=\"featured_post_link\" href=\"https:\/\/www.incorectpolitic.com\/biciul-prigonirii-romanilor-este-in-mana-jidanilor\/\" title=\"Biciul Prigonirii Rom\u00e2nilor Este \u00een M\u00e2na Jidanilor!\">Biciul Prigonirii Rom\u00e2nilor Este \u00een M\u00e2na Jidanilor!<\/a><\/div>\n<\/article>\n<article class=\"post-80464 post type-post status-publish entry includes-feat-image\">\n<div class=\"featured-image alignleft\"><a class=\"featured_post_link\" href=\"https:\/\/www.incorectpolitic.com\/talmudismul-este-esenta-satanismului\/\" title=\"TALMUDISMUL ESTE ESEN\u021aA SATANISMULUI\"><img loading=\"lazy\" decoding=\"async\" width=\"150\" height=\"150\" src=\"https:\/\/www.incorectpolitic.com\/wp-content\/uploads\/2020\/02\/vasile-zarnescu-150x150.png\" class=\"attachment-thumbnail size-thumbnail wp-post-image lazyload\" alt><img loading=\"lazy\" decoding=\"async\" width=\"150\" height=\"150\" src=\"https:\/\/www.incorectpolitic.com\/wp-content\/uploads\/2020\/02\/vasile-zarnescu-150x150.png\" class=\"attachment-thumbnail size-thumbnail wp-post-image\" alt data-eio=\"l\"><\/a><\/div>\n<div class=\"entry-title\"><a class=\"featured_post_link\" href=\"https:\/\/www.incorectpolitic.com\/talmudismul-este-esenta-satanismului\/\" title=\"TALMUDISMUL ESTE ESEN\u021aA SATANISMULUI\">TALMUDISMUL ESTE ESEN\u021aA SATANISMULUI<\/a><\/div>\n<\/article>\n<article class=\"post-20005 post type-post status-publish entry includes-feat-image\">\n<div class=\"featured-image alignleft\"><a class=\"featured_post_link\" href=\"https:\/\/www.incorectpolitic.com\/viciul-matematic-elementar-v-m-e-2\/\" title=\"Viciul Matematic Elementar (V.M.E.)\"><img loading=\"lazy\" decoding=\"async\" width=\"150\" height=\"150\" src=\"https:\/\/www.incorectpolitic.com\/wp-content\/uploads\/2017\/12\/tell-lie-vision-150x150.jpg\" class=\"attachment-thumbnail size-thumbnail wp-post-image lazyload\" alt><img loading=\"lazy\" decoding=\"async\" width=\"150\" height=\"150\" src=\"https:\/\/www.incorectpolitic.com\/wp-content\/uploads\/2017\/12\/tell-lie-vision-150x150.jpg\" class=\"attachment-thumbnail size-thumbnail wp-post-image\" alt data-eio=\"l\"><\/a><\/div>\n<div class=\"entry-title\"><a class=\"featured_post_link\" href=\"https:\/\/www.incorectpolitic.com\/viciul-matematic-elementar-v-m-e-2\/\" title=\"Viciul Matematic Elementar (V.M.E.)\">Viciul Matematic Elementar (V.M.E.)<\/a><\/div>\n<\/article>\n<p>[analyse_source url=&#8221;https:\/\/www.incorectpolitic.com\/sa-sfarsim-odata-cu-resemnarea-invinsului\/&#8221;]<\/p>\n","protected":false},"excerpt":{"rendered":"<p>[analyse_image type=&#8221;featured&#8221; src=&#8221;https:\/\/www.incorectpolitic.com\/wp-content\/uploads\/2026\/06\/eroul.png&#8221;] Sterie CiumettiIncorect Politic Iunie 10, 2026 S\u0103 sf\u00e2r\u0219im odat\u0103 cu resemnarea \u00eenvinsului \u201eTrebuiesc deci f\u0103r\u0103 fric\u0103 \u0219i f\u0103r\u0103 \u0219ov\u0103ire extirpate vechile moravuri gangrenoase \u0219i obiceiurile p\u0103c\u0103toase care paralizeaz\u0103 centrele nervoase ale personalit\u0103\u021bii rom\u00e2ne\u0219ti. Rom\u00e2nul de azi are o fobie, o repulsiune boln\u0103vicioas\u0103 fa\u021b\u0103 de orice opunere sau ciocnire mai violent\u0103 cu adversit\u0103\u021bile [&hellip;]<\/p>\n","protected":false},"author":1,"featured_media":0,"comment_status":"open","ping_status":"","sticky":false,"template":"","format":"standard","meta":{"footnotes":""},"categories":[89],"tags":[226,95],"class_list":["post-1981822","post","type-post","status-publish","format-standard","hentry","category-romania","tag-crawlmanager","tag-incorectpolitic-com"],"_links":{"self":[{"href":"https:\/\/analyse.optim.biz\/index.php?rest_route=\/wp\/v2\/posts\/1981822","targetHints":{"allow":["GET"]}}],"collection":[{"href":"https:\/\/analyse.optim.biz\/index.php?rest_route=\/wp\/v2\/posts"}],"about":[{"href":"https:\/\/analyse.optim.biz\/index.php?rest_route=\/wp\/v2\/types\/post"}],"author":[{"embeddable":true,"href":"https:\/\/analyse.optim.biz\/index.php?rest_route=\/wp\/v2\/users\/1"}],"replies":[{"embeddable":true,"href":"https:\/\/analyse.optim.biz\/index.php?rest_route=%2Fwp%2Fv2%2Fcomments&post=1981822"}],"version-history":[{"count":0,"href":"https:\/\/analyse.optim.biz\/index.php?rest_route=\/wp\/v2\/posts\/1981822\/revisions"}],"wp:attachment":[{"href":"https:\/\/analyse.optim.biz\/index.php?rest_route=%2Fwp%2Fv2%2Fmedia&parent=1981822"}],"wp:term":[{"taxonomy":"category","embeddable":true,"href":"https:\/\/analyse.optim.biz\/index.php?rest_route=%2Fwp%2Fv2%2Fcategories&post=1981822"},{"taxonomy":"post_tag","embeddable":true,"href":"https:\/\/analyse.optim.biz\/index.php?rest_route=%2Fwp%2Fv2%2Ftags&post=1981822"}],"curies":[{"name":"wp","href":"https:\/\/api.w.org\/{rel}","templated":true}]}}