{"id":198166,"date":"2014-08-29T23:16:50","date_gmt":"2014-08-29T20:16:50","guid":{"rendered":"https:\/\/analyse.optim.biz\/?p=198166"},"modified":"2014-08-29T23:16:50","modified_gmt":"2014-08-29T20:16:50","slug":"jurnalul-de-seara-de-la-fa-doina-la-fa-ponta-cum-comenteaza-purtatorul-de-cuvant-al-premierului","status":"publish","type":"post","link":"https:\/\/analyse.optim.biz\/?p=198166","title":{"rendered":"JURNALUL DE SEAR\u0102. De la \u201eF\u0103, Doina!\u201d, la \u201eF\u0103, Ponta!\u201d. Cum comenteaz\u0103 purt\u0103torul de cuv\u00e2nt al premierului"},"content":{"rendered":"<div class=\"entry data-app-meta data-app-meta-article\" data-embed-base-url-canonical=\"https:\/\/www.digi24.ro\/embed\/stiri\/actualitate\/politica\/jurnalul-de-seara-de-la-fa-doina-la-fa-ponta-cum-comenteaza-purtatorul-de-cuvant-al-premierului-287187\">\n<p data-index=\"1\">\u201eCa specialist \u00een comunicare v\u0103 r\u0103spund, pentru c\u0103 presa obiectiv\u0103 \u0219i impar\u021bial\u0103, cum este ea de regul\u0103, a prezentat acest eveniment de manier\u0103 u\u015for modifocat\u0103. Premierul a zis \u201eM\u0103, Doina\u201d, presa a f\u0103cut un titlu de glorie din a scoate \u00een eviden\u021b\u0103 c\u0103 a zis \u201eF\u0103, Doina\u201d, ceea ce premierul nu a f\u0103cut\u201d, a spus Mirel Palada, la emisiunea Jurnalul de Sear\u0103.<\/p>\n<p data-index=\"2\">Presa a relatat c\u0103, \u00een aprilie, la vizita antrerioar\u0103,<a href=\"https:\/\/www.digi24.ro\/Stiri\/Digi24\/Actualitate\/Politica\/Victor+Ponta+Nu+folosesc+termenul+de+fa+Nici+nu+bausem+whisky+ni\" target=\"_blank\" data-skip-linkfix=\"1\" rel=\"noopener\">Victor Ponta s-ar fi adresat ministrului Pan\u0103<\/a> spun\u00e2nd: \u201eTu ce faci, f\u0103, Doina, aici? Aveai chef de ni\u015fte inunda\u0163ii?\u201d.<\/p>\n<p data-index=\"3\">Ast\u0103zi, Victor Ponta i s-a adresat ministrului Apelor de data aceasta cu formula \u201edoamna Doina Pan\u0103\u201d, iar c\u00e2nd vicepremierul Liviu Dragnea \u00eencercat s\u0103-i spun\u0103 \u201em\u0103i, Doina,\u201d, premierul l-a apostrofat: \u201eiar aud cine \u015ftie ce\u201d.<\/p>\n<p data-index=\"4\">\u201ePremierul a scos \u00een eviden\u021b\u0103 acest aspect \u0219i faptul c\u0103, dincolo de toate detaliile astea, care poate sunt gustoase pentru anumite persoane, dar care r\u0103m\u00e2n detalii, e mult mai important ce faci. \u201eF\u0103\u201d, \u00een cazul de fa\u0163\u0103, e imperativul de la \u201ea face\u201d, cum sper c\u0103 \u00ee\u0219i d\u0103 seama lumea \u0219i nu continu\u0103m gluma de manier\u0103 acuzatorie\u201d, a explicat \u00een aceast\u0103 sear\u0103 Mirel Palada.<\/p>\n<p data-index=\"5\">Purt\u0103torul de cuv\u00e2nt al premierului a spus c\u0103 ceea ce trebuie scos \u00een eviden\u021b\u0103 este faptul c\u0103 digul de la Beiu a fost ridicat \u0219i c\u0103 Guvernul este interesat de siguran\u021ba celor expu\u0219i inunda\u021biilor.<\/p>\n<p data-index=\"6\">Mirel Palada a mai spus c\u0103 premierul a f\u0103cut aluzie la episodul din aprilie pentru a scoate \u00een eviden\u0163\u0103 maniera \u00een care acest incident a fost tratat \u0219i diferen\u0163a dintre lucrurile minore \u015fi cele importante cu adev\u0103rat\u201d.<\/p>\n<p data-index=\"7\">\u201ePremierul a spus \u00een mod repetat c\u0103 nu a spus \u201eF\u0103, Doina\u201d, ci doar c\u0103 unele persoane au vrut s\u0103 aud\u0103 asta, cand el a spus \u201eM\u0103, Doina\u201d. A venit s\u0103 scoat\u0103 \u00een eviden\u0163\u0103 amuzamentul, ridicolul acelei situa\u021bii \u015fi mai ales al acelui atac \u0219i mai ales felul \u00een care po\u021bi s\u0103-i interpretezi cuvintele \u00een cheie constructiv\u0103, dac\u0103 \u0163ii neap\u0103rat s\u0103 te focalizezi pe fonemele \u201ef\u201d \u015fi \u201e\u0103\u201d\u201d, a mai spus purt\u0103torul de cuv\u00e2nt.<\/p>\n<p data-index=\"8\">\u00cen ceea ce prive\u0219te plimbarea premierului, al\u0103turi de vicepremierul Liviu Dragnea \u0219i ministrul Doina Pan\u0103, \u00eentr-o barc\u0103 tras\u0103 de jandarmi, doarece apa era p\u00e2n\u0103 la genunchi, Mirel Palada spune c\u0103 este un subiect \u201ef\u0103cut din \u0163\u00e2n\u0163ar arm\u0103sar\u201d.<\/p>\n<\/div>\n<p> Source URL: https:\/\/www.digi24.ro\/stiri\/actualitate\/politica\/jurnalul-de-seara-de-la-fa-doina-la-fa-ponta-cum-comenteaza-purtatorul-de-cuvant-al-premierului-287187<\/p>\n","protected":false},"excerpt":{"rendered":"<p>\u201eCa specialist \u00een comunicare v\u0103 r\u0103spund, pentru c\u0103 presa obiectiv\u0103 \u0219i impar\u021bial\u0103, cum este ea de regul\u0103, a prezentat acest eveniment de manier\u0103 u\u015for modifocat\u0103. Premierul a zis \u201eM\u0103, Doina\u201d, presa a f\u0103cut un titlu de glorie din a scoate \u00een eviden\u021b\u0103 c\u0103 a zis \u201eF\u0103, Doina\u201d, ceea ce premierul nu a f\u0103cut\u201d, a spus [&hellip;]<\/p>\n","protected":false},"author":1,"featured_media":198167,"comment_status":"open","ping_status":"","sticky":false,"template":"","format":"standard","meta":{"footnotes":""},"categories":[2],"tags":[11],"class_list":["post-198166","post","type-post","status-publish","format-standard","has-post-thumbnail","hentry","category-politics","tag-digi24"],"_links":{"self":[{"href":"https:\/\/analyse.optim.biz\/index.php?rest_route=\/wp\/v2\/posts\/198166","targetHints":{"allow":["GET"]}}],"collection":[{"href":"https:\/\/analyse.optim.biz\/index.php?rest_route=\/wp\/v2\/posts"}],"about":[{"href":"https:\/\/analyse.optim.biz\/index.php?rest_route=\/wp\/v2\/types\/post"}],"author":[{"embeddable":true,"href":"https:\/\/analyse.optim.biz\/index.php?rest_route=\/wp\/v2\/users\/1"}],"replies":[{"embeddable":true,"href":"https:\/\/analyse.optim.biz\/index.php?rest_route=%2Fwp%2Fv2%2Fcomments&post=198166"}],"version-history":[{"count":0,"href":"https:\/\/analyse.optim.biz\/index.php?rest_route=\/wp\/v2\/posts\/198166\/revisions"}],"wp:featuredmedia":[{"embeddable":true,"href":"https:\/\/analyse.optim.biz\/index.php?rest_route=\/wp\/v2\/media\/198167"}],"wp:attachment":[{"href":"https:\/\/analyse.optim.biz\/index.php?rest_route=%2Fwp%2Fv2%2Fmedia&parent=198166"}],"wp:term":[{"taxonomy":"category","embeddable":true,"href":"https:\/\/analyse.optim.biz\/index.php?rest_route=%2Fwp%2Fv2%2Fcategories&post=198166"},{"taxonomy":"post_tag","embeddable":true,"href":"https:\/\/analyse.optim.biz\/index.php?rest_route=%2Fwp%2Fv2%2Ftags&post=198166"}],"curies":[{"name":"wp","href":"https:\/\/api.w.org\/{rel}","templated":true}]}}