{"id":198154,"date":"2014-08-30T12:37:51","date_gmt":"2014-08-30T09:37:51","guid":{"rendered":"https:\/\/analyse.optim.biz\/?p=198154"},"modified":"2014-08-30T12:37:51","modified_gmt":"2014-08-30T09:37:51","slug":"traian-basescu-spre-surprinderea-mea-am-aflat-ca-romania-a-transmis-la-bruxelles-doua-nominalizari-pentru-functia-de-comisar-european","status":"publish","type":"post","link":"https:\/\/analyse.optim.biz\/?p=198154","title":{"rendered":"Traian B\u0103sescu: Spre surprinderea mea, am aflat c\u0103 Rom\u00e2nia a transmis la Bruxelles dou\u0103 nominaliz\u0103ri pentru func\u021bia de comisar european"},"content":{"rendered":"<div class=\"entry data-app-meta data-app-meta-article\" data-embed-base-url-canonical=\"https:\/\/www.digi24.ro\/embed\/stiri\/actualitate\/politica\/traian-basescu-spre-surprinderea-mea-am-aflat-ca-romania-a-transmis-la-bruxelles-doua-nominalizari-pentru-functia-de-comisar-european-287258\">\n<p data-index=\"1\">\u00a0<img decoding=\"async\" src=\"https:\/\/analyse.optim.biz\/wp-content\/uploads\/2024\/09\/jmhhc2g9zdyzzdgzntzimjmxytg5mdlhzgy2zgzmmmnmode0zdk-thumb_.jpg\" data-skip-htmlfix=\"1\" title=\"jmhhc2g9zdyzzdgzntzimjmxytg5mdlhzgy2zgzmmmnmode0zdk-thumb_\"><\/p>\n<p data-index=\"2\">\u201eVreau s\u0103 fiu foarte clar, nu inten\u0163ionez niciun fel de disput\u0103, nu creez o disput\u0103, este dreptul Guvernului s\u0103 ac\u0163ioneze a\u015fa. <em><strong>Dar, spre surprinderea mea, am aflat c\u0103 avem dou\u0103 nominaliz\u0103ri transmise la Bruxelles, suntem unul din pu\u0163inele state care au acceptat aceast\u0103 rug\u0103minte a pre\u015fedintelui Jean-Claude Juncker<\/strong><\/em>\u201d, a men\u0163ionat Traian B\u0103sescu.<\/p>\n<p data-index=\"3\">\u201eNiciodat\u0103 reprezentantul Rom\u00e2niei \u00een Comisia European\u0103 nu a fost desemnat de pre\u015fedinte, \u00eentotdeauna \u00eens\u0103 a fost desemnat \u00eentr-o \u00een\u0163elegere (&#8230;), \u00eentotdeauna desemn\u0103rile le-au f\u0103cut guvernele \u00een colaborare cu pre\u015fedintele.\u00a0Nu m\u0103 deranjeaz\u0103 c\u0103 de data aceasta am aflat de la Bruxelles c\u0103 Rom\u00e2nia a f\u0103cut dou\u0103 desemn\u0103ri, ci cred c\u0103 trebuie avut \u00een vedere faptul c\u0103 Legea 373 prevede o procedur\u0103 intern\u0103, parlamentar\u0103, audierea celui propus pentru func\u0163ia de comisar \u00een comisia de specialitate a Parlamentului&#8221;, a mai spus \u0219eful statului.<\/p>\n<p data-index=\"4\">Traian B\u0103sescu a fost \u00eentrebat despre a doua nominalizare f\u0103cut\u0103 de Guvern pentru postul de comisar european, \u00eens\u0103 a refuzat s\u0103 precizeze despre cine este vorba.<\/p>\n<p data-index=\"5\"><em><strong>\u201eEu \u0219tiu c\u0103 sunt dou\u0103 nominaliz\u0103ri, dar nu \u0219tiu care\u201d, a r\u0103spuns \u0219eful statului la \u00eentrebarea jurnali\u0219tilor.<\/strong><\/em><\/p>\n<p data-index=\"6\">Premierul Victor Ponta a declarat, \u00een 31 iulie , agen\u0163iei Mediafax c\u0103 a transmis scrisoarea prin care Dacian Ciolo\u015f este propus pentru un nou mandat de comisar european din partea Rom\u00e2niei, pentru portofoliul Agriculturii.<\/p>\n<p data-index=\"7\">Premierul a precizat c\u0103 a transmis scrisoarea dup\u0103 ce a discutat cu pre\u015fedintele ales al Comisiei Europene, Jean-Claude Juncker.<\/p>\n<p data-index=\"8\"><a href=\"http:\/\/www.euractiv.com\/sections\/eu-elections-2014\/sources-romania-has-other-candidates-if-ciolos-doesnt-get-agriculture\" target=\"_blank\" data-skip-linkfix=\"1\" rel=\"noopener\"><strong>Potrivit euractiv.com<\/strong><\/a>, Rom\u00e2nia ar avea un candidat de rezerv\u0103 \u0219i acesta ar fi Corina Cre\u021bu, \u00een prezent vicepre\u0219edinte al Parlamentului European.\u00a0<\/p>\n<\/div>\n<p> Source URL: https:\/\/www.digi24.ro\/stiri\/actualitate\/politica\/traian-basescu-spre-surprinderea-mea-am-aflat-ca-romania-a-transmis-la-bruxelles-doua-nominalizari-pentru-functia-de-comisar-european-287258<\/p>\n","protected":false},"excerpt":{"rendered":"<p>\u00a0 \u201eVreau s\u0103 fiu foarte clar, nu inten\u0163ionez niciun fel de disput\u0103, nu creez o disput\u0103, este dreptul Guvernului s\u0103 ac\u0163ioneze a\u015fa. Dar, spre surprinderea mea, am aflat c\u0103 avem dou\u0103 nominaliz\u0103ri transmise la Bruxelles, suntem unul din pu\u0163inele state care au acceptat aceast\u0103 rug\u0103minte a pre\u015fedintelui Jean-Claude Juncker\u201d, a men\u0163ionat Traian B\u0103sescu. \u201eNiciodat\u0103 reprezentantul [&hellip;]<\/p>\n","protected":false},"author":1,"featured_media":198155,"comment_status":"open","ping_status":"","sticky":false,"template":"","format":"standard","meta":{"footnotes":""},"categories":[2],"tags":[11],"class_list":["post-198154","post","type-post","status-publish","format-standard","has-post-thumbnail","hentry","category-politics","tag-digi24"],"_links":{"self":[{"href":"https:\/\/analyse.optim.biz\/index.php?rest_route=\/wp\/v2\/posts\/198154","targetHints":{"allow":["GET"]}}],"collection":[{"href":"https:\/\/analyse.optim.biz\/index.php?rest_route=\/wp\/v2\/posts"}],"about":[{"href":"https:\/\/analyse.optim.biz\/index.php?rest_route=\/wp\/v2\/types\/post"}],"author":[{"embeddable":true,"href":"https:\/\/analyse.optim.biz\/index.php?rest_route=\/wp\/v2\/users\/1"}],"replies":[{"embeddable":true,"href":"https:\/\/analyse.optim.biz\/index.php?rest_route=%2Fwp%2Fv2%2Fcomments&post=198154"}],"version-history":[{"count":0,"href":"https:\/\/analyse.optim.biz\/index.php?rest_route=\/wp\/v2\/posts\/198154\/revisions"}],"wp:featuredmedia":[{"embeddable":true,"href":"https:\/\/analyse.optim.biz\/index.php?rest_route=\/wp\/v2\/media\/198155"}],"wp:attachment":[{"href":"https:\/\/analyse.optim.biz\/index.php?rest_route=%2Fwp%2Fv2%2Fmedia&parent=198154"}],"wp:term":[{"taxonomy":"category","embeddable":true,"href":"https:\/\/analyse.optim.biz\/index.php?rest_route=%2Fwp%2Fv2%2Fcategories&post=198154"},{"taxonomy":"post_tag","embeddable":true,"href":"https:\/\/analyse.optim.biz\/index.php?rest_route=%2Fwp%2Fv2%2Ftags&post=198154"}],"curies":[{"name":"wp","href":"https:\/\/api.w.org\/{rel}","templated":true}]}}