{"id":198131,"date":"2014-08-30T16:55:23","date_gmt":"2014-08-30T13:55:23","guid":{"rendered":"https:\/\/analyse.optim.biz\/?p=198131"},"modified":"2014-08-30T16:55:23","modified_gmt":"2014-08-30T13:55:23","slug":"victor-ponta-nu-pot-anunta-eu-numele-comisarului-roman-a-doua-nominalizare-categoric-este-o-femeie","status":"publish","type":"post","link":"https:\/\/analyse.optim.biz\/?p=198131","title":{"rendered":"Victor Ponta: \u201eNu pot anun\u021ba eu numele comisarului rom\u00e2n\u201d. A doua nominalizare \u201ecategoric este o femeie\u201d"},"content":{"rendered":"<div class=\"entry data-app-meta data-app-meta-article\" data-embed-base-url-canonical=\"https:\/\/www.digi24.ro\/embed\/stiri\/actualitate\/politica\/victor-ponta-nu-pot-anunta-eu-numele-comisarului-roman-a-doua-nominalizare-categoric-este-o-femeie-287295\">\n<p data-index=\"1\"><img decoding=\"async\" src=\"https:\/\/analyse.optim.biz\/wp-content\/uploads\/2024\/09\/jnc9odawjmhhc2g9mgi3mdi3njczodmxmza5nzq3y2rlnzq1njg3nwy4mwq-thumb_.jpg\" data-skip-htmlfix=\"1\" title=\"jnc9odawjmhhc2g9mgi3mdi3njczodmxmza5nzq3y2rlnzq1njg3nwy4mwq-thumb_\"><\/p>\n<p data-index=\"2\">Pe de alt\u0103 parte, premierul a spus c\u0103 a discutat cu noul pre\u0219edinte al Comisiei Europene, Jean Claude Juncker, care are ultimul cuv\u00e2nt \u00een ceea ce prive\u0219te stabilirea portofoliilor din CE, \u0219i c\u0103 acesta i-a spus c\u0103 \u201eeste foarte pu\u021bin probabil\u0103\u201d p\u0103strarea aceleia\u0219i persoane \u00een acela\u0219i portofoliu din Comisia anterioar\u0103.<\/p>\n<p data-index=\"3\">Prima noastr\u0103 propunere a fost Dacian Ciolo\u0219 pentru portofoliul Agriculturii. \u00cen momentul \u00een care domnul Juncker mi-a comunicat c\u0103 p\u0103strarea unui portofoliu de c\u0103tre aceea\u0219i \u021bar\u0103 \u0219i aceea\u0219i persoan\u0103 e foarte pu\u021bin probabil\u0103, am f\u0103cut o a doua nominalizare\u201d, a explicat Victor Ponta.<\/p>\n<p data-index=\"4\">\u201eCel mai important pentru mine e ca Romania s\u0103 aiba un portofoliu important, din care s\u0103 poat\u0103 sus\u021bine interesele Rom\u00e2niei \u0219i cele ale Europei. Cred c\u0103 b\u0103t\u0103liile interne sunt mai putin importante\u201d, a ad\u0103ugat el.<\/p>\n<p data-index=\"5\">\u00a0Premierul a mai spus c\u0103 Jean-Claude Juncker va anun\u0163a s\u0103pt\u0103m\u00e2na viitoare portofoliile care revin fiec\u0103rei \u021b\u0103ri.<\/p>\n<p data-index=\"6\">\u201eEu o cunosc deja, dar e dreptul lui s\u0103 anun\u021be\u201d, a spus Victor Ponta.<\/p>\n<p data-index=\"7\">\u201eImediat ce va fi anun\u021bat\u0103 decizia, eu voi proceda conform legisla\u021biei rom\u00e2ne\u0219ti, \u0219i anume persoana desemnat\u0103 va trece prin procedurile na\u021bionale, care \u00eenseamn\u0103 audierea \u00een Parlament\u201d, a mai spus premierul.<\/p>\n<p data-index=\"8\">\u00centrebat dac\u0103 este vorba despre Corina Cre\u021bu, premierul a spus c\u0103 nu poate anun\u021ba numele viitorului comisiar din partea Rom\u00e2niei, c\u00e2t\u0103 vreme nu au fost anun\u021bate portofoliile.<\/p>\n<p data-index=\"9\">Victor Ponta a confirmat \u00eens\u0103 c\u0103 este vorba despre o femeie. El a explicat c\u0103 \u00een Comisia European\u0103 este nevoie de mai multe femei, asftel \u00eenc\u00e2t executivul european s\u0103 poat\u0103 trece de votul Parlamentului European. Nominalizarea unei femei cre\u0219te \u0219ansele Rom\u00e2niei de a ob\u021bine un portofoliu important, a mai spus el.<\/p>\n<p data-index=\"10\">Declara\u021biile sale vin dup\u0103 ce publica\u021bia <a href=\"http:\/\/www.euractiv.com\/sections\/eu-elections-2014\/sources-romania-has-other-candidates-if-ciolos-doesnt-get-agriculture\" target=\"_blank\" data-skip-linkfix=\"1\" rel=\"noopener\">euractiv.com<\/a> a relatat c\u0103 Rom\u00e2nia ar avea un candidat de rezerv\u0103 \u0219i acesta ar fi Corina Cre\u021bu, \u00een prezent vicepre\u0219edinte al Parlamentului European.<\/p>\n<p data-index=\"11\"><a href=\"https:\/\/www.digi24.ro\/Stiri\/Digi24\/Actualitate\/Politica\/Traian+Basescu+Spre+surprinderea+mea+am+aflat+ca+Romania+a+trans\" target=\"_blank\" data-skip-linkfix=\"1\" rel=\"noopener\">Informa\u021bia a fost comentat\u0103<\/a> ast\u0103zi \u0219i de pre\u015fedintele Traian B\u0103sescu.<\/p>\n<p data-index=\"12\">\u201eVreau s\u0103 fiu foarte clar, nu inten\u0163ionez niciun fel de disput\u0103, nu creez o disput\u0103, este dreptul Guvernului s\u0103 ac\u0163ioneze a\u015fa. Dar, spre surprinderea mea, am aflat c\u0103 avem dou\u0103 nominaliz\u0103ri transmise la Bruxelles, suntem unul din pu\u0163inele state care au acceptat aceast\u0103 rug\u0103minte a pre\u015fedintelui Jean-Claude Juncker\u201d, a spus el. \u00a0<\/p>\n<\/div>\n<p> Source URL: https:\/\/www.digi24.ro\/stiri\/actualitate\/politica\/victor-ponta-nu-pot-anunta-eu-numele-comisarului-roman-a-doua-nominalizare-categoric-este-o-femeie-287295<\/p>\n","protected":false},"excerpt":{"rendered":"<p>Pe de alt\u0103 parte, premierul a spus c\u0103 a discutat cu noul pre\u0219edinte al Comisiei Europene, Jean Claude Juncker, care are ultimul cuv\u00e2nt \u00een ceea ce prive\u0219te stabilirea portofoliilor din CE, \u0219i c\u0103 acesta i-a spus c\u0103 \u201eeste foarte pu\u021bin probabil\u0103\u201d p\u0103strarea aceleia\u0219i persoane \u00een acela\u0219i portofoliu din Comisia anterioar\u0103. Prima noastr\u0103 propunere a fost [&hellip;]<\/p>\n","protected":false},"author":1,"featured_media":198132,"comment_status":"open","ping_status":"","sticky":false,"template":"","format":"standard","meta":{"footnotes":""},"categories":[2],"tags":[11],"class_list":["post-198131","post","type-post","status-publish","format-standard","has-post-thumbnail","hentry","category-politics","tag-digi24"],"_links":{"self":[{"href":"https:\/\/analyse.optim.biz\/index.php?rest_route=\/wp\/v2\/posts\/198131","targetHints":{"allow":["GET"]}}],"collection":[{"href":"https:\/\/analyse.optim.biz\/index.php?rest_route=\/wp\/v2\/posts"}],"about":[{"href":"https:\/\/analyse.optim.biz\/index.php?rest_route=\/wp\/v2\/types\/post"}],"author":[{"embeddable":true,"href":"https:\/\/analyse.optim.biz\/index.php?rest_route=\/wp\/v2\/users\/1"}],"replies":[{"embeddable":true,"href":"https:\/\/analyse.optim.biz\/index.php?rest_route=%2Fwp%2Fv2%2Fcomments&post=198131"}],"version-history":[{"count":0,"href":"https:\/\/analyse.optim.biz\/index.php?rest_route=\/wp\/v2\/posts\/198131\/revisions"}],"wp:featuredmedia":[{"embeddable":true,"href":"https:\/\/analyse.optim.biz\/index.php?rest_route=\/wp\/v2\/media\/198132"}],"wp:attachment":[{"href":"https:\/\/analyse.optim.biz\/index.php?rest_route=%2Fwp%2Fv2%2Fmedia&parent=198131"}],"wp:term":[{"taxonomy":"category","embeddable":true,"href":"https:\/\/analyse.optim.biz\/index.php?rest_route=%2Fwp%2Fv2%2Fcategories&post=198131"},{"taxonomy":"post_tag","embeddable":true,"href":"https:\/\/analyse.optim.biz\/index.php?rest_route=%2Fwp%2Fv2%2Ftags&post=198131"}],"curies":[{"name":"wp","href":"https:\/\/api.w.org\/{rel}","templated":true}]}}