{"id":198109,"date":"2014-09-01T00:35:37","date_gmt":"2014-08-31T21:35:37","guid":{"rendered":"https:\/\/analyse.optim.biz\/?p=198109"},"modified":"2014-09-01T00:35:37","modified_gmt":"2014-08-31T21:35:37","slug":"alegeri-prezidentiale-cinci-independenti-in-cursa-pentru-cotroceni","status":"publish","type":"post","link":"https:\/\/analyse.optim.biz\/?p=198109","title":{"rendered":"Alegeri preziden\u021biale. Cinci independen\u021bi \u00een cursa pentru Cotroceni"},"content":{"rendered":"<div class=\"entry data-app-meta data-app-meta-article\" data-embed-base-url-canonical=\"https:\/\/www.digi24.ro\/embed\/stiri\/actualitate\/politica\/alegeri-prezidentiale-cinci-independenti-in-cursa-pentru-cotroceni-287484\">\n<p data-index=\"1\">Monica Macovei spune c\u0103 intr\u0103 singur\u0103 \u00een competi\u0163ia pentru Cotroceni, nemul\u0163umit\u0103 de candidatul comun al alian\u0163ei dintre PDL \u015fi PNL. <\/p>\n<p data-index=\"2\">\u201e<span>Rom\u00e2nii vor un independent acuma! Voi c\u00e2\u015ftiga \u015fi voi fi pre\u015fedintele Rom\u00e2niei\u201d, a spus Monoca Macovei.<\/span><\/p>\n<p data-index=\"3\">Anali\u015ftii spun, \u00eens\u0103, altceva. <\/p>\n<p data-index=\"4\">\u201e<span>Doamna Monica Macovei care \u00een mod evident joac\u0103 pentru un alt candidat, \u00een cazul acesta, cel mai probabil, domnul Iohannis, domnia sa \u00eencerc\u00e2nd s\u0103 trag\u0103 voturile dinspre ceea ce se nume\u015fte electoratul b\u0103sist\u201d, spune Andrei \u021a\u0103ranu.<\/span><\/p>\n<p data-index=\"5\">Gheorghe Funar mai \u00eencearc\u0103 o dat\u0103 s\u0103 ajung\u0103 pre\u015fedintele \u0163\u0103rii, dup\u0103 ce \u00een 1992, a candidat din partea PUNR s-a clasat pe locul trei dup\u0103 primul tur. <\/p>\n<p data-index=\"6\">&#8220;Gheorghe Funar (&#8230;) s-a angajat s\u0103 participe la competi\u0163ia electoral\u0103, dar nu \u00een numele PRM, ci ca independent. (&#8230;) S-a ajuns la aceast\u0103 situa\u0163ie deoarece Justi\u0163ia \u00eenc\u0103 nu s-a pronun\u0163at \u00een leg\u0103tur\u0103 cu modific\u0103rile la Statutul PRM \u015fi noua conducere a partidului\u201d, a fost mesajul transmis de PRM-aripa Funar. <\/p>\n<p data-index=\"7\">Senatorul Ioan Ghi\u015fe a plecat din PNL \u015fi sper\u0103 s\u0103 ocupe cea mai \u00eenalt\u0103 func\u0163ie \u00een stat, tot ca indepedent.<\/p>\n<p data-index=\"8\">\u201e<span>Exist\u0103 cet\u0103\u0163eni care \u00eemi declar\u0103 simpatia, sus\u0163inerea prin vot \u015fi le spun: p\u00e2n\u0103 la candidatur\u0103 sunt necesare semn\u0103turi. F\u0103r\u0103 partid, a\u015ftep\u0163i s\u0103 vezi dac\u0103 apar voluntari\u201d, spune el.<\/span><\/p>\n<p data-index=\"9\">Un preziden\u0163iabil mai pu\u0163in cunoscut este Marian B\u0103t\u0103iosu. El \u015fi-a mai \u00eencercat norocul \u00een 2009, \u00eens\u0103 nu a avut suficien\u0163i sus\u0163in\u0103tori ca s\u0103 se poat\u0103 \u00eenscrie \u00een competi\u0163ie. <\/p>\n<p data-index=\"10\">\u201eModelul meu de conduc\u0103tor este \u015etefan cel Mare \u015fi Sf\u00e2nt. Pentru binele comun, voi lua asupra mea p\u0103catele poporului rom\u00e2n \u015fi voi conduce \u0163ara cu Crucea \u00eentr-o m\u00e2n\u0103 \u015fi cu Sabia \u00een cealalt\u0103 m\u00e2n\u0103. (&#8230;) Pre\u015fedin\u0163e\u015fte-l pe Marian B\u0103t\u0103iosu pentru a cura\u0163a Gr\u0103dina Maicii Domnului de iarba cea rea \u015fi a face din ea un col\u0163 de Rai\u201d, explic\u0103 Marian B\u0103t\u0103iosu pe pagina lui de internet.<\/p>\n<p data-index=\"11\">\u015ei deputatul Remus Cernea a anun\u0163at c\u0103 vrea s\u0103 candideze independent la Cotroceni. La alegerile preziden\u0163iale din 2009 a ob\u0163inut doar 0,66% din voturi. <\/p>\n<p data-index=\"12\">\u201e<span>Nu to\u0163i cei care se declar\u0103 indepeden\u0163i sunt sau par a fi \u00eentru totul independen\u0163i, ci mai degrab\u0103 sunt, a\u015fa cum s-a folosit deja prea mult, iepuri pentru al\u0163i candida\u0163i. Str\u00e2ng sau sparg voturile din alte bazine electorale \u015fi \u00een felul acesta influen\u0163eaz\u0103 sau lipsesc de poten\u0163ialitate pe anumi\u0163i candida\u0163i s\u0103 intre \u00een turul doi\u201d, spune Andrei \u021a\u0103ranu. <\/span><\/p>\n<p data-index=\"13\">P\u00e2n\u0103 acum s-au anun\u0163at 14 candida\u0163i la preziden\u0163ialele din 2 noiembrie. Mai mul\u0163i au fost \u00een 1996, c\u00e2nd au participat la scrutin 16 persoane. Atunci \u00eens\u0103, s-au \u00eenscris doar trei independen\u0163i. \u00a0 \u00a0<\/p>\n<\/div>\n<p> Source URL: https:\/\/www.digi24.ro\/stiri\/actualitate\/politica\/alegeri-prezidentiale-cinci-independenti-in-cursa-pentru-cotroceni-287484<\/p>\n","protected":false},"excerpt":{"rendered":"<p>Monica Macovei spune c\u0103 intr\u0103 singur\u0103 \u00een competi\u0163ia pentru Cotroceni, nemul\u0163umit\u0103 de candidatul comun al alian\u0163ei dintre PDL \u015fi PNL. \u201eRom\u00e2nii vor un independent acuma! Voi c\u00e2\u015ftiga \u015fi voi fi pre\u015fedintele Rom\u00e2niei\u201d, a spus Monoca Macovei. Anali\u015ftii spun, \u00eens\u0103, altceva. \u201eDoamna Monica Macovei care \u00een mod evident joac\u0103 pentru un alt candidat, \u00een cazul acesta, [&hellip;]<\/p>\n","protected":false},"author":1,"featured_media":198110,"comment_status":"open","ping_status":"","sticky":false,"template":"","format":"standard","meta":{"footnotes":""},"categories":[2],"tags":[11],"class_list":["post-198109","post","type-post","status-publish","format-standard","has-post-thumbnail","hentry","category-politics","tag-digi24"],"_links":{"self":[{"href":"https:\/\/analyse.optim.biz\/index.php?rest_route=\/wp\/v2\/posts\/198109","targetHints":{"allow":["GET"]}}],"collection":[{"href":"https:\/\/analyse.optim.biz\/index.php?rest_route=\/wp\/v2\/posts"}],"about":[{"href":"https:\/\/analyse.optim.biz\/index.php?rest_route=\/wp\/v2\/types\/post"}],"author":[{"embeddable":true,"href":"https:\/\/analyse.optim.biz\/index.php?rest_route=\/wp\/v2\/users\/1"}],"replies":[{"embeddable":true,"href":"https:\/\/analyse.optim.biz\/index.php?rest_route=%2Fwp%2Fv2%2Fcomments&post=198109"}],"version-history":[{"count":0,"href":"https:\/\/analyse.optim.biz\/index.php?rest_route=\/wp\/v2\/posts\/198109\/revisions"}],"wp:featuredmedia":[{"embeddable":true,"href":"https:\/\/analyse.optim.biz\/index.php?rest_route=\/wp\/v2\/media\/198110"}],"wp:attachment":[{"href":"https:\/\/analyse.optim.biz\/index.php?rest_route=%2Fwp%2Fv2%2Fmedia&parent=198109"}],"wp:term":[{"taxonomy":"category","embeddable":true,"href":"https:\/\/analyse.optim.biz\/index.php?rest_route=%2Fwp%2Fv2%2Fcategories&post=198109"},{"taxonomy":"post_tag","embeddable":true,"href":"https:\/\/analyse.optim.biz\/index.php?rest_route=%2Fwp%2Fv2%2Ftags&post=198109"}],"curies":[{"name":"wp","href":"https:\/\/api.w.org\/{rel}","templated":true}]}}