{"id":197998,"date":"2014-09-02T10:29:15","date_gmt":"2014-09-02T07:29:15","guid":{"rendered":"https:\/\/analyse.optim.biz\/?p=197998"},"modified":"2014-09-02T10:29:15","modified_gmt":"2014-09-02T07:29:15","slug":"lupta-pentru-functii-in-camera-deputatilor-pc-si-plr-nu-au-primit-nicio-functie-in-biroul-permanent","status":"publish","type":"post","link":"https:\/\/analyse.optim.biz\/?p=197998","title":{"rendered":"Lupt\u0103 pentru func\u0163ii \u00een Camera Deputa\u0163ilor. PC \u015fi PLR nu au primit nicio func\u0163ie \u00een Biroul Permanent"},"content":{"rendered":"<div class=\"entry data-app-meta data-app-meta-article\" data-embed-base-url-canonical=\"https:\/\/www.digi24.ro\/embed\/stiri\/actualitate\/politica\/lupta-pentru-functii-in-camera-deputatilor-pc-si-plr-nu-au-primit-nicio-functie-in-biroul-permanent-288255\">\n<p data-index=\"1\"><strong>ACTUALIZARE 12.10.<\/strong> \u00ce<strong>n Camera Deputa\u0163ilor, grupul parlamentar liberal-conservator n-a primit nicio func\u0163ie de conducere.<\/strong> Abia de anul viitor, parlamentarii PC \u015fi PLR ar putea ob\u0163ine un post de chestor.<\/p>\n<p data-index=\"2\">Camera Deputa\u0163ilor a aprobat noua structur\u0103 a Biroului Permanent al acestui for legislativ, singura diferen\u0163\u0103 fa\u0163\u0103 de sesiunea trecut\u0103 fiind aceea c\u0103 <strong>PDL nu va mai avea func\u0163ia de chestor al Camerei, aceasta revenind PSD. <\/strong><\/p>\n<p data-index=\"3\">Potrivit negocierilor dintre liderii grupurilor parlamentare, PSD va avea doi vicepre\u015fedin\u0163i, un secretar \u015fi doi chestori \u00een conducerea Camerei, PNL va de\u0163ine c\u00e2te o func\u0163ie de vicepre\u015fedinte, secretar \u015fi chestor, PDL &#8211; un post de vicepre\u015fedinte, PPDD &#8211; o func\u0163ie de secretar, UDMR \u00eei va reveni un post de chestor, iar minorit\u0103\u0163ile na\u0163ionale &#8211; un post de secretar.\u00a0<\/p>\n<hr>\n<p data-index=\"4\"><strong>Liberalii pierd opt deputa\u0163i. Sunt cei care \u00eel urmeaz\u0103 pe C\u0103lin Popescu T\u0103riceanu \u015fi care, \u00eempreun\u0103 cu parlamentari independen\u0163i formeaz\u0103 grupul conservator-liberal din Camera Deputa\u0163ilor.<\/strong>Abia \u00eentors din vacan\u0163\u0103, Valeriu Zgonea compar\u0103 situa\u0163ia cu o gr\u0103din\u0103 de legume, \u00een care&#8230; ardeii gra\u015fi trec la conservatori \u015fi morcovii la social-democra\u0163i.<\/p>\n<p data-index=\"5\">Dintre cei 20 de parlamentari care au ales s\u0103 intre \u00een noul grup parlamentar liberal-conservator, 12 erau neafilia\u0163i, iar opt au plecat de la PNL.<\/p>\n<p data-index=\"6\">Astfel, grupul PC este dou\u0103 ori mai mare dec\u00e2t \u00een sesiunile precedente. Acum, conservatorii \u015fi liberalii lui C\u0103lin Popescu T\u0103riceanu au 35 de deputa\u0163i.<\/p>\n<p data-index=\"7\">Consecin\u0163a este c\u0103 vor primi \u015fi mai multe func\u0163ii \u00een Camera Deputa\u0163ilor, func\u0163ii pe care le pierde Opozi\u0163ia, \u00een special PNL.<\/p>\n<h5><strong>Raportul de for\u0163e \u00een Camera Deputa\u0163ilor<\/strong><\/h5>\n<p data-index=\"8\"><strong>PSD<\/strong>\u00a0184 de parlamentari<\/p>\n<p data-index=\"9\"><strong>PNL<\/strong>\u00a083 de parlamentari<\/p>\n<p data-index=\"10\"><strong>PDL<\/strong>\u00a036 de parlamentari<\/p>\n<p data-index=\"11\"><strong>PC + PLR<\/strong>\u00a015 + 20 = 35 de parlamentari<\/p>\n<p data-index=\"12\"><strong>UDMR<\/strong>\u00a018 parlamentari<\/p>\n<p data-index=\"13\"><strong>Minorit\u0103\u0163i<\/strong>\u00a017 parlamentari<\/p>\n<p data-index=\"14\"><strong>Neafilia\u0163i<\/strong>\u00a024 de parlamentari<\/p>\n<p data-index=\"15\"><strong>(sursa &#8211; www.cdep.ro)<\/strong><\/p>\n<p data-index=\"16\">\u201e\u00cen grupul conservator a ap\u0103rut un vagon nou de ardei, acum c\u0103 e toamn\u0103, ardei gras. \u015ei atunci ardeiul \u0103sta gras aduce beneficii Partidului Conservator. Noi trebuie s\u0103 vedem care este ponderea \u015fi s\u0103 d\u0103m Partidului Conservator mai multe func\u0163ii, dac\u0103 ardeiul gras \u00eenseamn\u0103 mai mul\u0163i bani.<\/p>\n<p data-index=\"17\"><strong>Eu sunt \u015feful pie\u0163ei \u015fi constat c\u0103 s-au schimbat ponderile \u00een pia\u0163\u0103 \u015fi trebuie s\u0103 iau tax\u0103, ca s\u0103 aduc bani la buget<\/strong>\u201d, a declarat\u00a0<a href=\"https:\/\/www.digi24.ro\/Stiri\/Digi24\/Actualitate\/Politica\/Valeriu+Zgonea+despre+migratia+parlamentarilor+In+grupul+conserv\" target=\"_blank\" data-skip-linkfix=\"1\" rel=\"noopener\"><strong>Valeriu Zgonea.<\/strong><\/a><\/p>\n<p data-index=\"18\">Pre\u015fedintele Camerei Deputa\u0163ilor continu\u0103 paralela cu taraba din pia\u0163\u0103 unde el e \u015fef \u015fi unde face trocul legume-func\u0163ii.<\/p>\n<p data-index=\"19\">\u201eUNPR func\u0163ioneaz\u0103 \u00een grupul PSD \u015fi are din ponderea PSD. \u00cen curtea mea exist\u0103 un vagon \u00een plus de morcovi, ei sunt \u00een curtea mea\u201d, a ad\u0103ugat Valeriu Zgonea.<\/p>\n<p data-index=\"20\">\u201e<span>Devenim al treilea grup ca m\u0103rime \u00een Camera Deputa\u0163ilor, aceast\u0103 colaborare la nivel parlamentar este extrem de util\u0103 din perspectiva proiectelor pe care le-am avut \u015fi a promisiunilor f\u0103cute electoratului\u201d, a spus Bogdan Ciuc\u0103.<\/span><\/p>\n<p data-index=\"21\">Ac\u0163iunea noastr\u0103 este o ac\u0163iune \u00een perfect\u0103 concordan\u0163\u0103 cu angajamentele asumate \u00een 2012. Noi chiar avem un trecut PC \u015fi PNL, prin acel ACD, noi continu\u0103m colaborarea cu PC\u201d, a precizat Radu Stroe, deputat PLR.<\/p>\n<p data-index=\"22\">Negocierile vor continua \u015fi zilele urm\u0103toare. Grupul liberal-conservator ar urma s\u0103 ia o func\u0163ie de la PNL, cel mai probabil de secretar sau chestor. Conservatorii \u015fi liberalii lui C\u0103lin Popescu T\u0103riceanu vor bate palma \u015fi la Senat.<\/p>\n<\/div>\n<p> Source URL: https:\/\/www.digi24.ro\/stiri\/actualitate\/politica\/lupta-pentru-functii-in-camera-deputatilor-pc-si-plr-nu-au-primit-nicio-functie-in-biroul-permanent-288255<\/p>\n","protected":false},"excerpt":{"rendered":"<p>ACTUALIZARE 12.10. \u00cen Camera Deputa\u0163ilor, grupul parlamentar liberal-conservator n-a primit nicio func\u0163ie de conducere. Abia de anul viitor, parlamentarii PC \u015fi PLR ar putea ob\u0163ine un post de chestor. Camera Deputa\u0163ilor a aprobat noua structur\u0103 a Biroului Permanent al acestui for legislativ, singura diferen\u0163\u0103 fa\u0163\u0103 de sesiunea trecut\u0103 fiind aceea c\u0103 PDL nu va mai [&hellip;]<\/p>\n","protected":false},"author":1,"featured_media":197999,"comment_status":"open","ping_status":"","sticky":false,"template":"","format":"standard","meta":{"footnotes":""},"categories":[2],"tags":[11],"class_list":["post-197998","post","type-post","status-publish","format-standard","has-post-thumbnail","hentry","category-politics","tag-digi24"],"_links":{"self":[{"href":"https:\/\/analyse.optim.biz\/index.php?rest_route=\/wp\/v2\/posts\/197998","targetHints":{"allow":["GET"]}}],"collection":[{"href":"https:\/\/analyse.optim.biz\/index.php?rest_route=\/wp\/v2\/posts"}],"about":[{"href":"https:\/\/analyse.optim.biz\/index.php?rest_route=\/wp\/v2\/types\/post"}],"author":[{"embeddable":true,"href":"https:\/\/analyse.optim.biz\/index.php?rest_route=\/wp\/v2\/users\/1"}],"replies":[{"embeddable":true,"href":"https:\/\/analyse.optim.biz\/index.php?rest_route=%2Fwp%2Fv2%2Fcomments&post=197998"}],"version-history":[{"count":0,"href":"https:\/\/analyse.optim.biz\/index.php?rest_route=\/wp\/v2\/posts\/197998\/revisions"}],"wp:featuredmedia":[{"embeddable":true,"href":"https:\/\/analyse.optim.biz\/index.php?rest_route=\/wp\/v2\/media\/197999"}],"wp:attachment":[{"href":"https:\/\/analyse.optim.biz\/index.php?rest_route=%2Fwp%2Fv2%2Fmedia&parent=197998"}],"wp:term":[{"taxonomy":"category","embeddable":true,"href":"https:\/\/analyse.optim.biz\/index.php?rest_route=%2Fwp%2Fv2%2Fcategories&post=197998"},{"taxonomy":"post_tag","embeddable":true,"href":"https:\/\/analyse.optim.biz\/index.php?rest_route=%2Fwp%2Fv2%2Ftags&post=197998"}],"curies":[{"name":"wp","href":"https:\/\/api.w.org\/{rel}","templated":true}]}}