{"id":197987,"date":"2014-09-02T11:23:29","date_gmt":"2014-09-02T08:23:29","guid":{"rendered":"https:\/\/analyse.optim.biz\/?p=197987"},"modified":"2014-09-02T11:23:29","modified_gmt":"2014-09-02T08:23:29","slug":"refuza-sa-confirme-numele-comisarului-victor-ponta-iritat-de-declaratiile-ticaloase-din-romania","status":"publish","type":"post","link":"https:\/\/analyse.optim.biz\/?p=197987","title":{"rendered":"Refuz\u0103 s\u0103 confirme numele comisarului. Victor Ponta, iritat de declara\u0163iile &#8220;tic\u0103loase&#8221; din Rom\u00e2nia"},"content":{"rendered":"<div class=\"entry data-app-meta data-app-meta-article\" data-embed-base-url-canonical=\"https:\/\/www.digi24.ro\/embed\/stiri\/actualitate\/politica\/refuza-sa-confirme-numele-comisarului-victor-ponta-iritat-de-declaratiile-ticaloase-din-romania-288302\">\n<p data-index=\"1\">Aflat \u00een China, \u015feful Executivului spune c\u0103 nu va face nicio declara\u0163ie legat\u0103 de persoana propus\u0103, p\u00e2n\u0103 c\u00e2nd pre\u0219edintele Jean Claude Juncker nu va decide portofoliul care va fi acordat \u0163\u0103rii noastre. Victor Ponta a catalogat, \u201eextrem de iresponsabile, chiar tic\u0103loase declara\u021biile din Rom\u00e2nia prin care deja este atacat orice posibil comisar european\u201d. <\/p>\n<p data-index=\"2\">La sf\u00e2r\u015fitul s\u0103pt\u0103m\u00e2nii trecute, prim-ministrul a declarat c\u0103 a luat decizia de a face o a doua nominalizare, pe l\u00e2ng\u0103 Dacian Ciolo\u015f, pentru ca \u015fansele Bucure\u015ftiului de a ob\u0163ine un portofoliu important s\u0103 fie c\u00e2t mai mari. <\/p>\n<p data-index=\"3\">Victor Ponta nu a vrut \u00eens\u0103 s\u0103 spun\u0103 despre cine este vorba. Totu\u015fi, \u00eentr-o scrisoare trimis\u0103 pre\u015fedintelui Comisiei Europene la sf\u00e2r\u015fitul lunii iulie, premierul a f\u0103cut dou\u0103 propuneri pentru postul de comisar european, respectiv Dacian Ciolo\u015f \u015fi <a href=\"https:\/\/www.digi24.ro\/Stiri\/Digi24\/Actualitate\/Politica\/ZGONEA+DEMISIE+\" target=\"_blank\" data-skip-linkfix=\"1\" rel=\"noopener\"><strong>Corina Cre\u0163u.\u00a0<\/strong><\/a><\/p>\n<p data-index=\"4\">Premierul<strong> Victor Ponta l-a informat \u00een data de 30 iulie pe pre\u015fedintele Camerei Deputa\u0163ilor, Valeriu Zgonea<\/strong>, despre cele dou\u0103 propuneri ale Guvernului pentru comisar european, informarea con\u0163in\u00e2nd inclusiv numele celor propu\u015fi, respectiv Dacian Ciolo\u015f \u015fi Corina Cre\u0163u.<\/p>\n<p data-index=\"5\">\u00cen acest context, <strong>PNL a cerut, \u00eentr-un comunicat de pres\u0103, demisia pre\u015fedintelui Camerei Deputa\u0163ilor<\/strong>, Valeriu Zgonea, pe care \u00eel acuz\u0103 de \u201et\u0103inuire de informa\u0163ii\u201d pe care parlamentarii, conform legii, trebuie s\u0103 le afle.<\/p>\n<p data-index=\"6\"><strong><br \/><\/strong><\/p>\n<\/div>\n<p> Source URL: https:\/\/www.digi24.ro\/stiri\/actualitate\/politica\/refuza-sa-confirme-numele-comisarului-victor-ponta-iritat-de-declaratiile-ticaloase-din-romania-288302<\/p>\n","protected":false},"excerpt":{"rendered":"<p>Aflat \u00een China, \u015feful Executivului spune c\u0103 nu va face nicio declara\u0163ie legat\u0103 de persoana propus\u0103, p\u00e2n\u0103 c\u00e2nd pre\u0219edintele Jean Claude Juncker nu va decide portofoliul care va fi acordat \u0163\u0103rii noastre. Victor Ponta a catalogat, \u201eextrem de iresponsabile, chiar tic\u0103loase declara\u021biile din Rom\u00e2nia prin care deja este atacat orice posibil comisar european\u201d. La sf\u00e2r\u015fitul [&hellip;]<\/p>\n","protected":false},"author":1,"featured_media":197988,"comment_status":"open","ping_status":"","sticky":false,"template":"","format":"standard","meta":{"footnotes":""},"categories":[2],"tags":[11],"class_list":["post-197987","post","type-post","status-publish","format-standard","has-post-thumbnail","hentry","category-politics","tag-digi24"],"_links":{"self":[{"href":"https:\/\/analyse.optim.biz\/index.php?rest_route=\/wp\/v2\/posts\/197987","targetHints":{"allow":["GET"]}}],"collection":[{"href":"https:\/\/analyse.optim.biz\/index.php?rest_route=\/wp\/v2\/posts"}],"about":[{"href":"https:\/\/analyse.optim.biz\/index.php?rest_route=\/wp\/v2\/types\/post"}],"author":[{"embeddable":true,"href":"https:\/\/analyse.optim.biz\/index.php?rest_route=\/wp\/v2\/users\/1"}],"replies":[{"embeddable":true,"href":"https:\/\/analyse.optim.biz\/index.php?rest_route=%2Fwp%2Fv2%2Fcomments&post=197987"}],"version-history":[{"count":0,"href":"https:\/\/analyse.optim.biz\/index.php?rest_route=\/wp\/v2\/posts\/197987\/revisions"}],"wp:featuredmedia":[{"embeddable":true,"href":"https:\/\/analyse.optim.biz\/index.php?rest_route=\/wp\/v2\/media\/197988"}],"wp:attachment":[{"href":"https:\/\/analyse.optim.biz\/index.php?rest_route=%2Fwp%2Fv2%2Fmedia&parent=197987"}],"wp:term":[{"taxonomy":"category","embeddable":true,"href":"https:\/\/analyse.optim.biz\/index.php?rest_route=%2Fwp%2Fv2%2Fcategories&post=197987"},{"taxonomy":"post_tag","embeddable":true,"href":"https:\/\/analyse.optim.biz\/index.php?rest_route=%2Fwp%2Fv2%2Ftags&post=197987"}],"curies":[{"name":"wp","href":"https:\/\/api.w.org\/{rel}","templated":true}]}}