{"id":197984,"date":"2014-09-02T12:08:04","date_gmt":"2014-09-02T09:08:04","guid":{"rendered":"https:\/\/analyse.optim.biz\/?p=197984"},"modified":"2014-09-02T12:08:04","modified_gmt":"2014-09-02T09:08:04","slug":"morcovii-si-ardeii-grasi-s-au-suparat-pe-valeriu-zgonea-seful-camerei-fac-si-eu-cateva-glume","status":"publish","type":"post","link":"https:\/\/analyse.optim.biz\/?p=197984","title":{"rendered":"&#8220;Morcovii&#8221; \u015fi &#8220;ardeii gra\u015fi&#8221; s-au sup\u0103rat pe Valeriu Zgonea. \u015eeful Camerei: Fac \u015fi eu c\u00e2teva glume"},"content":{"rendered":"<div class=\"entry data-app-meta data-app-meta-article\" data-embed-base-url-canonical=\"https:\/\/www.digi24.ro\/embed\/stiri\/actualitate\/politica\/morcovii-si-ardeii-grasi-s-au-suparat-pe-valeriu-zgonea-seful-camerei-fac-si-eu-cateva-glume-288342\">\n<p data-index=\"1\">\u00a0<img decoding=\"async\" src=\"https:\/\/analyse.optim.biz\/wp-content\/uploads\/2024\/09\/lmpwzyz3ptgwmczoyxnoptixmmzjnddjndjlmzmwzmvmmzfmnzbinwnjyta2mzni-thumb_.jpg\" data-skip-htmlfix=\"1\" title=\"lmpwzyz3ptgwmczoyxnoptixmmzjnddjndjlmzmwzmvmmzfmnzbinwnjyta2mzni-thumb_\"><\/p>\n<p data-index=\"2\">&#8220;V\u0103 rog s\u0103-mi accepta\u0163i scuzele pentru limbajul un pic neprincipial pe care l-am dat ieri \u00een interven\u021bia mea. Nu sunt \u00een cea mai bun\u0103 situa\u0163ie din via\u0163a mea, a\u015fa \u00eenc\u00e2t c\u00e2teodat\u0103 fac \u015fi eu c\u00e2teva glume, care nu sunt de bun augur \u00een func\u0163ia pe care o am de pre\u015fedinte al Camerei Deputa\u0163ilor \u015fi de deputat al Rom\u00e2niei&#8221;, le-a spus <strong>Valeriu Zgonea<\/strong> deputa\u0163ilor.<\/p>\n<p data-index=\"3\">El a f\u0103cut aceste preciz\u0103ri dup\u0103 interven\u0163ia liberalului <strong>Mih\u0103i\u0163\u0103 Calimente,<\/strong> care i-a spus lui Zgonea c\u0103 aplic\u0103 &#8220;selectiv&#8221; Regulamentul Camerei \u015fi c\u0103 pre\u015fedintele acestui for legislativ &#8220;nu este st\u0103p\u00e2nul inelelor&#8221;.<\/p>\n<p data-index=\"4\">&#8220;Nu uita\u0163i c\u0103 nu sunte\u0163i st\u0103p\u00e2nul inelelor! Credeam c\u0103 \u00eencepem deschiderea sesiunii parlamentare, dar am v\u0103zut ieri, \u00eentr-o declara\u0163ie pe care a\u0163i dat-o, c\u0103 avem o deschidere a pie\u0163elor de legume, ne-a\u0163i f\u0103cut morcovi \u015fi ardei gras&#8221;, a spus Calimente. El \u015fi Gheorghe Tinel (PDL) l-au criticat pe Valeriu Zgonea pentru c\u0103 \u015fedin\u0163ele de plen au \u00eenceput cu o \u00eent\u00e2rziere de peste o jum\u0103tate de or\u0103.<\/p>\n<p data-index=\"5\">Pre\u015fedintele Camerei Deputa\u0163ilor, Valeriu Zgonea, a declarat, luni, dup\u0103 am\u00e2narea pentru mar\u0163i a alegerii noului Birou permant al Camerei, c\u0103 grupurile parlamentare trebuiau s\u0103 negocieze func\u0163iile dup\u0103 ce ponderea grupului conservator a crescut.<\/p>\n<p data-index=\"6\">El a explicat situa\u0163ia d\u00e2nd ca exemplu morcovii \u015fi ardeii gra\u015fi. &#8220;UNPR func\u0163ioneaz\u0103 \u00een grupul parlmentar social-democrat \u015fi are din ponderea grupului social-democrat. \u00cen curtea mea exist\u0103 un vagon \u00een plus de morcovi, morcovii respectivi sunt la mine \u00een curte, sunt \u00een curtea mea social-democrat\u0103. \u00cen grupul conservator a ap\u0103rut un vagon nou de ardei acum c\u0103 e toamn\u0103, ardei gras \u015fi ardeiul \u0103sta gras aduce beneficii grupului conservator. Pe cale de consecin\u0163\u0103, noi vrem s\u0103 vedem care este ponderea noului Birou Permanent \u00een aceast\u0103 sesiune&#8221;, a ar\u0103tat Valeriu Zgonea.<\/p>\n<\/div>\n<p> Source URL: https:\/\/www.digi24.ro\/stiri\/actualitate\/politica\/morcovii-si-ardeii-grasi-s-au-suparat-pe-valeriu-zgonea-seful-camerei-fac-si-eu-cateva-glume-288342<\/p>\n","protected":false},"excerpt":{"rendered":"<p>\u00a0 &#8220;V\u0103 rog s\u0103-mi accepta\u0163i scuzele pentru limbajul un pic neprincipial pe care l-am dat ieri \u00een interven\u021bia mea. Nu sunt \u00een cea mai bun\u0103 situa\u0163ie din via\u0163a mea, a\u015fa \u00eenc\u00e2t c\u00e2teodat\u0103 fac \u015fi eu c\u00e2teva glume, care nu sunt de bun augur \u00een func\u0163ia pe care o am de pre\u015fedinte al Camerei Deputa\u0163ilor \u015fi [&hellip;]<\/p>\n","protected":false},"author":1,"featured_media":197985,"comment_status":"open","ping_status":"","sticky":false,"template":"","format":"standard","meta":{"footnotes":""},"categories":[2],"tags":[11],"class_list":["post-197984","post","type-post","status-publish","format-standard","has-post-thumbnail","hentry","category-politics","tag-digi24"],"_links":{"self":[{"href":"https:\/\/analyse.optim.biz\/index.php?rest_route=\/wp\/v2\/posts\/197984","targetHints":{"allow":["GET"]}}],"collection":[{"href":"https:\/\/analyse.optim.biz\/index.php?rest_route=\/wp\/v2\/posts"}],"about":[{"href":"https:\/\/analyse.optim.biz\/index.php?rest_route=\/wp\/v2\/types\/post"}],"author":[{"embeddable":true,"href":"https:\/\/analyse.optim.biz\/index.php?rest_route=\/wp\/v2\/users\/1"}],"replies":[{"embeddable":true,"href":"https:\/\/analyse.optim.biz\/index.php?rest_route=%2Fwp%2Fv2%2Fcomments&post=197984"}],"version-history":[{"count":0,"href":"https:\/\/analyse.optim.biz\/index.php?rest_route=\/wp\/v2\/posts\/197984\/revisions"}],"wp:featuredmedia":[{"embeddable":true,"href":"https:\/\/analyse.optim.biz\/index.php?rest_route=\/wp\/v2\/media\/197985"}],"wp:attachment":[{"href":"https:\/\/analyse.optim.biz\/index.php?rest_route=%2Fwp%2Fv2%2Fmedia&parent=197984"}],"wp:term":[{"taxonomy":"category","embeddable":true,"href":"https:\/\/analyse.optim.biz\/index.php?rest_route=%2Fwp%2Fv2%2Fcategories&post=197984"},{"taxonomy":"post_tag","embeddable":true,"href":"https:\/\/analyse.optim.biz\/index.php?rest_route=%2Fwp%2Fv2%2Ftags&post=197984"}],"curies":[{"name":"wp","href":"https:\/\/api.w.org\/{rel}","templated":true}]}}