{"id":197981,"date":"2014-09-02T12:16:03","date_gmt":"2014-09-02T09:16:03","guid":{"rendered":"https:\/\/analyse.optim.biz\/?p=197981"},"modified":"2014-09-02T12:16:03","modified_gmt":"2014-09-02T09:16:03","slug":"monica-macovei-a-demisionat-din-pdl","status":"publish","type":"post","link":"https:\/\/analyse.optim.biz\/?p=197981","title":{"rendered":"Monica Macovei a demisionat din PDL"},"content":{"rendered":"<div class=\"entry data-app-meta data-app-meta-article\" data-embed-base-url-canonical=\"https:\/\/www.digi24.ro\/embed\/stiri\/actualitate\/politica\/monica-macovei-a-demisionat-din-pdl-288350\">\n<p data-index=\"1\"><img decoding=\"async\" src=\"https:\/\/analyse.optim.biz\/wp-content\/uploads\/2024\/09\/lmpwzyz3ptgwmczoyxnopwi3mdm4yjdmmdezntezzjzhytexnjfhzgi3mmiznje5-thumb_.jpg\" data-skip-htmlfix=\"1\" title=\"lmpwzyz3ptgwmczoyxnopwi3mdm4yjdmmdezntezzjzhytexnjfhzgi3mmiznje5-thumb_\"><\/p>\n<p data-index=\"2\">\u201e<span>Demisionez din PDL. E o decizie g\u00e2ndit\u0103 \u00eendelung, nu e un gest f\u0103cut \u00een prip\u0103. Cred c\u0103 ceea ce se \u00eent\u00e2mpl\u0103 azi cu PDL este gre\u015fit.<\/span><\/p>\n<p data-index=\"3\">Din p\u0103cate, ultimele decizii ale liderilor PDL au indus mult\u0103 confuzie. Nu am \u00een\u0163eles de ce PDL nu poate avea propriul candidat la alegerile pentru func\u0163ia de pre\u015fedinte.\u00a0<\/p>\n<p data-index=\"4\">\u015etim c\u0103 \u00een ultimii ani domnul Iohannis a f\u0103cut \u00een\u0163elegeri cu PSD \u015fi Voiculescu, a fost chiar premierul lor desemnat. Domnul Iohannis nu a dovedit c\u0103 reprezint\u0103 dreapta \u015fi nici c\u0103 ap\u0103r\u0103 legea sau c\u0103 este \u00eempotriva corup\u0163iei.\u00a0<\/p>\n<p data-index=\"5\">Mul\u0163i membri \u015fi simpatizan\u0163i mi-au pus aceast\u0103 \u00eentrebare: <span lang=\"en-US\">&lt;<\/span><span>cu ce suntem noi mai prejos dec\u00e2t <\/span><span lang=\"en-US\">PNL?<\/span><span>de ce nu putem sus\u0163ine un candidat al nostru pentru alegeri?<\/span><span lang=\"en-US\">&gt;. <\/span><span>\u015ei eu mi-am pus acelea\u015fi \u00eentreb\u0103ri \u015fi nu am g\u0103sit un r\u0103spuns.\u00a0Poate doar c\u0103 unii lideri ai partidului au fost mai interesa\u0163i de combina\u0163iile de culise dec\u00e2t de binele partidului \u015fi al \u0163\u0103rii.\u00a0<\/span><\/p>\n<p data-index=\"6\">Sunt o adept\u0103 a unit\u0103\u0163ii dreptei. Dar nu \u00eenainte de clarifica spre binele \u015fi l\u0103murirea celor care ne voteaz\u0103 ce s-a \u00eent\u00e2mplat \u00een vara anului 2012 \u015fi de a clarifica votul din \u201cmar\u0163ea neagr\u0103\u201d, menit s\u0103 dea superimunitate demnitarilor, la care a participat \u015fi PNL. Nu trebuie s\u0103 l\u0103s\u0103m trecutul s\u0103 ne despart\u0103, dar suntem datori electoratului cu aceste clarific\u0103ri\u201d, a declarat <a href=\"https:\/\/www.facebook.com\/MonicaMacoveiUE?fref=ts\" target=\"_blank\" data-skip-linkfix=\"1\" rel=\"noopener\"><strong>Monica Macovei,<\/strong><\/a> \u00eentr-o conferin\u0163\u0103 de pres\u0103.\u00a0<\/p>\n<p data-index=\"7\">Monica Macovei a precizat c\u0103 nu se va \u00eenscrie \u00een alt partid politic \u015fi c\u0103 va candida ca independent la preziden\u0163iale.<\/p>\n<\/div>\n<p> Source URL: https:\/\/www.digi24.ro\/stiri\/actualitate\/politica\/monica-macovei-a-demisionat-din-pdl-288350<\/p>\n","protected":false},"excerpt":{"rendered":"<p>\u201eDemisionez din PDL. E o decizie g\u00e2ndit\u0103 \u00eendelung, nu e un gest f\u0103cut \u00een prip\u0103. Cred c\u0103 ceea ce se \u00eent\u00e2mpl\u0103 azi cu PDL este gre\u015fit. Din p\u0103cate, ultimele decizii ale liderilor PDL au indus mult\u0103 confuzie. Nu am \u00een\u0163eles de ce PDL nu poate avea propriul candidat la alegerile pentru func\u0163ia de pre\u015fedinte.\u00a0 \u015etim [&hellip;]<\/p>\n","protected":false},"author":1,"featured_media":197982,"comment_status":"open","ping_status":"","sticky":false,"template":"","format":"standard","meta":{"footnotes":""},"categories":[2],"tags":[11],"class_list":["post-197981","post","type-post","status-publish","format-standard","has-post-thumbnail","hentry","category-politics","tag-digi24"],"_links":{"self":[{"href":"https:\/\/analyse.optim.biz\/index.php?rest_route=\/wp\/v2\/posts\/197981","targetHints":{"allow":["GET"]}}],"collection":[{"href":"https:\/\/analyse.optim.biz\/index.php?rest_route=\/wp\/v2\/posts"}],"about":[{"href":"https:\/\/analyse.optim.biz\/index.php?rest_route=\/wp\/v2\/types\/post"}],"author":[{"embeddable":true,"href":"https:\/\/analyse.optim.biz\/index.php?rest_route=\/wp\/v2\/users\/1"}],"replies":[{"embeddable":true,"href":"https:\/\/analyse.optim.biz\/index.php?rest_route=%2Fwp%2Fv2%2Fcomments&post=197981"}],"version-history":[{"count":0,"href":"https:\/\/analyse.optim.biz\/index.php?rest_route=\/wp\/v2\/posts\/197981\/revisions"}],"wp:featuredmedia":[{"embeddable":true,"href":"https:\/\/analyse.optim.biz\/index.php?rest_route=\/wp\/v2\/media\/197982"}],"wp:attachment":[{"href":"https:\/\/analyse.optim.biz\/index.php?rest_route=%2Fwp%2Fv2%2Fmedia&parent=197981"}],"wp:term":[{"taxonomy":"category","embeddable":true,"href":"https:\/\/analyse.optim.biz\/index.php?rest_route=%2Fwp%2Fv2%2Fcategories&post=197981"},{"taxonomy":"post_tag","embeddable":true,"href":"https:\/\/analyse.optim.biz\/index.php?rest_route=%2Fwp%2Fv2%2Ftags&post=197981"}],"curies":[{"name":"wp","href":"https:\/\/api.w.org\/{rel}","templated":true}]}}