{"id":197970,"date":"2014-09-02T12:39:34","date_gmt":"2014-09-02T09:39:34","guid":{"rendered":"https:\/\/analyse.optim.biz\/?p=197970"},"modified":"2014-09-02T12:39:34","modified_gmt":"2014-09-02T09:39:34","slug":"senatul-a-extins-amnistia-pentru-toti-bugetarii-proiectul-va-ajunge-in-plenul-camerei-deputatilor-saptamana-viitoare","status":"publish","type":"post","link":"https:\/\/analyse.optim.biz\/?p=197970","title":{"rendered":"Senatul a extins amnistia pentru to\u021bi bugetarii. Proiectul va ajunge \u00een plenul Camerei Deputa\u0163ilor s\u0103pt\u0103m\u00e2na viitoare"},"content":{"rendered":"<div class=\"entry data-app-meta data-app-meta-article\" data-embed-base-url-canonical=\"https:\/\/www.digi24.ro\/embed\/stiri\/actualitate\/politica\/senatul-a-extins-amnistia-pentru-toti-bugetarii-proiectul-va-ajunge-in-plenul-camerei-deputatilor-saptamana-viitoare-288382\">\n<p data-index=\"1\"><strong>Actualizare 15.08. Amnistia fiscal\u0103 a trecut de Comisia de Munc\u0103. Proiectul va ajunge \u00een plenul Camerei Deputa\u0163ilor \u00a0s\u0103pt\u0103m\u00e2na viitoare.<\/strong><\/p>\n<p data-index=\"2\">M\u0103sura va intra \u00een vigoare imediat dup\u0103 promulgarea legii.<\/p>\n<p data-index=\"3\"><strong>Actualizare 13:15:<\/strong> \u201eNoi am primit de la pre\u015fedin\u0163ie o cerere de reexaminare a acestui proiect de lege cu o specifica\u0163ie foarte clar\u0103: nu putem s\u0103 ne adres\u0103m numai profesorilor din Valea Jiului. Pe de o parte facem discriminare \u00een r\u00e2ndul profesorilor, pe de alt\u0103 parte am fi f\u0103cut discriminare \u00een r\u00e2ndul bugetarilor\u201d, a spus <strong>Liviu Pop.<\/strong><\/p>\n<p data-index=\"4\">El a ad\u0103ugat c\u0103 \u00een aceast\u0103 propunere se face referire la sumele pe care oamenii trebuie s\u0103 le dea \u00eenapoi c\u0103tre stat.<\/p>\n<p data-index=\"5\">\u201eNu cred c\u0103 poate spune cineva \u00een Rom\u00e2nia, ast\u0103zi, dac\u0103 aceast\u0103 lege a salariz\u0103rii unitare s-a aplicat corect peste tot, \u00een condi\u021biile \u00een care sunt locuri unde las\u0103 la foarte mult\u0103 interpretare unele articole\u201d, a mai spus senatorul.<\/p>\n<p data-index=\"6\">\u00centrebat despre c\u00e2te persoane sunt \u00een aceast\u0103 situa\u021bie, Liviu Popa a r\u0103spuns: \u201eDin datele pe care le avem ast\u0103zi, discut\u0103m despre cei 700 \u0219i ceva de profesori din Valea Jiului. Nu avem informa\u021bii ast\u0103zi situa\u021bii \u00een care s-a aplicat gre\u0219it legea salariz\u0103ii unitare\u201d.<\/p>\n<p data-index=\"7\">\u201eNoi repar\u0103m un lucru gre\u0219it. Nu e vina angajatului\u201d, a subliniat el.<\/p>\n<p data-index=\"8\">\u201eAzi vorbim de bani pe care nu-i mai recuper\u0103m \u00een baza unei legi proaste\u201d, a mai spus Liviu Pop.<\/p>\n<hr>\n<p data-index=\"9\">Senatorii au adoptat \u00een plen<a href=\"http:\/\/www.senat.ro\/Legis\/PDF%5C2013%5C13L384SX.pdf\" target=\"_blank\" data-skip-linkfix=\"1\" rel=\"noopener\"> un amendament<\/a> care a extins aplicabilitatea unei propuneri legislative care prevedea ini\u0163ial scutirea de la restituirea sumelor din venituri salariale, constatate nelegale, de la cadrele didactice la \u00eentregul personal bugetar.<\/p>\n<p data-index=\"10\">Amendamentul propus de Comisia pentru munc\u0103 a f\u0103cut ca Guvernul s\u0103-\u015fi schimbe pozi\u0163ia ini\u0163ial\u0103, \u00eempotriva propunerii legislative, \u00eentr-una \u00een favoarea actului normativ, men\u021bioneaz\u0103 sursa citat\u0103.<\/p>\n<p data-index=\"11\"><strong>Ministrul Muncii,\u00a0Rovana Plumb, prezent\u0103 la dezbateri, a sus\u0163inut propunerea legislativ\u0103, men\u0163ion\u00e2nd c\u0103 m\u0103sura ar fi o repara\u0163ie pentru bugetari, \u00eens\u0103 nu a explicat \u0219i impactul bugetar.<\/strong><\/p>\n<p data-index=\"12\">A fost un vot larg \u00een favoarea acestei extinderi a categoriilor care sunt vizate de amnistia fiscal\u0103, \u00een condi\u021biile \u00een care Guvernul, prim ministrul Rovana Plumb, a sus\u021binut aceast\u0103 m\u0103sur\u0103.<\/p>\n<p data-index=\"13\">Fost pu\u021bini au \u0219tiut ce voteaz\u0103, asta deoarece amendamentul ce \u00eei prive\u0219te pe to\u021bi bugetarii care nu vor mai da sumele primite necuvenit, a\u0219a cum a constatat Curtea de Conturi, a fost votat foarte repede \u00een Comisia de munc\u0103 \u0219i nu s-a discutat \u00een plen foarte mult despre extinderea pentru to\u021bi bugetarii.<\/p>\n<p data-index=\"14\">\u00cen \u00eencercarea despre a afla mai multe detalii despre cum s-a ajuns la aceast\u0103 m\u0103sur\u0103, <strong>nici deputa\u021bii nu aflaser\u0103 de aceast\u0103 extindere<\/strong>. Pre\u0219edintele Comisiei de munc\u0103 spunea c\u0103 nu este vorba de o extindere a m\u0103surii pentru to\u021bi bugetarii, transmite Alina Manolache, reporter Digi24.<\/p>\n<h5><span>Cum s-a \u00eent\u00e2mplat extinderea amnistierii fiscale<\/span><\/h5>\n<p data-index=\"15\"><strong><span>\u00cen Comisia de munc\u0103 a fost depus un amendament \u00een care se spune c\u0103 sunt viza\u021bi de amnistia fiscal\u0103 to\u021bi cei intr\u0103 sub inciden\u021ba legii 303\/2009, iar acea lege se refer\u0103 la tot personalul bugetar.<\/span><\/strong><\/p>\n<p data-index=\"16\">\u00cen Camera Deputa\u021bilor mai pot fi aduse modific\u0103ri la acest proiect de lege, \u00eens\u0103, \u00een condi\u021biile \u00een care Guvernul sus\u021bine aceast\u0103 m\u0103sur\u0103 \u0219i are majoritate \u00een Parlament, este pu\u021bin probabil s\u0103 revin\u0103 asupra deciziei luate, mai spune reporterul Digi24.<\/p>\n<p data-index=\"17\">Prima camer\u0103 sesizat\u0103 este Senatul, legea se afl\u0103 acum la Camera Deputa\u021bilor, care este camer\u0103 decizional\u0103, \u0219i este<strong> discutat\u0103 \u00een regim de urgen\u021b\u0103<\/strong> pentru c\u0103 ast\u0103zi este programat\u0103 deja o prim\u0103 \u0219edin\u021b\u0103 a Comisiei de Munc\u0103, iar s\u0103pt\u0103m\u00e2na viitoare ar putea s\u0103 ajung\u0103 \u00een plenul Camerei Deputa\u021bilor pentru votul final.<\/p>\n<h5><span><span>\u201eNu avem o evaluare a impactului bugetar\u201d<\/span><\/span><\/h5>\n<p data-index=\"18\"><span>\u201e<strong>Nu avem o evaluare a impactului bugetar<\/strong><\/span>\u00a0\u0219i nu cred c\u0103 putem discuta de un impact bugetar foarte mare, pentru c\u0103 amnistia pe care am votat-o \u00een plenul Senatului este pentru acele categorii la care legiuitorul, atunci c\u00e2nd a f\u0103cut Legea salariz\u0103rii unitare, n-a stabilit clar cum se aplic\u0103 legea\u201d, <strong>a declarat, la Digi24, Liviu Pop.\u00a0<\/strong><\/p>\n<hr>\n<p data-index=\"19\">Ieri, <strong><a href=\"https:\/\/www.digi24.ro\/Stiri\/Digi24\/Actualitate\/Social\/Amnistie+fiscala+extinsa+pentru+mame+si+pensionari\" data-skip-linkfix=\"1\">mamele \u015fi pensionarii au primit o veste bun\u0103<\/a><\/strong><span>. Senatul a votat legile care \u00eei iart\u0103 de la plata veniturilor ob\u0163inute ilegal, din vina func\u0163ionarilor. Mai mult,\u00a0PSD a venit cu un cadou suplimentar: mamele care au returnat banii, \u00eei vor primi \u00eenapoi. Ce-i drept, nu acum, ci de anul viitor \u015fi \u00een rate. Decizia final\u0103 depinde \u00eens\u0103 de votul deputa\u0163ilor \u015fi de pre\u015fedintele \u0163\u0103rii, care trebuie s\u0103 promulge legea.<\/span><\/p>\n<p data-index=\"20\">Potrivit Ministerului Muncii, de legea privind amnistia mamelor vor beneficia peste 12.000 de persoane.<\/p>\n<p data-index=\"21\">\u00cen anii trecu\u0163i alte zeci de mii de mame au dat banii necuveni\u0163i \u00eenapoi statului. \u00cen plus, peste 21.000 de v\u00e2rstnici care figureaz\u0103 cu datorii pentru pensii calculate gre\u015fit de func\u0163ionari vor fi scuti\u0163i de plata sumelor primite fara sa aiba acest drept.<\/p>\n<p data-index=\"22\">\n<\/div>\n<p> Source URL: https:\/\/www.digi24.ro\/stiri\/actualitate\/politica\/senatul-a-extins-amnistia-pentru-toti-bugetarii-proiectul-va-ajunge-in-plenul-camerei-deputatilor-saptamana-viitoare-288382<\/p>\n","protected":false},"excerpt":{"rendered":"<p>Actualizare 15.08. Amnistia fiscal\u0103 a trecut de Comisia de Munc\u0103. Proiectul va ajunge \u00een plenul Camerei Deputa\u0163ilor \u00a0s\u0103pt\u0103m\u00e2na viitoare. M\u0103sura va intra \u00een vigoare imediat dup\u0103 promulgarea legii. Actualizare 13:15: \u201eNoi am primit de la pre\u015fedin\u0163ie o cerere de reexaminare a acestui proiect de lege cu o specifica\u0163ie foarte clar\u0103: nu putem s\u0103 ne adres\u0103m [&hellip;]<\/p>\n","protected":false},"author":1,"featured_media":197971,"comment_status":"open","ping_status":"","sticky":false,"template":"","format":"standard","meta":{"footnotes":""},"categories":[2],"tags":[11],"class_list":["post-197970","post","type-post","status-publish","format-standard","has-post-thumbnail","hentry","category-politics","tag-digi24"],"_links":{"self":[{"href":"https:\/\/analyse.optim.biz\/index.php?rest_route=\/wp\/v2\/posts\/197970","targetHints":{"allow":["GET"]}}],"collection":[{"href":"https:\/\/analyse.optim.biz\/index.php?rest_route=\/wp\/v2\/posts"}],"about":[{"href":"https:\/\/analyse.optim.biz\/index.php?rest_route=\/wp\/v2\/types\/post"}],"author":[{"embeddable":true,"href":"https:\/\/analyse.optim.biz\/index.php?rest_route=\/wp\/v2\/users\/1"}],"replies":[{"embeddable":true,"href":"https:\/\/analyse.optim.biz\/index.php?rest_route=%2Fwp%2Fv2%2Fcomments&post=197970"}],"version-history":[{"count":0,"href":"https:\/\/analyse.optim.biz\/index.php?rest_route=\/wp\/v2\/posts\/197970\/revisions"}],"wp:featuredmedia":[{"embeddable":true,"href":"https:\/\/analyse.optim.biz\/index.php?rest_route=\/wp\/v2\/media\/197971"}],"wp:attachment":[{"href":"https:\/\/analyse.optim.biz\/index.php?rest_route=%2Fwp%2Fv2%2Fmedia&parent=197970"}],"wp:term":[{"taxonomy":"category","embeddable":true,"href":"https:\/\/analyse.optim.biz\/index.php?rest_route=%2Fwp%2Fv2%2Fcategories&post=197970"},{"taxonomy":"post_tag","embeddable":true,"href":"https:\/\/analyse.optim.biz\/index.php?rest_route=%2Fwp%2Fv2%2Ftags&post=197970"}],"curies":[{"name":"wp","href":"https:\/\/api.w.org\/{rel}","templated":true}]}}