{"id":197959,"date":"2014-09-02T12:45:30","date_gmt":"2014-09-02T09:45:30","guid":{"rendered":"https:\/\/analyse.optim.biz\/?p=197959"},"modified":"2014-09-02T12:45:30","modified_gmt":"2014-09-02T09:45:30","slug":"cearta-in-plenul-senatului-puiu-hasotti-mi-se-pare-noaptea-mintii","status":"publish","type":"post","link":"https:\/\/analyse.optim.biz\/?p=197959","title":{"rendered":"Ceart\u0103 \u00een plenul Senatului. Puiu Ha\u015fotti: &#8220;Mi se pare noaptea min\u0163ii&#8221;"},"content":{"rendered":"<div class=\"entry data-app-meta data-app-meta-article\" data-embed-base-url-canonical=\"https:\/\/www.digi24.ro\/embed\/stiri\/actualitate\/politica\/cearta-in-plenul-senatului-puiu-hasotti-mi-se-pare-noaptea-mintii-288387\">\n<p data-index=\"1\">PNL a contestat \u00eenfiin\u0163area unui grup liberal &#8211; conservator pe motiv c\u0103 nu respect\u0103 regulamentul Senatului.<\/p>\n<p data-index=\"2\">Grupul nostru se cheam\u0103 acum Grupul Liberal Consevator &#8211; PC \u2013 PLR\u201d, a declarat \u00een plenul Senatului, <strong>Dumitru Pelican<\/strong> \u2013 senator PC.<\/p>\n<p data-index=\"3\">\u201eEu l-am rugat pe domnul senator Pelican s\u0103 ne spun\u0103 \u00een baz\u0103 c\u0103rui articol din regulament un grup &#8211; PC &#8211; \u015fi ni\u015fte colegi senatori &#8211; m\u0103 feresc s\u0103 dau epitete &#8211; formeaz\u0103 un grup cu alt\u0103 denumire. \u00cen baza c\u0103rui articol? Cum vine denumirea asta liberal &#8211; conservator? Mi se pare noaptea min\u0163ii\u201d, a criticat<strong> Puiu Ha\u015fotti,<\/strong> liderul senatorilor liberali.<\/p>\n<p data-index=\"4\">\u201eDomnule senator, v\u0103 r\u0103spund altfel &#8211; <strong>ce nu este interzis este permis<\/strong>. Nu e nici un articol \u00een regulament care s\u0103 interzic\u0103 schimbarea denumirii grupului. Nu exist\u0103. Uita\u0163i-v\u0103 la el \u00eenc\u0103 o dat\u0103, nu e\u201d, a replicat <strong>C\u0103lin Popescu T\u0103riceanu, pre\u015fedintele Senatului.\u00a0<\/strong><\/p>\n<p data-index=\"5\">Liderul senatorilor liberali le-a f\u0103cut colegilor de la putere \u015fi o propunere.<\/p>\n<p data-index=\"6\">\u201eHai s\u0103 ne d\u0103m cu to\u0163ii demisia, hai s\u0103 facem alegeri anticipate. C\u0103 to\u0163i am fost ale\u015fi pe lista USL-ului. Este aceasta o ra\u0163iune pentru migra\u0163ia politic\u0103? Nu\u201d, a spus<strong> Puiu Ha\u015fotti.<\/strong><\/p>\n<p data-index=\"7\">Spiritele s-au \u00eencins \u015fi mai tare c\u00e2nd un senator liberal a cerut s\u0103 afle dac\u0103 acest protocol \u00eenseamn\u0103 intrarea partidului condus de <strong>C\u0103lin Popescu T\u0103riceanu<\/strong> \u00een alian\u0163a de guvernare.<\/p>\n<p data-index=\"8\">\u201eGrupul Partidului Consevator face parte din Uniunea Social Democrat\u0103. Vreau s\u0103 \u015ftiu dac\u0103 liberalii care s-au afiliat fac parte dintr-o Uniune Social Democrat\u0103: asta vreau s\u0103 \u015ftiu\u201d, a \u00eentrebat Tudor Barbu, senator PNL.<\/p>\n<p data-index=\"9\">\u201eC\u00e2nd v\u0103 adresa\u0163i Senatului, v\u0103 rog s\u0103 v\u0103 scoate\u0163i m\u00e2na din buzunar. Ca un minim gest de civiliza\u0163ie \u015fi respect\u201d, a replicat C\u0103lin Popescu T\u0103riceanu.<\/p>\n<p data-index=\"10\">Din grupul liberal conservator de la Senat fac parte nou\u0103 senatori PC \u015fi 6 membri ai Partidului Liberal Reformator. \u015ei la Camera Deputa\u0163ilor 20 de parlamentari neafilia\u0163i \u015fi fo\u015fti membri ai PNL s-au al\u0103turat conservatorilor. Deocamdat\u0103, noile grupuri nu vor primi nicio func\u0163ie de conducere \u00een Birourile Permanente ale Parlamentului<\/p>\n<p data-index=\"11\"><strong>\u00a0<\/strong><\/p>\n<\/div>\n<p> Source URL: https:\/\/www.digi24.ro\/stiri\/actualitate\/politica\/cearta-in-plenul-senatului-puiu-hasotti-mi-se-pare-noaptea-mintii-288387<\/p>\n","protected":false},"excerpt":{"rendered":"<p>PNL a contestat \u00eenfiin\u0163area unui grup liberal &#8211; conservator pe motiv c\u0103 nu respect\u0103 regulamentul Senatului. Grupul nostru se cheam\u0103 acum Grupul Liberal Consevator &#8211; PC \u2013 PLR\u201d, a declarat \u00een plenul Senatului, Dumitru Pelican \u2013 senator PC. \u201eEu l-am rugat pe domnul senator Pelican s\u0103 ne spun\u0103 \u00een baz\u0103 c\u0103rui articol din regulament un [&hellip;]<\/p>\n","protected":false},"author":1,"featured_media":197960,"comment_status":"open","ping_status":"","sticky":false,"template":"","format":"standard","meta":{"footnotes":""},"categories":[2],"tags":[11],"class_list":["post-197959","post","type-post","status-publish","format-standard","has-post-thumbnail","hentry","category-politics","tag-digi24"],"_links":{"self":[{"href":"https:\/\/analyse.optim.biz\/index.php?rest_route=\/wp\/v2\/posts\/197959","targetHints":{"allow":["GET"]}}],"collection":[{"href":"https:\/\/analyse.optim.biz\/index.php?rest_route=\/wp\/v2\/posts"}],"about":[{"href":"https:\/\/analyse.optim.biz\/index.php?rest_route=\/wp\/v2\/types\/post"}],"author":[{"embeddable":true,"href":"https:\/\/analyse.optim.biz\/index.php?rest_route=\/wp\/v2\/users\/1"}],"replies":[{"embeddable":true,"href":"https:\/\/analyse.optim.biz\/index.php?rest_route=%2Fwp%2Fv2%2Fcomments&post=197959"}],"version-history":[{"count":0,"href":"https:\/\/analyse.optim.biz\/index.php?rest_route=\/wp\/v2\/posts\/197959\/revisions"}],"wp:featuredmedia":[{"embeddable":true,"href":"https:\/\/analyse.optim.biz\/index.php?rest_route=\/wp\/v2\/media\/197960"}],"wp:attachment":[{"href":"https:\/\/analyse.optim.biz\/index.php?rest_route=%2Fwp%2Fv2%2Fmedia&parent=197959"}],"wp:term":[{"taxonomy":"category","embeddable":true,"href":"https:\/\/analyse.optim.biz\/index.php?rest_route=%2Fwp%2Fv2%2Fcategories&post=197959"},{"taxonomy":"post_tag","embeddable":true,"href":"https:\/\/analyse.optim.biz\/index.php?rest_route=%2Fwp%2Fv2%2Ftags&post=197959"}],"curies":[{"name":"wp","href":"https:\/\/api.w.org\/{rel}","templated":true}]}}