{"id":197956,"date":"2014-09-02T13:13:11","date_gmt":"2014-09-02T10:13:11","guid":{"rendered":"https:\/\/analyse.optim.biz\/?p=197956"},"modified":"2014-09-02T13:13:11","modified_gmt":"2014-09-02T10:13:11","slug":"vasile-blaga-dupa-demisia-monicai-macovei-nu-e-o-surpriza-pentru-nimeni","status":"publish","type":"post","link":"https:\/\/analyse.optim.biz\/?p=197956","title":{"rendered":"Vasile Blaga, dup\u0103 demisia Monic\u0103i Macovei: Nu e o surpriz\u0103 pentru nimeni"},"content":{"rendered":"<div class=\"entry data-app-meta data-app-meta-article\" data-embed-base-url-canonical=\"https:\/\/www.digi24.ro\/embed\/stiri\/actualitate\/politica\/vasile-blaga-dupa-demisia-monicai-macovei-nu-e-o-surpriza-pentru-nimeni-288410\">\n<p data-index=\"1\">\u00a0<img decoding=\"async\" src=\"https:\/\/analyse.optim.biz\/wp-content\/uploads\/2024\/09\/n2uwmge4yzdimte2zgnlntc2mju4mgvizja4nq-thumb_.jpg\" data-skip-htmlfix=\"1\" title=\"n2uwmge4yzdimte2zgnlntc2mju4mgvizja4nq-thumb_\"><\/p>\n<p data-index=\"2\">Blaga a spus c\u0103 &#8220;nu e o surpriz\u0103 pentru nimeni&#8221; faptul c\u0103 Macovei a demisionat din PDL, potrivit Mediafax.<\/p>\n<p data-index=\"3\">&#8220;Nu e o surpriz\u0103 pentru nimeni, nu m\u0103 bucur de plecarea nim\u0103nui, dar doamna Macovei avea de ales. Dac\u0103 \u015fi-ar fi \u00eenscris candidatura la preziden\u0163iale ca independent, era radiat\u0103 din partid&#8221;, a ad\u0103ugat Blaga.<\/p>\n<p data-index=\"4\">\u201eNu regret nimic pentru ce am propus partidului \u015fi partidul a fost de acord \u00een sus\u0163inerea doamnei Macovei. Mai departe, rom\u00e2nii v\u0103d \u015fi apreciaz\u0103&#8221;, a mai declarat pre\u0219edintele PDL.<\/p>\n<p data-index=\"5\">Monica Macovei, care \u0219i-a anun\u021bat candidatura independent\u0103 la Pre\u0219edin\u021bie, a declarat, mar\u021bi, c\u0103 pleac\u0103 din PDL.<\/p>\n<p data-index=\"6\">Macovei a f\u0103cut acest anun\u021b \u00eentr-o conferin\u021b\u0103 de pres\u0103.<\/p>\n<\/div>\n<p> Source URL: https:\/\/www.digi24.ro\/stiri\/actualitate\/politica\/vasile-blaga-dupa-demisia-monicai-macovei-nu-e-o-surpriza-pentru-nimeni-288410<\/p>\n","protected":false},"excerpt":{"rendered":"<p>\u00a0 Blaga a spus c\u0103 &#8220;nu e o surpriz\u0103 pentru nimeni&#8221; faptul c\u0103 Macovei a demisionat din PDL, potrivit Mediafax. &#8220;Nu e o surpriz\u0103 pentru nimeni, nu m\u0103 bucur de plecarea nim\u0103nui, dar doamna Macovei avea de ales. Dac\u0103 \u015fi-ar fi \u00eenscris candidatura la preziden\u0163iale ca independent, era radiat\u0103 din partid&#8221;, a ad\u0103ugat Blaga. \u201eNu [&hellip;]<\/p>\n","protected":false},"author":1,"featured_media":197957,"comment_status":"open","ping_status":"","sticky":false,"template":"","format":"standard","meta":{"footnotes":""},"categories":[2],"tags":[11],"class_list":["post-197956","post","type-post","status-publish","format-standard","has-post-thumbnail","hentry","category-politics","tag-digi24"],"_links":{"self":[{"href":"https:\/\/analyse.optim.biz\/index.php?rest_route=\/wp\/v2\/posts\/197956","targetHints":{"allow":["GET"]}}],"collection":[{"href":"https:\/\/analyse.optim.biz\/index.php?rest_route=\/wp\/v2\/posts"}],"about":[{"href":"https:\/\/analyse.optim.biz\/index.php?rest_route=\/wp\/v2\/types\/post"}],"author":[{"embeddable":true,"href":"https:\/\/analyse.optim.biz\/index.php?rest_route=\/wp\/v2\/users\/1"}],"replies":[{"embeddable":true,"href":"https:\/\/analyse.optim.biz\/index.php?rest_route=%2Fwp%2Fv2%2Fcomments&post=197956"}],"version-history":[{"count":0,"href":"https:\/\/analyse.optim.biz\/index.php?rest_route=\/wp\/v2\/posts\/197956\/revisions"}],"wp:featuredmedia":[{"embeddable":true,"href":"https:\/\/analyse.optim.biz\/index.php?rest_route=\/wp\/v2\/media\/197957"}],"wp:attachment":[{"href":"https:\/\/analyse.optim.biz\/index.php?rest_route=%2Fwp%2Fv2%2Fmedia&parent=197956"}],"wp:term":[{"taxonomy":"category","embeddable":true,"href":"https:\/\/analyse.optim.biz\/index.php?rest_route=%2Fwp%2Fv2%2Fcategories&post=197956"},{"taxonomy":"post_tag","embeddable":true,"href":"https:\/\/analyse.optim.biz\/index.php?rest_route=%2Fwp%2Fv2%2Ftags&post=197956"}],"curies":[{"name":"wp","href":"https:\/\/api.w.org\/{rel}","templated":true}]}}