{"id":197945,"date":"2014-09-02T14:59:11","date_gmt":"2014-09-02T11:59:11","guid":{"rendered":"https:\/\/analyse.optim.biz\/?p=197945"},"modified":"2014-09-02T14:59:11","modified_gmt":"2014-09-02T11:59:11","slug":"amnistiere-fiscala-extinsa-pentru-toti-bugetarii-rovana-plumb-cand-vom-sti-numarul-de-bugetari-il-vom-comunica-avem-toate-cifrele","status":"publish","type":"post","link":"https:\/\/analyse.optim.biz\/?p=197945","title":{"rendered":"Amnistiere fiscal\u0103 extins\u0103 pentru to\u021bi bugetarii. Rovana Plumb: \u201eC\u00e2nd vom \u0219ti num\u0103rul de bugetari \u00eel vom comunica&#8230; Avem toate cifrele\u201d"},"content":{"rendered":"<div class=\"entry data-app-meta data-app-meta-article\" data-embed-base-url-canonical=\"https:\/\/www.digi24.ro\/embed\/stiri\/actualitate\/politica\/amnistiere-fiscala-extinsa-pentru-toti-bugetarii-rovana-plumb-cand-vom-sti-numarul-de-bugetari-il-vom-comunica-avem-toate-cifrele-288501\">\n<p data-index=\"1\">Rovana Plumb, ministrul Muncii \u0219i Protec\u021biei Sociale, a declarat c\u0103 Guvernul sus\u021bine modific\u0103rile care au fost aduse legii amnistiei fiscale de c\u0103tre senatori.<\/p>\n<p data-index=\"2\">\u201e<span>Sper ca \u0219i Camera Deputa\u021bilor, prin comisie \u0219i \u00een plenul ei, s\u0103 adopte aceste proiecte de legi prin care ajut\u0103m m\u0103micile \u0219i bugetarii\u201d, a spus Rovana Plumb.<\/span><\/p>\n<p data-index=\"3\">Rugat\u0103 s\u0103 enumere categoriile de bugetari pentru care a fost extins\u0103 aceast\u0103 amnistie fiscal\u0103, Rovana Plumb a r\u0103spuns c\u0103 este vorba despre \u201eto\u021bi cei care activeaz\u0103 \u00een sectorul bugetar care au primit anumite sporuri \u00een baza unui contract colectiv de munc\u0103, care la momentul intr\u0103rii \u00een aplicare a legilor f\u0103cute de c\u0103tre Boc prin care s-au t\u0103iat salariile, s-au t\u0103iat aceste sporuri, erau \u00eenc\u0103 \u00een vigoare\u201d.<\/p>\n<p data-index=\"4\">\u201e<span>Guvernul Ponta numai \u00een 2014 pl\u0103te\u0219te 2 miliarde de lei ca urmare a m\u0103surilor aberante luate de c\u0103tre guvernele Boc, iar la acestea se adaug\u0103 hot\u0103r\u00e2rile judec\u0103tore\u0219ti pentru care s-au constituit debite de c\u0103tre Curtea de Conturi pentru nerespectarea acestor prevederi \u00een ceea ce prive\u0219t acordarea de sporuri\u201d, a men\u021bionat ministrul.<\/span><\/p>\n<p data-index=\"5\">\u00centrebat\u0103 dac\u0103 are o estimare despre c\u00e2\u021bi oameni se \u00eencadreaz\u0103 \u00een aceste noi prevederi, Rovana Plumba a r\u0103spuns: \u201eMinisterul Muncii, \u00een momentul de fa\u021b\u0103, poate s\u0103 v\u0103 spun\u0103 c\u0103 este vorba de o sum\u0103 de 300 de milioane de lei. Nu este vorba de returnare, este vorba de amnistierea fiscal\u0103 a debitelor constituite prin decizia Cur\u021bii de Conturi la nivelul sectorului bugetar. M-a\u021bi \u00eentrebat c\u00e2\u021bi bugetari, \u00een momentul de fa\u021b\u0103 Ministerul Muncii are doar cuantumul debitelor constituite. \u00cen momentul \u00een care vom \u0219ti \u0219i num\u0103rul de bugetari \u00eel vom comunica. Exist\u0103 o analiz\u0103 \u00eentre ministerele Muncii \u0219i Finan\u021belor\u201d.<\/p>\n<p data-index=\"6\">Rovana Plumb a spus c\u0103 cele 300 de milioane de lei nu au nicio influen\u021b\u0103 asupra bugetului, deoarece nu au fost prev\u0103zu\u021bi ca venituri pe anul 2014.<\/p>\n<p data-index=\"7\">\u201e<span>Salariile \u0219i pensiile se vor pl\u0103ti \u00een continuare. Vreau s\u0103 asigur c\u0103 de la 1 ianuarie 2015 se vor pl\u0103ti pensiile majorate\u201d, a spus ea.<\/span><\/p>\n<p data-index=\"8\">\u00centrebat\u0103 de ce Guvernul a luat aceast\u0103 m\u0103sur\u0103 \u00eenainte s\u0103 aib\u0103 toate cifrele, Rovana Plumb a r\u0103spuns: \u201eAvem toate cifrele\u201d.<\/p>\n<\/div>\n<p> Source URL: https:\/\/www.digi24.ro\/stiri\/actualitate\/politica\/amnistiere-fiscala-extinsa-pentru-toti-bugetarii-rovana-plumb-cand-vom-sti-numarul-de-bugetari-il-vom-comunica-avem-toate-cifrele-288501<\/p>\n","protected":false},"excerpt":{"rendered":"<p>Rovana Plumb, ministrul Muncii \u0219i Protec\u021biei Sociale, a declarat c\u0103 Guvernul sus\u021bine modific\u0103rile care au fost aduse legii amnistiei fiscale de c\u0103tre senatori. \u201eSper ca \u0219i Camera Deputa\u021bilor, prin comisie \u0219i \u00een plenul ei, s\u0103 adopte aceste proiecte de legi prin care ajut\u0103m m\u0103micile \u0219i bugetarii\u201d, a spus Rovana Plumb. Rugat\u0103 s\u0103 enumere categoriile de [&hellip;]<\/p>\n","protected":false},"author":1,"featured_media":197946,"comment_status":"open","ping_status":"","sticky":false,"template":"","format":"standard","meta":{"footnotes":""},"categories":[2],"tags":[11],"class_list":["post-197945","post","type-post","status-publish","format-standard","has-post-thumbnail","hentry","category-politics","tag-digi24"],"_links":{"self":[{"href":"https:\/\/analyse.optim.biz\/index.php?rest_route=\/wp\/v2\/posts\/197945","targetHints":{"allow":["GET"]}}],"collection":[{"href":"https:\/\/analyse.optim.biz\/index.php?rest_route=\/wp\/v2\/posts"}],"about":[{"href":"https:\/\/analyse.optim.biz\/index.php?rest_route=\/wp\/v2\/types\/post"}],"author":[{"embeddable":true,"href":"https:\/\/analyse.optim.biz\/index.php?rest_route=\/wp\/v2\/users\/1"}],"replies":[{"embeddable":true,"href":"https:\/\/analyse.optim.biz\/index.php?rest_route=%2Fwp%2Fv2%2Fcomments&post=197945"}],"version-history":[{"count":0,"href":"https:\/\/analyse.optim.biz\/index.php?rest_route=\/wp\/v2\/posts\/197945\/revisions"}],"wp:featuredmedia":[{"embeddable":true,"href":"https:\/\/analyse.optim.biz\/index.php?rest_route=\/wp\/v2\/media\/197946"}],"wp:attachment":[{"href":"https:\/\/analyse.optim.biz\/index.php?rest_route=%2Fwp%2Fv2%2Fmedia&parent=197945"}],"wp:term":[{"taxonomy":"category","embeddable":true,"href":"https:\/\/analyse.optim.biz\/index.php?rest_route=%2Fwp%2Fv2%2Fcategories&post=197945"},{"taxonomy":"post_tag","embeddable":true,"href":"https:\/\/analyse.optim.biz\/index.php?rest_route=%2Fwp%2Fv2%2Ftags&post=197945"}],"curies":[{"name":"wp","href":"https:\/\/api.w.org\/{rel}","templated":true}]}}