{"id":197934,"date":"2014-09-02T17:25:30","date_gmt":"2014-09-02T14:25:30","guid":{"rendered":"https:\/\/analyse.optim.biz\/?p=197934"},"modified":"2014-09-02T17:25:30","modified_gmt":"2014-09-02T14:25:30","slug":"ordonanta-care-permite-migratia-primarilor-a-intrat-in-vigoare-alesii-locali-au-la-dispozitie-45-de-zile-pentru-a-schimba-partidul","status":"publish","type":"post","link":"https:\/\/analyse.optim.biz\/?p=197934","title":{"rendered":"Ordonan\u021ba care permite migra\u021bia primarilor a intrat \u00een vigoare. Ale\u0219ii locali au la dispozi\u021bie 45 de zile pentru a schimba partidul"},"content":{"rendered":"<div class=\"entry data-app-meta data-app-meta-article\" data-embed-base-url-canonical=\"https:\/\/www.digi24.ro\/embed\/stiri\/actualitate\/politica\/ordonanta-care-permite-migratia-primarilor-a-intrat-in-vigoare-alesii-locali-au-la-dispozitie-45-de-zile-pentru-a-schimba-partidul-288619\">\n<p data-index=\"1\">Ordonan\u021ba de Urgen\u021b\u0103 care permite migra\u0163ia ale\u015filor locali a fost adoptat\u0103 de Guvern s\u0103pt\u0103m\u00e2na trecut\u0103. Ea a intrat \u00een vigoare imediat dup\u0103 publicarea \u00een Monitorul Oficial.<\/p>\n<p data-index=\"2\">Vicepremierul Liviu Dragnea <a href=\"https:\/\/www.digi24.ro\/Stiri\/Digi24\/Actualitate\/Politica\/Traseism+politic+legalizat+de+Guvern+Liviu+Dragnea+Nu+este+absol\" target=\"_blank\" data-skip-linkfix=\"1\" rel=\"noopener\">declara atunci c\u0103 \u201enu este absolut nimic nedemocratic\u201d<\/a> \u00een aceast\u0103 ordonan\u021b\u0103.<\/p>\n<p data-index=\"3\">\u201ePentru anul 2014, prin derogare de la prevederile din legea statulului ale\u0219ilor locali, \u00een termen de 45 de zile, primarii \u0219i pre\u015fedin\u021bii consiliilor jude\u021bene, consilierii locali \u0219i jude\u021beni precum \u0219i candida\u021bii care au fost declara\u021bi suplean\u021bi \u00ee\u0219i pot declara \u00een scris \u0219i o singur\u0103 dat\u0103 op\u021biunea cu privire la partidul politic, organiza\u021bia minorit\u0103\u021bii din care doresc s\u0103 fac\u0103 parte sau s\u0103 devin\u0103 independen\u021bi, f\u0103r\u0103 ca ale\u0219ii locali respectivi s\u0103-\u0219i piard\u0103 calitatea dob\u00e2ndit\u0103 \u00een urma alegerilor\u201d, a spus Liviu Dragnea.<\/p>\n<p data-index=\"4\">\u201ePe noi ne intereseaz\u0103 ca \u00eencep\u00e2nd cu cel mai t\u00e2rziu 1 ianuarie 2015, situa\u021bia din administra\u021bia local\u0103 s\u0103 se clarifice. Nu ne putem permite s\u0103 asist\u0103m pasivi la efectele ruperii USL \u0219i la blocajul generalizat pe care PNL-PDL l-a produs \u00een \u021bar\u0103\u201d, a mai spus vicepremierul.<\/p>\n<p data-index=\"5\">La \u00eenceputul \u015fedin\u0163ei de Guvern \u00een care a fost adoptat documentul, <a href=\"https:\/\/www.digi24.ro\/Stiri\/Digi24\/Actualitate\/Politica\/Victor+Ponta+OUG+migratie+primari\" target=\"_blank\" data-skip-linkfix=\"1\" rel=\"noopener\">premierul Victor Ponta a spus c\u0103 trebuie f\u0103cut\u0103 \u201eun pic de dreptate\u201d<\/a>.<\/p>\n<p data-index=\"6\">\u201eAvem azi \u0219i ordonan\u021ba cu ale\u0219ii locali. Eu \u00eemi asum. Cred c\u0103 trebuie s\u0103 debloc\u0103m activitatea autorit\u0103\u021bilor locale \u0219i mai trebuie s\u0103 facem \u0219i un pic de dreptate, c\u0103 nu cine strig\u0103 mai tare are dreptate. To\u021bi ale\u0219ii locali din Rom\u00e2nia, \u00een 2012, au fost ale\u0219i USL cu Crin Antonescu \u0219i Victor Ponta l\u00e2ng\u0103 ei \u0219i azi s-au trezit cu PDL-i\u0219i cu Blaga \u0219i cu Iohannis\u201d, spunea atunci Victor Ponta.<\/p>\n<p data-index=\"7\"><em>\u00cen curs de actualizare.<\/em><\/p>\n<\/div>\n<p> Source URL: https:\/\/www.digi24.ro\/stiri\/actualitate\/politica\/ordonanta-care-permite-migratia-primarilor-a-intrat-in-vigoare-alesii-locali-au-la-dispozitie-45-de-zile-pentru-a-schimba-partidul-288619<\/p>\n","protected":false},"excerpt":{"rendered":"<p>Ordonan\u021ba de Urgen\u021b\u0103 care permite migra\u0163ia ale\u015filor locali a fost adoptat\u0103 de Guvern s\u0103pt\u0103m\u00e2na trecut\u0103. Ea a intrat \u00een vigoare imediat dup\u0103 publicarea \u00een Monitorul Oficial. Vicepremierul Liviu Dragnea declara atunci c\u0103 \u201enu este absolut nimic nedemocratic\u201d \u00een aceast\u0103 ordonan\u021b\u0103. \u201ePentru anul 2014, prin derogare de la prevederile din legea statulului ale\u0219ilor locali, \u00een termen [&hellip;]<\/p>\n","protected":false},"author":1,"featured_media":197935,"comment_status":"open","ping_status":"","sticky":false,"template":"","format":"standard","meta":{"footnotes":""},"categories":[2],"tags":[11],"class_list":["post-197934","post","type-post","status-publish","format-standard","has-post-thumbnail","hentry","category-politics","tag-digi24"],"_links":{"self":[{"href":"https:\/\/analyse.optim.biz\/index.php?rest_route=\/wp\/v2\/posts\/197934","targetHints":{"allow":["GET"]}}],"collection":[{"href":"https:\/\/analyse.optim.biz\/index.php?rest_route=\/wp\/v2\/posts"}],"about":[{"href":"https:\/\/analyse.optim.biz\/index.php?rest_route=\/wp\/v2\/types\/post"}],"author":[{"embeddable":true,"href":"https:\/\/analyse.optim.biz\/index.php?rest_route=\/wp\/v2\/users\/1"}],"replies":[{"embeddable":true,"href":"https:\/\/analyse.optim.biz\/index.php?rest_route=%2Fwp%2Fv2%2Fcomments&post=197934"}],"version-history":[{"count":0,"href":"https:\/\/analyse.optim.biz\/index.php?rest_route=\/wp\/v2\/posts\/197934\/revisions"}],"wp:featuredmedia":[{"embeddable":true,"href":"https:\/\/analyse.optim.biz\/index.php?rest_route=\/wp\/v2\/media\/197935"}],"wp:attachment":[{"href":"https:\/\/analyse.optim.biz\/index.php?rest_route=%2Fwp%2Fv2%2Fmedia&parent=197934"}],"wp:term":[{"taxonomy":"category","embeddable":true,"href":"https:\/\/analyse.optim.biz\/index.php?rest_route=%2Fwp%2Fv2%2Fcategories&post=197934"},{"taxonomy":"post_tag","embeddable":true,"href":"https:\/\/analyse.optim.biz\/index.php?rest_route=%2Fwp%2Fv2%2Ftags&post=197934"}],"curies":[{"name":"wp","href":"https:\/\/api.w.org\/{rel}","templated":true}]}}