{"id":197923,"date":"2014-09-02T19:13:47","date_gmt":"2014-09-02T16:13:47","guid":{"rendered":"https:\/\/analyse.optim.biz\/?p=197923"},"modified":"2014-09-02T19:13:47","modified_gmt":"2014-09-02T16:13:47","slug":"deputatii-din-comisia-de-munca-aproba-revenirea-la-pensiile-speciale-pentru-aviatori","status":"publish","type":"post","link":"https:\/\/analyse.optim.biz\/?p=197923","title":{"rendered":"Deputa\u021bii din Comisia de Munc\u0103 aprob\u0103 revenirea la pensiile speciale pentru aviatori"},"content":{"rendered":"<div class=\"entry data-app-meta data-app-meta-article\" data-embed-base-url-canonical=\"https:\/\/www.digi24.ro\/embed\/stiri\/actualitate\/politica\/deputatii-din-comisia-de-munca-aproba-revenirea-la-pensiile-speciale-pentru-aviatori-288679\">\n<p data-index=\"1\">Este vorba despre persoane care au avut o vechime cuprins\u0103 \u00eentre 20 \u015fi 25 de ani \u00een domeniul aeronautic. Proiectul de lege urmeaz\u0103 s\u0103 fie supus la vot \u00een plenul Camerei.<\/p>\n<p data-index=\"2\">Votul deputa\u021bilor din Comisia de Munc\u0103 vine dup\u0103 ce, ieri,<a href=\"https:\/\/www.digi24.ro\/Stiri\/Digi24\/Actualitate\/Social\/Legea+pensiilor+speciale+are+sanse+sa+fie+adoptata+astazi+de+Sen\" target=\"_blank\" data-skip-linkfix=\"1\" rel=\"noopener\"> Senatul a respins<\/a>\u00a0proiectul de lege, al\u0103turi de cea care prevede pensii speciale \u015fi pentru militari, grefieri, personalul Cur\u0163ii de Conturi sau parlamentari.<\/p>\n<p data-index=\"3\">Camera Deputa\u021bilor este camera decizional\u0103 \u00een acest caz.<\/p>\n<\/div>\n<p> Source URL: https:\/\/www.digi24.ro\/stiri\/actualitate\/politica\/deputatii-din-comisia-de-munca-aproba-revenirea-la-pensiile-speciale-pentru-aviatori-288679<\/p>\n","protected":false},"excerpt":{"rendered":"<p>Este vorba despre persoane care au avut o vechime cuprins\u0103 \u00eentre 20 \u015fi 25 de ani \u00een domeniul aeronautic. Proiectul de lege urmeaz\u0103 s\u0103 fie supus la vot \u00een plenul Camerei. Votul deputa\u021bilor din Comisia de Munc\u0103 vine dup\u0103 ce, ieri, Senatul a respins\u00a0proiectul de lege, al\u0103turi de cea care prevede pensii speciale \u015fi pentru [&hellip;]<\/p>\n","protected":false},"author":1,"featured_media":197924,"comment_status":"open","ping_status":"","sticky":false,"template":"","format":"standard","meta":{"footnotes":""},"categories":[2],"tags":[11],"class_list":["post-197923","post","type-post","status-publish","format-standard","has-post-thumbnail","hentry","category-politics","tag-digi24"],"_links":{"self":[{"href":"https:\/\/analyse.optim.biz\/index.php?rest_route=\/wp\/v2\/posts\/197923","targetHints":{"allow":["GET"]}}],"collection":[{"href":"https:\/\/analyse.optim.biz\/index.php?rest_route=\/wp\/v2\/posts"}],"about":[{"href":"https:\/\/analyse.optim.biz\/index.php?rest_route=\/wp\/v2\/types\/post"}],"author":[{"embeddable":true,"href":"https:\/\/analyse.optim.biz\/index.php?rest_route=\/wp\/v2\/users\/1"}],"replies":[{"embeddable":true,"href":"https:\/\/analyse.optim.biz\/index.php?rest_route=%2Fwp%2Fv2%2Fcomments&post=197923"}],"version-history":[{"count":0,"href":"https:\/\/analyse.optim.biz\/index.php?rest_route=\/wp\/v2\/posts\/197923\/revisions"}],"wp:featuredmedia":[{"embeddable":true,"href":"https:\/\/analyse.optim.biz\/index.php?rest_route=\/wp\/v2\/media\/197924"}],"wp:attachment":[{"href":"https:\/\/analyse.optim.biz\/index.php?rest_route=%2Fwp%2Fv2%2Fmedia&parent=197923"}],"wp:term":[{"taxonomy":"category","embeddable":true,"href":"https:\/\/analyse.optim.biz\/index.php?rest_route=%2Fwp%2Fv2%2Fcategories&post=197923"},{"taxonomy":"post_tag","embeddable":true,"href":"https:\/\/analyse.optim.biz\/index.php?rest_route=%2Fwp%2Fv2%2Ftags&post=197923"}],"curies":[{"name":"wp","href":"https:\/\/api.w.org\/{rel}","templated":true}]}}