{"id":197920,"date":"2014-09-02T21:04:35","date_gmt":"2014-09-02T18:04:35","guid":{"rendered":"https:\/\/analyse.optim.biz\/?p=197920"},"modified":"2014-09-02T21:04:35","modified_gmt":"2014-09-02T18:04:35","slug":"insarcinatul-cu-afaceri-al-ambasadei-sua-despre-ordonanta-traseismului-ne-am-dori-sa-vedem-o-procedura-mai-transparenta","status":"publish","type":"post","link":"https:\/\/analyse.optim.biz\/?p=197920","title":{"rendered":"\u00cens\u0103rcinatul cu afaceri al Ambasadei SUA, despre ordonan\u021ba traseismului: \u201eNe-am dori s\u0103 vedem o procedur\u0103 mai transparent\u0103\u201d"},"content":{"rendered":"<div class=\"entry data-app-meta data-app-meta-article\" data-embed-base-url-canonical=\"https:\/\/www.digi24.ro\/embed\/stiri\/actualitate\/politica\/insarcinatul-cu-afaceri-al-ambasadei-sua-despre-ordonanta-traseismului-ne-am-dori-sa-vedem-o-procedura-mai-transparenta-288727\">\n<p data-index=\"1\"><img decoding=\"async\" src=\"https:\/\/analyse.optim.biz\/wp-content\/uploads\/2024\/09\/anbnjnc9odawjmhhc2g9yweym2jiodjkymq3ngmwmjq2ywuwn2u2zdkzzjnimjq-thumb_.jpg\" data-skip-htmlfix=\"1\" title=\"anbnjnc9odawjmhhc2g9yweym2jiodjkymq3ngmwmjq2ywuwn2u2zdkzzjnimjq-thumb_\"><\/p>\n<p data-index=\"2\"><strong><span>Foto: Twitter<\/span><\/strong><\/p>\n<p data-index=\"3\">Diplomatul american care, \u00een lipsa unui ambasador, este num\u0103rul 1 \u00een ambasada SUA de la Bucure\u0219ti, spune, \u00eentr-un interviu pentru <a href=\"http:\/\/www.gandul.info\/international\/reactia-ambasadei-sua-dupa-ce-guvernul-ponta-a-dat-ordonanta-traseistilor-cea-mai-buna-cale-este-procedura-parlamentara-transparenta-13191385\" target=\"_blank\" data-skip-linkfix=\"1\" rel=\"noopener\">G\u00e2ndul<\/a>, c\u0103, dup\u0103 declara\u0163ia Ambasadei SUA de s\u0103pt\u0103m\u00e2na trecut\u0103, \u00een care misiunea diplomatic\u0103 \u00ee\u015fi exprima \u00eengrijorarea \u201e\u00een leg\u0103tur\u0103 cu momentul ales\u201d de premierul Victor Ponta pentru a adopta <a href=\"https:\/\/www.digi24.ro\/Stiri\/Digi24\/Actualitate\/Politica\/Ordonanta+care+permite+migratia+primarilor+a+fost+publicata+in+M\" target=\"_blank\" data-skip-linkfix=\"1\" rel=\"noopener\">ordonan\u0163a care permite migra\u021bia primarilor<\/a>\u00a0nu a primit niciun fel de explica\u0163ii din partea primului-ministru ori a vicepremierului Liviu Dragnea.<\/p>\n<p data-index=\"4\">\u201e<span>Dup\u0103 cum am spus \u015fi \u00een declara\u0163ia noastr\u0103, \u00eenainte de mi\u015fcarea f\u0103cut\u0103 de Guvern, am avut discu\u0163ii cu toate p\u0103r\u0163ile implicate. Am vorbit cu oameni din Guvern, am vorbit cu oameni din afara Guvernului, pe mai multe niveluri. Declara\u0163ia noastr\u0103 nu a luat vreo pozi\u0163ie pe substan\u0163a problemei, referindu-se mai degrab\u0103 la procedur\u0103 \u015fi la faptul c\u0103 noi credem c\u0103 o procedur\u0103 parlamentar\u0103 transparent\u0103 este cea mai bun\u0103 cale de urmat c\u00e2nd vine vorba despre schimbat legi\u201d, a spus Dean Thompson.<\/span><\/p>\n<p data-index=\"5\">\u201e<span>Noi ne-am exprimat \u00eengrijorarea cu privire la procedur\u0103. Ne-am dori s\u0103 vedem o procedur\u0103 mai transparent\u0103 c\u00e2nd vine vorba despre astfel de lucruri\u201d, a ad\u0103ugat el.<\/span><\/p>\n<p data-index=\"6\">\u00centrebat dac\u0103 ambasada a primit explica\u021bii \u00een leg\u0103tur\u0103 cu acest demers, dup\u0103 declara\u021bia de s\u0103pt\u0103m\u00e2na trecut\u0103, diplomatul a r\u0103spuns: \u201eUlterior, nu am avut discu\u0163ii cu nimeni\u201d.<\/p>\n<p data-index=\"7\">La \u00eentrebarea jurnali\u0219tilor G\u00e2ndul dac\u0103 este \u201eanti-democratic s\u0103 schimbi regulile \u00een timpul jocului\u201d, Dean Thompson a r\u0103spuns:<\/p>\n<p data-index=\"8\">\u201e<span>Nu cred c\u0103 este cazul s\u0103 \u00eencep s\u0103 comentez dac\u0103 ceva este anti-democratic sau nu. Din nou, a\u015f reitera c\u0103 ce \u00eencerc\u0103m s\u0103 facem cu Rom\u00e2nia acum este s\u0103 cre\u0103m situa\u0163ia \u00een care toate procedurile din sistem sunt transparente, deschise \u015fi pot fi \u00een\u0163elese de toat\u0103 lumea. \u00cen acest moment, Rom\u00e2nia vrea s\u0103 \u00ee\u015fi creeze o imagine foarte puternic\u0103, \u00een \u0163ar\u0103 \u015fi \u00een str\u0103in\u0103tate, drept un mediu s\u0103n\u0103tos de afaceri, un partener solid al NATO \u015fi al celorlalte institu\u0163ii din care face parte. Astfel, \u00een aceste institu\u0163ii, exist\u0103 anumite a\u015ftept\u0103ri, idei despre cum ar trebui s\u0103 se procedeze \u00een anumite situa\u0163ii. La asta va munci Rom\u00e2nia \u00een continuare\u201d.<\/span><\/p>\n<p data-index=\"9\">Diplomatul a criticat \u0219i un comentariu f\u0103cut pe Facebook de purt\u0103torul de cuv\u00e2nt al Guvernului, Mirel Palada, care a spus c\u0103 \u00eei place s\u0103 \u201eexecute electric\u201d, adic\u0103 s\u0103 \u201eomoare prin blocare\u201d jurnali\u0219ti.<\/p>\n<p data-index=\"10\">\u201e<span>Am face un apel c\u0103tre toat\u0103 lumea s\u0103 respecte presa &#8211; a patra putere, cum i se spune des &#8211; , care este o component\u0103 at\u00e2t de important\u0103 pentru a ne asigura c\u0103 cet\u0103\u0163enii activi r\u0103m\u00e2n informa\u0163i. Nu cred c\u0103 astfel de comentarii ur\u00e2te \u00ee\u015fi au rostul c\u00e2nd ai de-a face cu oameni care \u00eencearc\u0103 s\u0103 relateze \u015fi s\u0103 transmit\u0103 \u015ftiri\u201d, a spus Dean Thompson.<\/span><\/p>\n<\/div>\n<p> Source URL: https:\/\/www.digi24.ro\/stiri\/actualitate\/politica\/insarcinatul-cu-afaceri-al-ambasadei-sua-despre-ordonanta-traseismului-ne-am-dori-sa-vedem-o-procedura-mai-transparenta-288727<\/p>\n","protected":false},"excerpt":{"rendered":"<p>Foto: Twitter Diplomatul american care, \u00een lipsa unui ambasador, este num\u0103rul 1 \u00een ambasada SUA de la Bucure\u0219ti, spune, \u00eentr-un interviu pentru G\u00e2ndul, c\u0103, dup\u0103 declara\u0163ia Ambasadei SUA de s\u0103pt\u0103m\u00e2na trecut\u0103, \u00een care misiunea diplomatic\u0103 \u00ee\u015fi exprima \u00eengrijorarea \u201e\u00een leg\u0103tur\u0103 cu momentul ales\u201d de premierul Victor Ponta pentru a adopta ordonan\u0163a care permite migra\u021bia primarilor\u00a0nu [&hellip;]<\/p>\n","protected":false},"author":1,"featured_media":197921,"comment_status":"open","ping_status":"","sticky":false,"template":"","format":"standard","meta":{"footnotes":""},"categories":[2],"tags":[11],"class_list":["post-197920","post","type-post","status-publish","format-standard","has-post-thumbnail","hentry","category-politics","tag-digi24"],"_links":{"self":[{"href":"https:\/\/analyse.optim.biz\/index.php?rest_route=\/wp\/v2\/posts\/197920","targetHints":{"allow":["GET"]}}],"collection":[{"href":"https:\/\/analyse.optim.biz\/index.php?rest_route=\/wp\/v2\/posts"}],"about":[{"href":"https:\/\/analyse.optim.biz\/index.php?rest_route=\/wp\/v2\/types\/post"}],"author":[{"embeddable":true,"href":"https:\/\/analyse.optim.biz\/index.php?rest_route=\/wp\/v2\/users\/1"}],"replies":[{"embeddable":true,"href":"https:\/\/analyse.optim.biz\/index.php?rest_route=%2Fwp%2Fv2%2Fcomments&post=197920"}],"version-history":[{"count":0,"href":"https:\/\/analyse.optim.biz\/index.php?rest_route=\/wp\/v2\/posts\/197920\/revisions"}],"wp:featuredmedia":[{"embeddable":true,"href":"https:\/\/analyse.optim.biz\/index.php?rest_route=\/wp\/v2\/media\/197921"}],"wp:attachment":[{"href":"https:\/\/analyse.optim.biz\/index.php?rest_route=%2Fwp%2Fv2%2Fmedia&parent=197920"}],"wp:term":[{"taxonomy":"category","embeddable":true,"href":"https:\/\/analyse.optim.biz\/index.php?rest_route=%2Fwp%2Fv2%2Fcategories&post=197920"},{"taxonomy":"post_tag","embeddable":true,"href":"https:\/\/analyse.optim.biz\/index.php?rest_route=%2Fwp%2Fv2%2Ftags&post=197920"}],"curies":[{"name":"wp","href":"https:\/\/api.w.org\/{rel}","templated":true}]}}