{"id":197909,"date":"2014-09-02T22:25:15","date_gmt":"2014-09-02T19:25:15","guid":{"rendered":"https:\/\/analyse.optim.biz\/?p=197909"},"modified":"2014-09-02T22:25:15","modified_gmt":"2014-09-02T19:25:15","slug":"cadouri-electorale-amnistie-fiscala-pensii-speciale-bani-pentru-biserici","status":"publish","type":"post","link":"https:\/\/analyse.optim.biz\/?p=197909","title":{"rendered":"Cadouri electorale: amnistie fiscal\u0103, pensii speciale, bani pentru biserici"},"content":{"rendered":"<div class=\"entry data-app-meta data-app-meta-article\" data-embed-base-url-canonical=\"https:\/\/www.digi24.ro\/embed\/stiri\/actualitate\/politica\/cadouri-electorale-amnistie-fiscala-pensii-speciale-bani-pentru-biserici-288744\">\n<p data-index=\"1\"><a href=\"https:\/\/www.digi24.ro\/Stiri\/Digi24\/Economie\/Stiri\/Electorata+la+doua+luni+de+la+aprobare+De+ce+nu+este+aplicata+de\" target=\"_blank\" data-skip-linkfix=\"1\" rel=\"noopener\">Electorata<\/a> este poate una dintre cele mai dezb\u0103tute \u015fi mai controversate m\u0103suri luate \u00een acest an de Guvern. Asta \u015fi datorit\u0103 num\u0103rului ridicat de poten\u0163iali beneficiari. Un milion de rom\u00e2ni pot beneficia, teoretic, de schema fiscal\u0103 de reducerea ratelor bancare timp de doi ani. O schem\u0103 considerat\u0103 \u00eens\u0103 neatractiv\u0103 de c\u0103tre b\u0103nci. <\/p>\n<p data-index=\"2\">Autorit\u0103\u0163ile s-au g\u00e2ndit \u015fi la elevi. Au cheltuit p\u00e2n\u0103 acum 16 milioane de euro pe 600 de<a href=\"https:\/\/www.digi24.ro\/Stiri\/Digi24\/Actualitate\/Social\/Guvernul+a+cumparat+microbuze+scolare+Cum+a+pus+statul+carul+ina\" target=\"_blank\" data-skip-linkfix=\"1\" rel=\"noopener\"> microbuze pentru transportul la \u015fi de la \u015fcoal\u0103 al copiilor de la \u0163ar\u0103<\/a>. Premierul Victor Ponta a \u00eemp\u0103r\u0163it personal cheile pentru 240 de microbuze. <\/p>\n<p data-index=\"3\">D\u0103rnicia Guvernului nu i-a ocolit pe cei 670.000 de rom\u00e2ni cu<a href=\"https:\/\/www.digi24.ro\/Stiri\/Digi24\/Economie\/Stiri\/Salariul+minim+pe+economie+creste+de+la+850+de+lei+la+900+de+lei\" target=\"_blank\" data-skip-linkfix=\"1\" rel=\"noopener\"> salarii mici<\/a>. Lefurile acestora s-au m\u0103rit \u00een dou\u0103 r\u00e2nduri: la 1 ianuarie \u015fi 1 iulie. Bani \u00een plus au primit \u015fi medicii reziden\u0163i, \u015fi profesorii debutan\u0163i, iar jandarmii \u015fi poli\u0163i\u015ftii au primit sporuri pentru zilele suplimentare lucrate. <\/p>\n<p data-index=\"4\">Sunt voci care spun c\u0103 \u015fi reducerea Contribu\u0163iilor de Asigur\u0103ri Sociale la angajatori, cu cinci puncte procentuale, este o m\u0103sur\u0103 electoral\u0103. <\/p>\n<p data-index=\"5\">La fel \u015fi cele <a href=\"https:\/\/www.digi24.ro\/Stiri\/Digi24\/Actualitate\/Social\/Bisericile+conectate+la+Fondul+de+rezerva+Ce+lacase+de+cult+au+p\" target=\"_blank\" data-skip-linkfix=\"1\" rel=\"noopener\">6 milioane de lei din fondul de rezerv\u0103 bugetar\u0103 alocate bisericilor.<\/a> Mai exact, c\u00e2te 2 milioane de lei pentru M\u0103n\u0103stirile Nicula din Cluj \u015fi Tismana din Gorj, dar \u015fi in contul Centrului Eparhial Ia\u015fi.<\/p>\n<p data-index=\"6\">Ultima m\u0103sur\u0103 electoral\u0103 este<a href=\"https:\/\/www.digi24.ro\/Stiri\/Digi24\/Actualitate\/Politica\/Amnistiere+fiscala+extinsa+pentru+toti+bugetarii+Rovana+Plumb\" target=\"_blank\" data-skip-linkfix=\"1\" rel=\"noopener\"> extinderea amnistiei fiscale<\/a>. Dup\u0103 pensionari \u015fi mame, nici bugetarii nu vor fi obliga\u0163i s\u0103 mai dea \u00eenapoi banii pe care i-au \u00eencasat f\u0103r\u0103 drept. Puterea renun\u0163\u0103 s\u0103 recupereze 700 de milioane de lei, \u00een speran\u0163a c\u0103 se vor transforma \u00een voturi, spun economi\u015ftii. Dar Guvernan\u0163ii spun c\u0103 bugetul nu va avea de suferit, chiar dac\u0103 recunosc c\u0103 nu \u015ftiu num\u0103rul exact al celor care vor beneficia de clemen\u0163\u0103.<\/p>\n<\/div>\n<p> Source URL: https:\/\/www.digi24.ro\/stiri\/actualitate\/politica\/cadouri-electorale-amnistie-fiscala-pensii-speciale-bani-pentru-biserici-288744<\/p>\n","protected":false},"excerpt":{"rendered":"<p>Electorata este poate una dintre cele mai dezb\u0103tute \u015fi mai controversate m\u0103suri luate \u00een acest an de Guvern. Asta \u015fi datorit\u0103 num\u0103rului ridicat de poten\u0163iali beneficiari. Un milion de rom\u00e2ni pot beneficia, teoretic, de schema fiscal\u0103 de reducerea ratelor bancare timp de doi ani. O schem\u0103 considerat\u0103 \u00eens\u0103 neatractiv\u0103 de c\u0103tre b\u0103nci. Autorit\u0103\u0163ile s-au g\u00e2ndit [&hellip;]<\/p>\n","protected":false},"author":1,"featured_media":197910,"comment_status":"open","ping_status":"","sticky":false,"template":"","format":"standard","meta":{"footnotes":""},"categories":[2],"tags":[11],"class_list":["post-197909","post","type-post","status-publish","format-standard","has-post-thumbnail","hentry","category-politics","tag-digi24"],"_links":{"self":[{"href":"https:\/\/analyse.optim.biz\/index.php?rest_route=\/wp\/v2\/posts\/197909","targetHints":{"allow":["GET"]}}],"collection":[{"href":"https:\/\/analyse.optim.biz\/index.php?rest_route=\/wp\/v2\/posts"}],"about":[{"href":"https:\/\/analyse.optim.biz\/index.php?rest_route=\/wp\/v2\/types\/post"}],"author":[{"embeddable":true,"href":"https:\/\/analyse.optim.biz\/index.php?rest_route=\/wp\/v2\/users\/1"}],"replies":[{"embeddable":true,"href":"https:\/\/analyse.optim.biz\/index.php?rest_route=%2Fwp%2Fv2%2Fcomments&post=197909"}],"version-history":[{"count":0,"href":"https:\/\/analyse.optim.biz\/index.php?rest_route=\/wp\/v2\/posts\/197909\/revisions"}],"wp:featuredmedia":[{"embeddable":true,"href":"https:\/\/analyse.optim.biz\/index.php?rest_route=\/wp\/v2\/media\/197910"}],"wp:attachment":[{"href":"https:\/\/analyse.optim.biz\/index.php?rest_route=%2Fwp%2Fv2%2Fmedia&parent=197909"}],"wp:term":[{"taxonomy":"category","embeddable":true,"href":"https:\/\/analyse.optim.biz\/index.php?rest_route=%2Fwp%2Fv2%2Fcategories&post=197909"},{"taxonomy":"post_tag","embeddable":true,"href":"https:\/\/analyse.optim.biz\/index.php?rest_route=%2Fwp%2Fv2%2Ftags&post=197909"}],"curies":[{"name":"wp","href":"https:\/\/api.w.org\/{rel}","templated":true}]}}