{"id":197898,"date":"2014-09-02T23:10:59","date_gmt":"2014-09-02T20:10:59","guid":{"rendered":"https:\/\/analyse.optim.biz\/?p=197898"},"modified":"2014-09-02T23:10:59","modified_gmt":"2014-09-02T20:10:59","slug":"e-hurezeanu-v-ponta-sa-nu-creeze-impresia-ca-fara-reformarea-climatului-investitional-si-politic-are-alternative-in-est","status":"publish","type":"post","link":"https:\/\/analyse.optim.biz\/?p=197898","title":{"rendered":"E. Hurezeanu: V. Ponta s\u0103 nu creeze impresia c\u0103 f\u0103r\u0103 reformarea climatului investi\u0163ional \u015fi politic are alternative \u00een est"},"content":{"rendered":"<div class=\"entry data-app-meta data-app-meta-article\" data-embed-base-url-canonical=\"https:\/\/www.digi24.ro\/embed\/stiri\/actualitate\/politica\/e-hurezeanu-v-ponta-sa-nu-creeze-impresia-ca-fara-reformarea-climatului-investitional-si-politic-are-alternative-in-est-288747\">\n<p data-index=\"1\">\u201eExist\u0103 un singur pericol. Ca <strong>investi\u0163iile chineze<\/strong>, foarte binevenite, nu doar \u00een Rom\u00e2nia, ci \u015fi \u00een alte p\u0103r\u0163i, s\u0103 intre \u00een contradic\u0163ie cu ceea ce s-a temut domnul Dragnea c\u0103 \u00eei poate pa\u015fte \u015fi pe chinezi, legisla\u0163ia european\u0103. Apoi, guvernul Ponta ar trebui s\u0103 nu creeze, mai ales \u00eentr-un moment de <strong>tensiuni intracomunitare<\/strong>, pornind \u015fi de la criz\u0103, \u015fi de la atitudini diferite fa\u0163\u0103 de conflictul din Ucraina, fa\u0163\u0103 de nivelul de severitate al sanc\u0163iunilor c\u0103tre Rusia, ar trebui s\u0103 nu creeze impresia c\u0103 f\u0103r\u0103 s\u0103 recreeze climatul investi\u0163ional \u015fi politic \u00een Rom\u00e2nia, are mult prea repede alternative \u00een est\u201d, <span lang=\"en-US\">a spus Emil Hurezeanu.<\/span><\/p>\n<p data-index=\"2\"><span lang=\"en-US\">El a precizat c<\/span>\u0103<span lang=\"en-US\"> atitudinea <\/span>premierului Victor Ponta vizavi de investi\u0163iile chineze, de <strong>reformele din interior,<\/strong> dar \u015fi fa\u0163\u0103 de sincronizarea cu UE privind sanc\u0163iunile aplicate Rusiei este for\u0163at\u0103 \u015fi ar putea ridica semne de \u00eentrebare.<\/p>\n<p data-index=\"3\">\u201eDac\u0103 am tr\u0103i \u00een urm\u0103 cu zece ani, c\u00e2nd climatul investi\u0163ional era mult mai destins \u015fi <strong>rela\u0163iile occidentalilor cu Rusia<\/strong>, cu China erau cu mult mai importante \u015fi reciproc avantajoase dec\u00e2t ale Rom\u00e2niei cu aceste \u0163\u0103ri, atunci Rom\u00e2nia a gre\u015fit, interzic\u00e2ndu-\u015fi rela\u0163ii normale cu aceste dou\u0103 \u0163\u0103ri. Acum pare c\u0103 e un recurs cumva for\u0163at care ar putea s\u0103 ridice semne de \u00eentrebare privind atitudinea mai general\u0103 a Guvernului rom\u00e2n \u015fi fa\u0163\u0103 de a continua reforme din interior \u015fi fa\u0163\u0103 de inten\u0163ia de a capta investitori str\u0103ini \u015fi de inten\u0163ia de a intra \u00een caden\u0163\u0103 cu <strong>Uniunea European\u0103<\/strong> c\u00e2nd e vorba de sanc\u0163iuni \u00eempotriva Rusiei\u201d, <span lang=\"en-US\">a declarat Emil Hurezeanu<\/span>. \u00a0<\/p>\n<\/div>\n<p> Source URL: https:\/\/www.digi24.ro\/stiri\/actualitate\/politica\/e-hurezeanu-v-ponta-sa-nu-creeze-impresia-ca-fara-reformarea-climatului-investitional-si-politic-are-alternative-in-est-288747<\/p>\n","protected":false},"excerpt":{"rendered":"<p>\u201eExist\u0103 un singur pericol. Ca investi\u0163iile chineze, foarte binevenite, nu doar \u00een Rom\u00e2nia, ci \u015fi \u00een alte p\u0103r\u0163i, s\u0103 intre \u00een contradic\u0163ie cu ceea ce s-a temut domnul Dragnea c\u0103 \u00eei poate pa\u015fte \u015fi pe chinezi, legisla\u0163ia european\u0103. Apoi, guvernul Ponta ar trebui s\u0103 nu creeze, mai ales \u00eentr-un moment de tensiuni intracomunitare, pornind \u015fi [&hellip;]<\/p>\n","protected":false},"author":1,"featured_media":197899,"comment_status":"open","ping_status":"","sticky":false,"template":"","format":"standard","meta":{"footnotes":""},"categories":[2],"tags":[11],"class_list":["post-197898","post","type-post","status-publish","format-standard","has-post-thumbnail","hentry","category-politics","tag-digi24"],"_links":{"self":[{"href":"https:\/\/analyse.optim.biz\/index.php?rest_route=\/wp\/v2\/posts\/197898","targetHints":{"allow":["GET"]}}],"collection":[{"href":"https:\/\/analyse.optim.biz\/index.php?rest_route=\/wp\/v2\/posts"}],"about":[{"href":"https:\/\/analyse.optim.biz\/index.php?rest_route=\/wp\/v2\/types\/post"}],"author":[{"embeddable":true,"href":"https:\/\/analyse.optim.biz\/index.php?rest_route=\/wp\/v2\/users\/1"}],"replies":[{"embeddable":true,"href":"https:\/\/analyse.optim.biz\/index.php?rest_route=%2Fwp%2Fv2%2Fcomments&post=197898"}],"version-history":[{"count":0,"href":"https:\/\/analyse.optim.biz\/index.php?rest_route=\/wp\/v2\/posts\/197898\/revisions"}],"wp:featuredmedia":[{"embeddable":true,"href":"https:\/\/analyse.optim.biz\/index.php?rest_route=\/wp\/v2\/media\/197899"}],"wp:attachment":[{"href":"https:\/\/analyse.optim.biz\/index.php?rest_route=%2Fwp%2Fv2%2Fmedia&parent=197898"}],"wp:term":[{"taxonomy":"category","embeddable":true,"href":"https:\/\/analyse.optim.biz\/index.php?rest_route=%2Fwp%2Fv2%2Fcategories&post=197898"},{"taxonomy":"post_tag","embeddable":true,"href":"https:\/\/analyse.optim.biz\/index.php?rest_route=%2Fwp%2Fv2%2Ftags&post=197898"}],"curies":[{"name":"wp","href":"https:\/\/api.w.org\/{rel}","templated":true}]}}