{"id":197895,"date":"2014-09-02T23:36:19","date_gmt":"2014-09-02T20:36:19","guid":{"rendered":"https:\/\/analyse.optim.biz\/?p=197895"},"modified":"2014-09-02T23:36:19","modified_gmt":"2014-09-02T20:36:19","slug":"ciorbea-despre-oug-privind-alesii-locali-stati-sa-o-vad-putem-vorbi-de-saptamana-viitoare-incolo","status":"publish","type":"post","link":"https:\/\/analyse.optim.biz\/?p=197895","title":{"rendered":"Ciorbea, despre OUG privind ale\u015fii locali: Sta\u0163i s\u0103 o v\u0103d; putem vorbi de s\u0103pt\u0103m\u00e2na viitoare \u00eencolo"},"content":{"rendered":"<div class=\"entry data-app-meta data-app-meta-article\" data-embed-base-url-canonical=\"https:\/\/www.digi24.ro\/embed\/stiri\/actualitate\/politica\/ciorbea-despre-oug-privind-alesii-locali-stati-sa-o-vad-putem-vorbi-de-saptamana-viitoare-incolo-288753\">\n<p data-index=\"1\"><span><img decoding=\"async\" src=\"https:\/\/analyse.optim.biz\/wp-content\/uploads\/2024\/09\/lnbuzyz3ptgwmczoyxnoptixy2e2nzjhmdnmnzkxnduzzmfmmmq2otg1njjhm2u4-thumb_.jpg\" data-skip-htmlfix=\"1\" title=\"lnbuzyz3ptgwmczoyxnoptixy2e2nzjhmdnmnzkxnduzzmfmmmq2otg1njjhm2u4-thumb_\"><\/span><\/p>\n<p data-index=\"2\"><span>\u201eSta\u0163i mai \u00eent\u00e2i s\u0103 o v\u0103d, ce vre\u0163i s\u0103 reac\u0163ionez? Dup\u0103 ce o s\u0103 v\u0103d, v\u0103d ce fac, adic\u0103 ce dispozi\u0163iii dau, ce verific\u0103ri \u015fi a\u015fa mai departe\u201d, a precizat Ciorbea, \u00eentrebat cum va reac\u0163iona institu\u0163ia pe care o conduce cu privire la <strong>Ordonan\u0163a de Urgen\u0163\u0103<\/strong> care permite ale\u015filor locali ca, timp de 45 de zile, s\u0103 \u00ee\u015fi aleag\u0103 partidul f\u0103r\u0103 a-\u015fi pierde func\u0163ia public\u0103.<\/span><\/p>\n<p data-index=\"3\">\u00centrebat, pe de alt\u0103 parte, c\u00e2nd este de a\u015fteptat un r\u0103spuns institu\u0163ional al Avocatului Poporului, av\u00e2nd \u00een vedere c\u0103 Ordonan\u0163a a fost publicat\u0103 mar\u0163i \u00een <strong>Monitorul Oficial<\/strong>, Ciorbea a spus c\u0103 acesta nu va fi elaborat \u00een cursul acestei s\u0103pt\u0103m\u00e2ni.<\/p>\n<p data-index=\"4\">\u201eNu \u015ftiu, depinde ce prevede \u015fi cum prevede (Ordonan\u0163a, n.r.) \u015fi a\u015fa mai departe. Avem diverse proceduri \u00een func\u0163ie de diverse situa\u0163ii. A\u015fa c\u0103, mai vorbim, dac\u0103 vre\u0163i, c\u00e2nd dori\u0163i. De s\u0103pt\u0103m\u00e2na viitoare \u00eencolo mai putem vorbi, vedem ce \u015fi cum. (&#8230;) \u00cen secunda asta nu pot s\u0103 v\u0103 spun ce \u015fi cum\u201d, a spus Ciorbea.<\/p>\n<p data-index=\"5\">OUG care permite migra\u0163ia ale\u015filor locali f\u0103r\u0103 ca ace\u015ftia s\u0103 \u00ee\u015fi piard\u0103 mandatul a fost publicat\u0103 \u00een Monitorul Oficial.<\/p>\n<p data-index=\"6\">&#8220;Pentru anul 2014, prin derogare de la prevederile art. 9 alin. (2) lit. h1) \u015fi art. 15 alin. (2) lit. g1) din Legea nr. 393\/2004 privind Statutul ale\u015filor locali, cu modific\u0103rile \u015fi complet\u0103rile ulterioare, \u00een termen de 45 zile de la data intr\u0103rii \u00een vigoare a prezentei ordonan\u0163e de urgen\u0163\u0103 primarii \u015fi pre\u015fedin\u0163ii consiliilor jude\u0163ene, consilierii locali \u015fi consilierii jude\u0163eni, precum \u015fi candida\u0163ii care au fost declara\u0163i suplean\u0163i, \u00ee\u015fi pot exprima \u00een scris \u015fi o singur\u0103 dat\u0103 op\u0163iunea cu privire la partidul politic, organiza\u0163ia minorit\u0103\u0163ii na\u0163ionale din care doresc s\u0103 fac\u0103 parte sau s\u0103 devin\u0103 independen\u0163i, f\u0103r\u0103 ca ale\u015fii locali respectivi s\u0103-\u015fi piard\u0103 calitatea dob\u00e2ndit\u0103 \u00een urma alegerilor&#8221;, se arat\u0103 \u00een ordonan\u0163\u0103.<\/p>\n<p data-index=\"7\"><strong>Proiectul legii de aprobare a OUG<\/strong> a ajuns \u015fi la Senat, prima Camer\u0103 sesizat\u0103 pentru dezbaterea actului normativ.<\/p>\n<p data-index=\"8\">Secretarul general al Senatului, Ion V\u0103rg\u0103u, a declarat, mar\u0163i, pentru M<span lang=\"en-US\">ediafax<\/span>, c\u0103 actul normativ a fost \u00eenregistrat la Secretariatul general al institu\u0163iei, urm\u00e2nd s\u0103 intre \u00een parcursul legislativ.<\/p>\n<p data-index=\"9\">Astfel, proiectul legii de aprobare a OUG va fi \u00eenscris pe ordinea de zi a Biroului Permanent, care \u00eel va distribui spre dezbatere comisiilor de specialitate, acestea urm\u00e2nd s\u0103 elaboreze raportul ce va fi supus ulterior votului plenului.<\/p>\n<p data-index=\"10\">Dup\u0103 votul \u00een plenul Senatului,<strong> actul normativ va fi transmis Camerei Deputa\u0163ilor<\/strong>, care are competen\u0163\u0103 decizional\u0103.<\/p>\n<p data-index=\"11\">Ordonan\u0163a de urgen\u0163\u0103 se consider\u0103 intrat\u0103 \u00een vigoare la data public\u0103rii \u00een Monitorul Oficial, fiind \u00eendeplinit\u0103 \u015fi prevederea de depunere la Camera competent\u0103 s\u0103 fie sesizat\u0103.<\/p>\n<\/div>\n<p> Source URL: https:\/\/www.digi24.ro\/stiri\/actualitate\/politica\/ciorbea-despre-oug-privind-alesii-locali-stati-sa-o-vad-putem-vorbi-de-saptamana-viitoare-incolo-288753<\/p>\n","protected":false},"excerpt":{"rendered":"<p>\u201eSta\u0163i mai \u00eent\u00e2i s\u0103 o v\u0103d, ce vre\u0163i s\u0103 reac\u0163ionez? Dup\u0103 ce o s\u0103 v\u0103d, v\u0103d ce fac, adic\u0103 ce dispozi\u0163iii dau, ce verific\u0103ri \u015fi a\u015fa mai departe\u201d, a precizat Ciorbea, \u00eentrebat cum va reac\u0163iona institu\u0163ia pe care o conduce cu privire la Ordonan\u0163a de Urgen\u0163\u0103 care permite ale\u015filor locali ca, timp de 45 de [&hellip;]<\/p>\n","protected":false},"author":1,"featured_media":197896,"comment_status":"open","ping_status":"","sticky":false,"template":"","format":"standard","meta":{"footnotes":""},"categories":[2],"tags":[11],"class_list":["post-197895","post","type-post","status-publish","format-standard","has-post-thumbnail","hentry","category-politics","tag-digi24"],"_links":{"self":[{"href":"https:\/\/analyse.optim.biz\/index.php?rest_route=\/wp\/v2\/posts\/197895","targetHints":{"allow":["GET"]}}],"collection":[{"href":"https:\/\/analyse.optim.biz\/index.php?rest_route=\/wp\/v2\/posts"}],"about":[{"href":"https:\/\/analyse.optim.biz\/index.php?rest_route=\/wp\/v2\/types\/post"}],"author":[{"embeddable":true,"href":"https:\/\/analyse.optim.biz\/index.php?rest_route=\/wp\/v2\/users\/1"}],"replies":[{"embeddable":true,"href":"https:\/\/analyse.optim.biz\/index.php?rest_route=%2Fwp%2Fv2%2Fcomments&post=197895"}],"version-history":[{"count":0,"href":"https:\/\/analyse.optim.biz\/index.php?rest_route=\/wp\/v2\/posts\/197895\/revisions"}],"wp:featuredmedia":[{"embeddable":true,"href":"https:\/\/analyse.optim.biz\/index.php?rest_route=\/wp\/v2\/media\/197896"}],"wp:attachment":[{"href":"https:\/\/analyse.optim.biz\/index.php?rest_route=%2Fwp%2Fv2%2Fmedia&parent=197895"}],"wp:term":[{"taxonomy":"category","embeddable":true,"href":"https:\/\/analyse.optim.biz\/index.php?rest_route=%2Fwp%2Fv2%2Fcategories&post=197895"},{"taxonomy":"post_tag","embeddable":true,"href":"https:\/\/analyse.optim.biz\/index.php?rest_route=%2Fwp%2Fv2%2Ftags&post=197895"}],"curies":[{"name":"wp","href":"https:\/\/api.w.org\/{rel}","templated":true}]}}