{"id":197873,"date":"2014-09-03T07:25:01","date_gmt":"2014-09-03T04:25:01","guid":{"rendered":"https:\/\/analyse.optim.biz\/?p=197873"},"modified":"2014-09-03T07:25:01","modified_gmt":"2014-09-03T04:25:01","slug":"o-noua-propunere-cu-iz-electoral-mai-putina-vechime-pentru-grupa-i-de-munca-economistii-avertizeaza-toata-lumea-va-plati-prin-stagnarea-salariilor","status":"publish","type":"post","link":"https:\/\/analyse.optim.biz\/?p=197873","title":{"rendered":"O nou\u0103 propunere cu iz electoral: mai pu\u021bin\u0103 vechime pentru grupa I de munc\u0103. Economi\u0219tii avertizeaz\u0103: toat\u0103 lumea va pl\u0103ti prin stagnarea salariilor"},"content":{"rendered":"<div class=\"entry data-app-meta data-app-meta-article\" data-embed-base-url-canonical=\"https:\/\/www.digi24.ro\/embed\/stiri\/actualitate\/politica\/o-noua-propunere-cu-iz-electoral-mai-putina-vechime-pentru-grupa-i-de-munca-economistii-avertizeaza-toata-lumea-va-plati-prin-stagnarea-salariilor-288786\">\n<p data-index=\"1\">\u00cen prezent, doar cei care au o vechime de mimimum \u015fase ani fac parte din aceast\u0103 categorie. Asta \u00eenseamn\u0103 c\u0103 un pensionar care a lucrat \u00een min\u0103, de exemplu, doar doi ani, ar putea beneficia de venituri mai mari conform noii \u00eencadr\u0103ri.<\/p>\n<p data-index=\"2\">Initiativa a fost propus\u0103 \u015fi adoptat\u0103 deja de Comisia pentru munc\u0103 din Senat. S\u0103pt\u0103m\u00e2na viitoare, propunerea va intra \u00een dezbaterea Plenului Senatului.<\/p>\n<h5><span>Amnistie fiscal\u0103 pentru to\u021bi!<\/span><\/h5>\n<p data-index=\"3\">De amnistia fiscal\u0103 extins\u0103 vor beneficia profesorii, cadrele medicale \u015fi func\u0163ionarii din administra\u0163ia local\u0103.<\/p>\n<p data-index=\"4\">\u201eMinisterul muncii poate s\u0103 v\u0103 spun\u0103 c\u0103 este vorba de o sum\u0103 de 300 de milioane de lei. \u00cen momentul \u00een care vom \u0219ti \u0219i num\u0103rul de bugetari \u00eel vom comunica\u201d, a spus Rovana Plumb, ministrul Muncii.<\/p>\n<p data-index=\"5\">\u00cen lipsa cifrelor care s\u0103 arate dac\u0103 bugetul este preg\u0103tit s\u0103 suporte o asemenea sum\u0103, senatorii s-au gr\u0103bit s\u0103 adopte legea, iar Guvernul s\u0103 o sus\u0163in\u0103, pe motiv c\u0103 nu afecteaz\u0103 veniturile bugetare. Gre\u015fit, spun economi\u015ftii, care avertizeaz\u0103 c\u0103 to\u0163i rom\u00e2nii vor trebui s\u0103 pl\u0103teasc\u0103 pentru generozitatea Executivului.<\/p>\n<p data-index=\"6\">\u201e<span>Toat\u0103 povara generat\u0103 de decizii macro e pl\u0103tit\u0103, \u00een final, de fiecare om, prin faptul c\u0103 nu-i mai cre\u015fte salariul din cauza taxelor \u0219i impozitelor\u201d, a declarat Cristian P\u00e2rvan, secretarul general al AOAR.<\/span><\/p>\n<p data-index=\"7\">\u201e<span>Exist\u0103 un interes electoral \u00een a trece aceast\u0103 lege mai repede acum, pentru a mul\u021bumi \u0219i lini\u015fti o parte din viitori votan\u0163i\u201d, a ad\u0103ugat Aurelian Dochia, analist economic.<\/span><\/p>\n<p data-index=\"8\">Parlamentarii Puterii sus\u0163in c\u0103 modificarea a fost f\u0103cut\u0103 la cererea pre\u015fedintelui Traian B\u0103sescu, \u00een urma propunerii legislative prin care urmau s\u0103 fie scuti\u0163i de la plat\u0103 700 de profesori din Valea Jiului.<\/p>\n<p data-index=\"9\">\u201eNoi am primit de la Pre\u015fedin\u0163ie o cerere de reexaminare cu o specifica\u0163ie foarte clar\u0103: nu putem s\u0103 ne adres\u0103m numai profesorilor din Valea Jiului, pentru c\u0103 pe de o parte facem discriminare \u00een r\u00e2ndul profesorilor, pe de alt\u0103 parte am fi f\u0103cut discriminare \u00een r\u00e2ndul bugetarilor\u201d, a spus Liviu Pop, pre\u015fedintele Comisiei de Munc\u0103 din Senat.<\/p>\n<p data-index=\"10\">\u015ei astfel au fost pu\u015fi laolalt\u0103 to\u0163i bugetarii care, culmea, au fost g\u0103si\u0163i de Curtea de Conturi c\u0103 au \u00eencasat venituri nelegale. <\/p>\n<p data-index=\"11\">Ace\u015ftia au primit banii pe baza unor legi care nu erau \u00een vigoare sau erau interpretate diferit. Banii s-au acordat prin prime de vacan\u0163\u0103, diferite sporuri, compensa\u0163ii sau indemniza\u0163ii. Spre exemplu, \u00een 2012, fosta Comisia de Supraveghere a Sistemului de Pensii Private a acordat pl\u0103\u0163i nelegale de aproape 1,5 milioane de lei.Chiar \u015fi la Ministerul justi\u0163iei s-au dat sporuri de o jum\u0103tate de milion de lei. <\/p>\n<h5>Tipuri de pl\u0103\u0163i nelegale<\/h5>\n<p data-index=\"12\">&#8211; prime de vacan\u0163\u0103, tichete de mas\u0103 \u015fi tichete cadou<\/p>\n<p data-index=\"13\">&#8211; spor pentru titlul de doctor \u00een \u015ftiin\u0163e<\/p>\n<p data-index=\"14\">&#8211; sporuri pentru ore suplimentare<\/p>\n<p data-index=\"15\">&#8211; spor de confiden\u0163ialitate<\/p>\n<p data-index=\"16\">&#8211; spor de fidelitate \u015fi loialitate<\/p>\n<p data-index=\"17\">&#8211; spor pentru condi\u0163ii v\u0103t\u0103m\u0103toare<\/p>\n<p data-index=\"18\">&#8211; indemniza\u0163ie de dispozitiv<\/p>\n<p data-index=\"19\">&#8211; compensa\u0163ie de risc<\/p>\n<h5>Pl\u0103\u0163i nelegale la Comisia de Supraveghere a Sistemului de Pensii Private<\/h5>\n<p data-index=\"20\">&#8211; prime de vacan\u0163\u0103: 1,4 milioane lei<\/p>\n<p data-index=\"21\">&#8211; tichete cadou: 21.000 lei<\/p>\n<h5>Pl\u0103\u0163i nelegale la Ministerul Justi\u0163iei<\/h5>\n<p data-index=\"22\">&#8211; spor de confiden\u0163ialitate<\/p>\n<p data-index=\"23\">&#8211; compensa\u0163ie de risc<\/p>\n<p data-index=\"24\">Total: 553.000 lei\u00a0<\/p>\n<\/div>\n<p> Source URL: https:\/\/www.digi24.ro\/stiri\/actualitate\/politica\/o-noua-propunere-cu-iz-electoral-mai-putina-vechime-pentru-grupa-i-de-munca-economistii-avertizeaza-toata-lumea-va-plati-prin-stagnarea-salariilor-288786<\/p>\n","protected":false},"excerpt":{"rendered":"<p>\u00cen prezent, doar cei care au o vechime de mimimum \u015fase ani fac parte din aceast\u0103 categorie. Asta \u00eenseamn\u0103 c\u0103 un pensionar care a lucrat \u00een min\u0103, de exemplu, doar doi ani, ar putea beneficia de venituri mai mari conform noii \u00eencadr\u0103ri. Initiativa a fost propus\u0103 \u015fi adoptat\u0103 deja de Comisia pentru munc\u0103 din Senat. [&hellip;]<\/p>\n","protected":false},"author":1,"featured_media":197874,"comment_status":"open","ping_status":"","sticky":false,"template":"","format":"standard","meta":{"footnotes":""},"categories":[2],"tags":[11],"class_list":["post-197873","post","type-post","status-publish","format-standard","has-post-thumbnail","hentry","category-politics","tag-digi24"],"_links":{"self":[{"href":"https:\/\/analyse.optim.biz\/index.php?rest_route=\/wp\/v2\/posts\/197873","targetHints":{"allow":["GET"]}}],"collection":[{"href":"https:\/\/analyse.optim.biz\/index.php?rest_route=\/wp\/v2\/posts"}],"about":[{"href":"https:\/\/analyse.optim.biz\/index.php?rest_route=\/wp\/v2\/types\/post"}],"author":[{"embeddable":true,"href":"https:\/\/analyse.optim.biz\/index.php?rest_route=\/wp\/v2\/users\/1"}],"replies":[{"embeddable":true,"href":"https:\/\/analyse.optim.biz\/index.php?rest_route=%2Fwp%2Fv2%2Fcomments&post=197873"}],"version-history":[{"count":0,"href":"https:\/\/analyse.optim.biz\/index.php?rest_route=\/wp\/v2\/posts\/197873\/revisions"}],"wp:featuredmedia":[{"embeddable":true,"href":"https:\/\/analyse.optim.biz\/index.php?rest_route=\/wp\/v2\/media\/197874"}],"wp:attachment":[{"href":"https:\/\/analyse.optim.biz\/index.php?rest_route=%2Fwp%2Fv2%2Fmedia&parent=197873"}],"wp:term":[{"taxonomy":"category","embeddable":true,"href":"https:\/\/analyse.optim.biz\/index.php?rest_route=%2Fwp%2Fv2%2Fcategories&post=197873"},{"taxonomy":"post_tag","embeddable":true,"href":"https:\/\/analyse.optim.biz\/index.php?rest_route=%2Fwp%2Fv2%2Ftags&post=197873"}],"curies":[{"name":"wp","href":"https:\/\/api.w.org\/{rel}","templated":true}]}}