{"id":197861,"date":"2014-09-03T11:13:54","date_gmt":"2014-09-03T08:13:54","guid":{"rendered":"https:\/\/analyse.optim.biz\/?p=197861"},"modified":"2014-09-03T11:13:54","modified_gmt":"2014-09-03T08:13:54","slug":"mediafax-mirel-palada-nu-va-mai-fi-purtator-de-cuvant-al-guvernului","status":"publish","type":"post","link":"https:\/\/analyse.optim.biz\/?p=197861","title":{"rendered":"Mediafax: Mirel Palada nu va mai fi purt\u0103tor de cuv\u00e2nt al Guvernului"},"content":{"rendered":"<div class=\"entry data-app-meta data-app-meta-article\" data-embed-base-url-canonical=\"https:\/\/www.digi24.ro\/embed\/stiri\/actualitate\/politica\/mediafax-mirel-palada-nu-va-mai-fi-purtator-de-cuvant-al-guvernului-288923\">\n<p data-index=\"1\"><img decoding=\"async\" src=\"https:\/\/analyse.optim.biz\/wp-content\/uploads\/2024\/09\/bmcmdz04mdamagfzad0zotkyzwuyn2jhntcxnze2m2e4zwe4zdgwnzk1mzk1oa-thumb_.jpg\" data-skip-htmlfix=\"1\" title=\"bmcmdz04mdamagfzad0zotkyzwuyn2jhntcxnze2m2e4zwe4zdgwnzk1mzk1oa-thumb_\"><\/p>\n<p data-index=\"2\">Mirel Palada a fost numit \u00een septembrie 2013 consilier pentru strategii guvernamentale al premierului, iar dup\u0103 o lun\u0103, \u00een octombrie 2013, Victor Ponta anun\u0163a c\u0103 Palada a fost desemnat s\u0103 \u00eendeplineasc\u0103 &#8220;temporar&#8221;\u015fi rolul de purt\u0103tor de cuv\u00e2nt al Guvernului, dup\u0103 ce fostul de\u0163in\u0103tor al acestei func\u0163ii, Andrei Zaharescu, a fost numit consul general la Cape Town, Africa de Sud.<\/p>\n<p data-index=\"3\">Potrivit surselor citate, Mirel Palada \u00ee\u015fi va p\u0103stra func\u0163ia de consilier pentru strategii guvernamentale al prim-ministrului Ponta.<\/p>\n<p data-index=\"4\">Decizia premierului vine dup\u0103 ce \u00een luna august Mirel Palada a avut pe pagina de Facebook<a href=\"https:\/\/www.digi24.ro\/Stiri\/Digi24\/Actualitate\/Politica\/Mirel+Palada+in+razboi+cu+presa+Purtatorul+de+cuvant+al+Guvernul\" target=\"_blank\" data-skip-linkfix=\"1\" rel=\"noopener\"><strong> o postare cu urm\u0103torul con\u0163inut<\/strong><\/a>: \u201eCum apare c\u00e2te un subiect politic care \u00eenv\u00e2rto\u015feaz\u0103 spiritul bejboinic \u00een opinan\u0163i, de zici c\u0103-i catastrof\u0103 \u015fi dezastru mondial, cum mai scot capul c\u00e2te doi-trei-zece-dou\u0103zeci, depinde de intensitatea subiectului, de bezmetici acoperi\u0163i de pe lista mea care \u00ee\u015fi fac seppuku comunica\u0163ional \u015fi tr\u00e2ntesc cu cuvintele anti-guvernamentale \u00een balt\u0103 propagandistic\u0103 la mine pe wall. \u015ei uite a\u015fa mai frigem ni\u015fte purcelu\u015fi anti-guvernamentali la pro\u0163ap \u015fi le d\u0103m block \u015fi mai bem o bere \u00een cinstea sufletelor r\u0103posa\u0163ilor care nu mai este. \u00cen seara asta era unul care acum era reporter la G\u00e2ndul, iar inainte fusese la Hotnews, \u015fi care f\u0103cea cl\u0103buci cu spume la mine pe pagin\u0103. Ce pl\u0103cere s\u0103-l execut electric! C\u00e2ta \u00eendem\u00e2nare am s\u0103 omor prin blocare ziari\u015ftii obiectivi, deci anti-guvernamentali. Pufo\u015filor, nici nu \u015fti\u0163i c\u00e2t\u0103 pl\u0103cere \u00eemi provoca\u0163i\u201d.<\/p>\n<p data-index=\"5\">Ulterior, postarea de pe contul de Facebook al lui Mirel Palada a fost \u015ftears\u0103, dar deja existau numeroase reac\u0163ii ale jurnali\u0219tilor, dar \u015fi din partea unor partide de opozi\u0163ie.<\/p>\n<p data-index=\"6\">Premierul Victor Ponta a declarat, pe 18 august, c\u0103 i-a transmis purt\u0103torului de cuv\u00e2nt al Guvernului, Mirel Palada, c\u0103 nu e de acord cu modul \u00een care se exprim\u0103 \u015fi c\u0103 acesta urmeaz\u0103 s\u0103 decid\u0103 dac\u0103 respect\u0103 standardele \u015fi r\u0103m\u00e2ne \u00een Executiv, \u00eentruc\u00e2t nu are nevoie de un Sebastian L\u0103z\u0103roiu la Guvern.<\/p>\n<p data-index=\"7\">\u00centrebat dac\u0103 s-a g\u00e2ndit s\u0103-i cear\u0103 demisia lui Mirel Palada, Ponta a r\u0103spuns: &#8220;M-am g\u00e2ndit foarte clar \u015fi i-am spus domnului Palada, \u00een mod direct, c\u0103 nu sunt de acord cu modul \u00een care domnia sa- chiar \u015fi \u00eentr-un spa\u0163iu cum e Facebook-ul &#8211; se exprim\u0103, c\u0103 nu am nevoie de un Sebastian L\u0103z\u0103roiu la Guvern \u015fi c\u0103 urmeaz\u0103 s\u0103 decid\u0103: dac\u0103 poate s\u0103 respecte ni\u015fte standarde pe care eu le consider necesare, r\u0103m\u00e2ne la Guvern; dac\u0103 vrea s\u0103 fie L\u0103z\u0103roiu, atunci nu va lucra pentru mine&#8221;.<\/p>\n<p data-index=\"8\">M. Palada \u015fi-a prezentat, pe 19 august, &#8220;<a href=\"https:\/\/www.digi24.ro\/Stiri\/Digi24\/Actualitate\/Politica\/Mirel+Palada+le+cere+scuze+jurnalistilor+pentru+ca+i-a+numit+pur\" target=\"_blank\" data-skip-linkfix=\"1\" rel=\"noopener\"><strong>scuzele publice<\/strong><\/a> celor care s-au sim\u0163it ofensa\u0163i de maniera&#8221; \u00een care s-a exprimat &#8220;pe pagina personal\u0103 de Facebook zilele trecute la adresa unor jurnali\u015fti&#8221;.<\/p>\n<p data-index=\"9\">&#8220;Respect dreptul la liber\u0103 exprimare al fiec\u0103rui jurnalist \u015fi consider esen\u0163ial rolul presei \u00eentr-o democra\u0163ie. C\u00e2t voi fi purt\u0103tor de cuv\u00e2nt al Guvernului voi aprecia munca f\u0103cut\u0103 cu onestitate de c\u0103tre jurnali\u015fti \u015fi voi face tot ce \u00eemi st\u0103 \u00een putere s\u0103 ap\u0103r principiile profesionalismului, responsabilit\u0103\u0163ii sociale, toleran\u0163ei, bunului-sim\u0163 \u015fi ap\u0103r\u0103rii democra\u0163iei statului de drept&#8221;, se spune \u00eentr-o scrisoare adresat\u0103 pre\u015fedintelui interimar al Clubului Rom\u00e2n de Pres\u0103, Indira Crasnea de c\u0103tre oficialul guvernului, scrisoare scanat\u0103 \u015fi postat\u0103 pe pagina de Facebook a lui Palada.<\/p>\n<p data-index=\"10\">R\u0103spunsul lui Mirel Palada a venit dup\u0103 ce Clubul Rom\u00e2n de Pres\u0103 i-a solicitat premierului Victor Ponta ca purt\u0103torul s\u0103u de cuv\u00e2nt s\u0103 prezinte scuze publice ca urmare a post\u0103rii de pe Facebook ofensatoare la adresa jurnali\u015ftilor.<\/p>\n<p data-index=\"11\">Prezentarea de scuze publice de c\u0103tre Mirel Palada &#8220;este un gest necesar&#8221;, limbajul s\u0103u la adresa jurnali\u015ftilor fiind &#8220;inadecvat pozi\u0163iei \u015fi responsabilit\u0103\u0163ilor sale publice&#8221;, se spunea \u00eentr-o scrisoare trimis\u0103, pe 19 august, premierului Victor Ponta, de Clubul Rom\u00e2n de Pres\u0103 (CRP).<\/p>\n<\/div>\n<p> Source URL: https:\/\/www.digi24.ro\/stiri\/actualitate\/politica\/mediafax-mirel-palada-nu-va-mai-fi-purtator-de-cuvant-al-guvernului-288923<\/p>\n","protected":false},"excerpt":{"rendered":"<p>Mirel Palada a fost numit \u00een septembrie 2013 consilier pentru strategii guvernamentale al premierului, iar dup\u0103 o lun\u0103, \u00een octombrie 2013, Victor Ponta anun\u0163a c\u0103 Palada a fost desemnat s\u0103 \u00eendeplineasc\u0103 &#8220;temporar&#8221;\u015fi rolul de purt\u0103tor de cuv\u00e2nt al Guvernului, dup\u0103 ce fostul de\u0163in\u0103tor al acestei func\u0163ii, Andrei Zaharescu, a fost numit consul general la Cape [&hellip;]<\/p>\n","protected":false},"author":1,"featured_media":197862,"comment_status":"open","ping_status":"","sticky":false,"template":"","format":"standard","meta":{"footnotes":""},"categories":[2],"tags":[11],"class_list":["post-197861","post","type-post","status-publish","format-standard","has-post-thumbnail","hentry","category-politics","tag-digi24"],"_links":{"self":[{"href":"https:\/\/analyse.optim.biz\/index.php?rest_route=\/wp\/v2\/posts\/197861","targetHints":{"allow":["GET"]}}],"collection":[{"href":"https:\/\/analyse.optim.biz\/index.php?rest_route=\/wp\/v2\/posts"}],"about":[{"href":"https:\/\/analyse.optim.biz\/index.php?rest_route=\/wp\/v2\/types\/post"}],"author":[{"embeddable":true,"href":"https:\/\/analyse.optim.biz\/index.php?rest_route=\/wp\/v2\/users\/1"}],"replies":[{"embeddable":true,"href":"https:\/\/analyse.optim.biz\/index.php?rest_route=%2Fwp%2Fv2%2Fcomments&post=197861"}],"version-history":[{"count":0,"href":"https:\/\/analyse.optim.biz\/index.php?rest_route=\/wp\/v2\/posts\/197861\/revisions"}],"wp:featuredmedia":[{"embeddable":true,"href":"https:\/\/analyse.optim.biz\/index.php?rest_route=\/wp\/v2\/media\/197862"}],"wp:attachment":[{"href":"https:\/\/analyse.optim.biz\/index.php?rest_route=%2Fwp%2Fv2%2Fmedia&parent=197861"}],"wp:term":[{"taxonomy":"category","embeddable":true,"href":"https:\/\/analyse.optim.biz\/index.php?rest_route=%2Fwp%2Fv2%2Fcategories&post=197861"},{"taxonomy":"post_tag","embeddable":true,"href":"https:\/\/analyse.optim.biz\/index.php?rest_route=%2Fwp%2Fv2%2Ftags&post=197861"}],"curies":[{"name":"wp","href":"https:\/\/api.w.org\/{rel}","templated":true}]}}