{"id":197850,"date":"2014-09-03T13:16:49","date_gmt":"2014-09-03T10:16:49","guid":{"rendered":"https:\/\/analyse.optim.biz\/?p=197850"},"modified":"2014-09-03T13:16:49","modified_gmt":"2014-09-03T10:16:49","slug":"marius-stan-printre-primii-primari-care-profita-de-ordonanta-traseismului-primar-din-iasi-ca-sa-nu-par-un-mincinos-ma-convertesc","status":"publish","type":"post","link":"https:\/\/analyse.optim.biz\/?p=197850","title":{"rendered":"Marius Stan, printre primii primari care profit\u0103 de ordonan\u021ba traseismului. Primar din Ia\u0219i: \u201eCa s\u0103 nu par un mincinos, m\u0103 convertesc\u201d"},"content":{"rendered":"<div class=\"entry data-app-meta data-app-meta-article\" data-embed-base-url-canonical=\"https:\/\/www.digi24.ro\/embed\/stiri\/actualitate\/politica\/marius-stan-printre-primii-primari-care-profita-de-ordonanta-traseismului-primar-din-iasi-ca-sa-nu-par-un-mincinos-ma-convertesc-289016\">\n<p data-index=\"1\">Primarii care vor s\u0103 treac\u0103 acum \u00een barca puterii spun c\u0103 \u00een 2012 au fost ale\u015fi pentru c\u0103 au candidat din partea Uniunii Social Liberale.<\/p>\n<p data-index=\"2\"><em><strong>\u201eAcum, pentru c\u0103 ordonan\u0163a \u00eemi permite, evident, \u00eemi voi da demisia din PNL. Zilele urm\u0103toare, nu sunt omul cu dou\u0103 fe\u0163e. Da, voi fi la UNPR, asta \u00eenseamn\u0103 o construc\u0163ii viitoare care, cel mai probabil, va \u00eensemna un nou USL\u201d, a spus Marius Stan, primarul ora\u015fului Gala\u0163i, la Digi24.<\/strong><\/em><\/p>\n<p data-index=\"3\"><em><strong>\u201eEu trebuie s\u0103 \u00eemi reprezint oamenii, nu ceea ce vor liderii de partide sau interesele lor. Nu au \u021binut cont de oamenii care i-au votat\u201d, a spus Gheorghe Fron, primar PNL \u00een Cornu Luncii, jude\u021bul Suceava.<\/strong><\/em><\/p>\n<p data-index=\"4\"><em><strong>\u201eAm g\u0103sit o echip\u0103 de oameni care sunt pentru oameni, nu este pentru un anumit grup cum erau cei de la Partidul Democrat Liberal, m\u0103 refer la centru. La centru se \u0219tia c\u0103 cei de la PDL&#8230; erau acei oameni&#8230; f\u0103ceau bine doar pentru ei. De doi ani de zile am un conflict deschis cu ei\u201d, a spus Ion B\u00e2rca, primar \u00een Turburea, jude\u021bul Gorj.<\/strong><\/em><\/p>\n<p data-index=\"5\"><em><strong>\u201eAm candidat din partea ACD, s-a desfiin\u0163at. C\u00e2nd candidam aveam ca contracandidat primar PDL, care a trecut la PSD. Acum a trecut \u00eenapoi la PDL. Ar trebui s\u0103 fiu coleg de partid cu el. Eu trebuie s\u0103 dovedesc comunit\u0103\u0163ii c\u0103 fac. E \u00een interesul comunit\u0103\u0163ii s\u0103 trec la un partid care mi-ar putea rezolva unele din probleme. Sunt op\u0163iunile noastre politice. Nimeni nu trece la presiuni dintr-o parte \u00een alta, dec\u00e2t dac\u0103 e \u015fantajabil. \u00cencerc s\u0103 fiu pragmatic, nu pe promisiuni. Promisiuni am f\u0103cut \u00een campanie cu domnul Adomni\u0163ei c\u0103 fac gr\u0103dini\u021b\u0103. Nu am fost ajutat. Ca s\u0103 nu par un primar mincinos, sunt \u00een stare s\u0103 \u00eemi pun \u00een joc mandatul \u0219i s\u0103 m\u0103 convertesc. La nivel local nu conteaz\u0103 partidul, c\u00e2t conteaz\u0103 persoana\u201d, a spus <span>Serioja Constantin Hob\u00eenca, primar \u00een Mo\u0163ca, jude\u021bul Ia\u0219i.<\/span><\/strong><\/em><\/p>\n<p data-index=\"6\">Opozi\u0163ia a contestat actul normativ \u015fi a anun\u0163at c\u0103 va depune o mo\u0163iune de cenzur\u0103 la adresa Guvernului. PNL \u015fi PDL sus\u0163in c\u0103 Ordonan\u0163a face parte dintr-un plan al Executivului de a frauda alegerile preziden\u0163iale.<\/p>\n<p data-index=\"7\"><strong><em>\u201eDup\u0103 aceast\u0103 lege, nu mai am dubii c\u0103 ave\u021bi mari probleme pentru preziden\u021biale \u0219i pentru locale \u0219i face\u021bi orice s\u0103 le fura\u021bi\u201d, a declarat Nini S\u0103punaru, vicepre\u0219edinte PNL, la Jurnalul de sear\u0103.<\/em><\/strong><\/p>\n<p data-index=\"8\"><strong><em>\u201e<span>Acest pas face parte dintr-un calendar prestabilit de furt al viitoarelor alegeri. Primul pas a fost modificarea legii pentru alegerea pre\u0219edintelui, prin care se schimb\u0103 modul de exercitare a votului\u201d, a ad\u0103ugat Andreea Paul, prim-vicepre\u0219edinte PDL.<\/span><\/em><\/strong><\/p>\n<p data-index=\"9\">Noul \u0219ef al Ambasadei SUA \u00een Bucure\u0219ti, Dean Thompson, spune, \u00eentr-un interviu pentru <a href=\"http:\/\/www.gandul.info\/\" target=\"_blank\" data-skip-linkfix=\"1\" rel=\"noopener\">g\u00e2ndul.info<\/a>, c\u0103<a href=\"https:\/\/www.digi24.ro\/Stiri\/Digi24\/Actualitate\/Politica\/Insarcinatul+cu+afaceri+al+Ambasadei+SUA+despre+ordonanta+trasei\" target=\"_blank\" data-skip-linkfix=\"1\" rel=\"noopener\"> nu a primit niciun fel de explica\u021bii<\/a> din partea premierului Victor Ponta sau a vicepremierului Liviu Dragnea cu privire la motivul pentru care a fost dat\u0103 aceast\u0103 ordonan\u021b\u0103.<\/p>\n<p data-index=\"10\"><strong><em>\u201e<span>Noi credem c\u0103 o procedur\u0103 parlamentar\u0103 transparent\u0103 este cea mai bun\u0103 cale de urmat c\u00e2nd vine vorba despre schimbat legi. \u00cen acest moment, Rom\u00e2nia vrea s\u0103 \u00ee\u015fi creeze o imagine foarte puternic\u0103, \u00een \u0163ar\u0103 \u015fi \u00een str\u0103in\u0103tate, drept un mediu s\u0103n\u0103tos de afaceri, un partener solid al NATO \u015fi al celorlalte institu\u0163ii din care face parte. Astfel, \u00een aceste institu\u0163ii, exist\u0103 anumite a\u015ftept\u0103ri, idei despre cum ar trebui s\u0103 se procedeze \u00een anumite situa\u0163ii. La asta va munci Rom\u00e2nia \u00een continuare\u201d, a declarat Dean Thompson, \u00censarcinatul cu afaceri al SUA \u00een Rom\u00e2nia.<\/span><\/em><\/strong><\/p>\n<p data-index=\"11\">Avocatul Poporului, Victor Ciorbea, cel abilitat s\u0103 conteste ordonan\u0163a la Curtea Constitu\u0163ional\u0103, <a href=\"https:\/\/www.digi24.ro\/Stiri\/Digi24\/Actualitate\/Politica\/Ciorbea+despre+OUG+privind+alesii+locali+Stati+sa+o+vad+putem+vo\" target=\"_blank\" data-skip-linkfix=\"1\" rel=\"noopener\">spune c\u0103 nu a v\u0103zut \u00eenc\u0103 actul normativ al guvernului<\/a>. Iar un r\u0103spuns institu\u0163ional va veni cel mai probabil s\u0103pt\u0103m\u00e2na viitoare.<\/p>\n<p data-index=\"12\"><strong><em>\u201e<span>Sta\u0163i mai \u00eent\u00e2i s\u0103 o v\u0103d, ce vre\u0163i s\u0103 reac\u0163ionez? Dup\u0103 ce o s-o v\u0103d, v\u0103d ce fac, adic\u0103 ce dispozi\u0163ii dau, ce verific\u0103ri \u015fi a\u015fa mai departe. (&#8230;) Nu \u015ftiu, depinde ce prevede \u015fi cum prevede (ordonan\u0163a, n.r.) \u015fi a\u015fa mai departe. Avem diverse proceduri \u00een func\u0163ie de diverse situa\u0163ii. A\u015fa c\u0103, mai vorbim, dac\u0103 vre\u0163i, c\u00e2nd dori\u0163i. De s\u0103pt\u0103m\u00e2na viitoare \u00eencolo mai putem vorbi, vedem ce \u015fi cum. (&#8230;) \u00cen secunda asta nu pot s\u0103 v\u0103 spun ce \u015fi cum\u201d, a fost reac\u021bia lui Victor Ciorbea, Avocatul Poporului.<\/span><\/em><\/strong><\/p>\n<\/div>\n<p> Source URL: https:\/\/www.digi24.ro\/stiri\/actualitate\/politica\/marius-stan-printre-primii-primari-care-profita-de-ordonanta-traseismului-primar-din-iasi-ca-sa-nu-par-un-mincinos-ma-convertesc-289016<\/p>\n","protected":false},"excerpt":{"rendered":"<p>Primarii care vor s\u0103 treac\u0103 acum \u00een barca puterii spun c\u0103 \u00een 2012 au fost ale\u015fi pentru c\u0103 au candidat din partea Uniunii Social Liberale. \u201eAcum, pentru c\u0103 ordonan\u0163a \u00eemi permite, evident, \u00eemi voi da demisia din PNL. Zilele urm\u0103toare, nu sunt omul cu dou\u0103 fe\u0163e. Da, voi fi la UNPR, asta \u00eenseamn\u0103 o construc\u0163ii [&hellip;]<\/p>\n","protected":false},"author":1,"featured_media":197851,"comment_status":"open","ping_status":"","sticky":false,"template":"","format":"standard","meta":{"footnotes":""},"categories":[2],"tags":[11],"class_list":["post-197850","post","type-post","status-publish","format-standard","has-post-thumbnail","hentry","category-politics","tag-digi24"],"_links":{"self":[{"href":"https:\/\/analyse.optim.biz\/index.php?rest_route=\/wp\/v2\/posts\/197850","targetHints":{"allow":["GET"]}}],"collection":[{"href":"https:\/\/analyse.optim.biz\/index.php?rest_route=\/wp\/v2\/posts"}],"about":[{"href":"https:\/\/analyse.optim.biz\/index.php?rest_route=\/wp\/v2\/types\/post"}],"author":[{"embeddable":true,"href":"https:\/\/analyse.optim.biz\/index.php?rest_route=\/wp\/v2\/users\/1"}],"replies":[{"embeddable":true,"href":"https:\/\/analyse.optim.biz\/index.php?rest_route=%2Fwp%2Fv2%2Fcomments&post=197850"}],"version-history":[{"count":0,"href":"https:\/\/analyse.optim.biz\/index.php?rest_route=\/wp\/v2\/posts\/197850\/revisions"}],"wp:featuredmedia":[{"embeddable":true,"href":"https:\/\/analyse.optim.biz\/index.php?rest_route=\/wp\/v2\/media\/197851"}],"wp:attachment":[{"href":"https:\/\/analyse.optim.biz\/index.php?rest_route=%2Fwp%2Fv2%2Fmedia&parent=197850"}],"wp:term":[{"taxonomy":"category","embeddable":true,"href":"https:\/\/analyse.optim.biz\/index.php?rest_route=%2Fwp%2Fv2%2Fcategories&post=197850"},{"taxonomy":"post_tag","embeddable":true,"href":"https:\/\/analyse.optim.biz\/index.php?rest_route=%2Fwp%2Fv2%2Ftags&post=197850"}],"curies":[{"name":"wp","href":"https:\/\/api.w.org\/{rel}","templated":true}]}}