{"id":197847,"date":"2014-09-03T14:10:50","date_gmt":"2014-09-03T11:10:50","guid":{"rendered":"https:\/\/analyse.optim.biz\/?p=197847"},"modified":"2014-09-03T14:10:50","modified_gmt":"2014-09-03T11:10:50","slug":"acl-va-cere-joi-avocatului-poporului-sa-sesizeze-cc-cu-privire-la-oug-privind-migratia-politica","status":"publish","type":"post","link":"https:\/\/analyse.optim.biz\/?p=197847","title":{"rendered":"ACL va cere joi Avocatului Poporului s\u0103 sesizeze CC cu privire la OUG privind migra\u021bia politic\u0103"},"content":{"rendered":"<div class=\"entry data-app-meta data-app-meta-article\" data-embed-base-url-canonical=\"https:\/\/www.digi24.ro\/embed\/stiri\/actualitate\/politica\/acl-va-cere-joi-avocatului-poporului-sa-sesizeze-cc-cu-privire-la-oug-privind-migratia-politica-289083\">\n<p data-index=\"1\"><img decoding=\"async\" src=\"https:\/\/analyse.optim.biz\/wp-content\/uploads\/2024\/09\/jnc9odawjmhhc2g9mdmyotrlmzcwzjjmnde4odnkzmyznzyxmdiymjmzota-thumb_.jpg\" data-skip-htmlfix=\"1\" title=\"jnc9odawjmhhc2g9mdmyotrlmzcwzjjmnde4odnkzmyznzyxmdiymjmzota-thumb_\"><\/p>\n<p data-index=\"2\">Deputatul PNL Theodor Nicolescu a declarat c\u0103 joi diminea\u021b\u0103 va fi depus\u0103 la Avocatul Poporului solicitarea de sesizarea a Cur\u021bii Constiti\u021bionale \u00een cazul ordonan\u021bei de urgen\u021b\u0103 55\/2014, privind migra\u021bia politic\u0103.<\/p>\n<p data-index=\"3\">Nicolescu a sus\u021binut c\u0103 ordonan\u021ba este neconstitu\u021bional\u0103 pentru c\u0103 \u00eencalc\u0103 reglementarea din legea fundamental\u0103 care precizeaz\u0103 c\u0103 ordonan\u021bele de urgen\u021b\u0103 nu pot afecta regimul institu\u021biilor fundamentale, \u00eentre acestea num\u0103r\u00e2ndu-se administra\u021bia local\u0103.<\/p>\n<p data-index=\"4\">\u201dAvem deja patru sau cinci decizii ale Cur\u021bii Constitu\u021bionale care de fiecare dat\u0103 au spus c\u0103 interzicerea traseismului este constitu\u021bional\u0103 \u0219i de altfel vine \u00een concordan\u021b\u0103 cu dispozi\u021biile articolului 8, alineatul 2 din Constitu\u021bie, care statueaz\u0103 faptul c\u0103 partidele sunt cele care preiau voin\u021ba popular\u0103 \u0219i o transform\u0103 \u00een decizie politic\u0103\u201d, a afirmat deputatul PNL. El a sus\u021binut c\u0103 nu se dovede\u0219te urgen\u021ba adopt\u0103rii actului normativ, iar argumentele invocate \u00een prezentarea ordonan\u021bei sunt \u201dminciuni grosolane\u201d.<\/p>\n<p data-index=\"5\">\u201dProbabil c\u0103 dup\u0103 mintea domnului Dragnea nu mai func\u021bioneaz\u0103 consiliile jude\u021bene sau locale, dar asta este o minte de baron care spune a\u0219a: dac\u0103 nu func\u021bioneaz\u0103 cum vreau eu, \u00eenseamn\u0103 c\u0103 nu func\u021bioneaz\u0103. \u00cen realitate, consiliile locale \u0219i jude\u021bene se \u00eentrunesc \u0219i adopt\u0103 sau nu adopt\u0103 proiectele de hot\u0103r\u00e2re cu care sunt \u00eenvestite\u201d, a precizat deputatul PNL. \u00cen plus, Nicolescu a sus\u021binut c\u0103 este neconstitu\u021bional\u0103 \u0219i introducerea \u201dsuplean\u021bilor\u201d ca o categorie distinct\u0103 de ale\u0219i locali, astfel \u00eenc\u00e2t prevederea afecteaz\u0103 drepturi electorale care nu pot fi reglementare prin ordonan\u021b\u0103 de urgen\u021b\u0103, conform Constitu\u021biei.<\/p>\n<p data-index=\"6\">El a men\u021bionat c\u0103, dac\u0103 Avocatul Poporului nu va sesiza Curtea Constitu\u021bional\u0103, PNL va contesta \u00een contencios administrativ ordonan\u021ba de urgen\u021b\u0103 \u0219i va cere \u00een instan\u021b\u0103 sesizarea Cur\u021bii. \u201dDac\u0103 de data asta nu reu\u0219im s\u0103 oprim un astfel de abuz constitu\u021bional, se poate ca orice guvern, orice majoritate la fel de abuziv\u0103 sau poate chiar mai abuziv\u0103 dec\u00e2t cea pe care o conduc Ponta, Dragnea \u0219i ceilal\u021bi baroni locali s\u0103 fac\u0103 lucruri la fel de grave. Ideea este c\u0103 trebuie s\u0103 spunem o dat\u0103 pentru totdeauna c\u0103 nu putem s\u0103 accept\u0103m migra\u021bia politic\u0103 \u0219i legea asta nu mai trebuie schimbat\u0103\u201d, a declarat Nicolescu. El a men\u021bionat c\u0103 Avocatul Poporului, Victor Ciorbea, nu are nevoie de mai multe de o zi pentru a citi ordonan\u021ba de urgen\u021b\u0103 care este tip\u0103rit\u0103 \u00een Monitorul Oficial pe o singur\u0103 pagin\u0103.<\/p>\n<\/div>\n<p> Source URL: https:\/\/www.digi24.ro\/stiri\/actualitate\/politica\/acl-va-cere-joi-avocatului-poporului-sa-sesizeze-cc-cu-privire-la-oug-privind-migratia-politica-289083<\/p>\n","protected":false},"excerpt":{"rendered":"<p>Deputatul PNL Theodor Nicolescu a declarat c\u0103 joi diminea\u021b\u0103 va fi depus\u0103 la Avocatul Poporului solicitarea de sesizarea a Cur\u021bii Constiti\u021bionale \u00een cazul ordonan\u021bei de urgen\u021b\u0103 55\/2014, privind migra\u021bia politic\u0103. Nicolescu a sus\u021binut c\u0103 ordonan\u021ba este neconstitu\u021bional\u0103 pentru c\u0103 \u00eencalc\u0103 reglementarea din legea fundamental\u0103 care precizeaz\u0103 c\u0103 ordonan\u021bele de urgen\u021b\u0103 nu pot afecta regimul institu\u021biilor [&hellip;]<\/p>\n","protected":false},"author":1,"featured_media":197848,"comment_status":"open","ping_status":"","sticky":false,"template":"","format":"standard","meta":{"footnotes":""},"categories":[2],"tags":[11],"class_list":["post-197847","post","type-post","status-publish","format-standard","has-post-thumbnail","hentry","category-politics","tag-digi24"],"_links":{"self":[{"href":"https:\/\/analyse.optim.biz\/index.php?rest_route=\/wp\/v2\/posts\/197847","targetHints":{"allow":["GET"]}}],"collection":[{"href":"https:\/\/analyse.optim.biz\/index.php?rest_route=\/wp\/v2\/posts"}],"about":[{"href":"https:\/\/analyse.optim.biz\/index.php?rest_route=\/wp\/v2\/types\/post"}],"author":[{"embeddable":true,"href":"https:\/\/analyse.optim.biz\/index.php?rest_route=\/wp\/v2\/users\/1"}],"replies":[{"embeddable":true,"href":"https:\/\/analyse.optim.biz\/index.php?rest_route=%2Fwp%2Fv2%2Fcomments&post=197847"}],"version-history":[{"count":0,"href":"https:\/\/analyse.optim.biz\/index.php?rest_route=\/wp\/v2\/posts\/197847\/revisions"}],"wp:featuredmedia":[{"embeddable":true,"href":"https:\/\/analyse.optim.biz\/index.php?rest_route=\/wp\/v2\/media\/197848"}],"wp:attachment":[{"href":"https:\/\/analyse.optim.biz\/index.php?rest_route=%2Fwp%2Fv2%2Fmedia&parent=197847"}],"wp:term":[{"taxonomy":"category","embeddable":true,"href":"https:\/\/analyse.optim.biz\/index.php?rest_route=%2Fwp%2Fv2%2Fcategories&post=197847"},{"taxonomy":"post_tag","embeddable":true,"href":"https:\/\/analyse.optim.biz\/index.php?rest_route=%2Fwp%2Fv2%2Ftags&post=197847"}],"curies":[{"name":"wp","href":"https:\/\/api.w.org\/{rel}","templated":true}]}}