{"id":197844,"date":"2014-09-03T14:19:39","date_gmt":"2014-09-03T11:19:39","guid":{"rendered":"https:\/\/analyse.optim.biz\/?p=197844"},"modified":"2014-09-03T14:19:39","modified_gmt":"2014-09-03T11:19:39","slug":"nominalizarea-corinei-cretu-este-contestata-vasile-blaga-si-klaus-iohannis-le-au-scris-presedintilor-ce-si-ppe","status":"publish","type":"post","link":"https:\/\/analyse.optim.biz\/?p=197844","title":{"rendered":"Nominalizarea Corinei Cre\u0163u este contestat\u0103. Vasile Blaga \u015fi Klaus Iohannis le-au scris pre\u015fedin\u0163ilor CE \u015fi PPE"},"content":{"rendered":"<div class=\"entry data-app-meta data-app-meta-article\" data-embed-base-url-canonical=\"https:\/\/www.digi24.ro\/embed\/stiri\/actualitate\/politica\/nominalizarea-corinei-cretu-este-contestata-vasile-blaga-si-klaus-iohannis-le-au-scris-presedintilor-ce-si-ppe-289088\">\n<p data-index=\"1\"><img decoding=\"async\" src=\"https:\/\/analyse.optim.biz\/wp-content\/uploads\/2024\/09\/zyz3ptgwmczoyxnoptg1ntgwmtu4zmi3zjq2yzdhmji0zjizyjc5nguwyjcz-thumb_.jpg\" data-skip-htmlfix=\"1\" title=\"zyz3ptgwmczoyxnoptg1ntgwmtu4zmi3zjq2yzdhmji0zjizyjc5nguwyjcz-thumb_\"><\/p>\n<p data-index=\"2\">Cei doi lideri politici spun c\u0103 nu au fost \u00eendeplinite procedurile \u00een parlament privind audierea \u00een comisiile de specialitate, \u00een urma c\u0103rora s\u0103 fie \u00eentocmit un raport, care s\u0103 fie votat \u00een Parlament.<\/p>\n<p data-index=\"3\">\u00cen scrisoarea transmis\u0103 liderilor europeni, Vlasile Blaga \u015fi Klaus Iohannis subliniaz\u0103 c\u0103 este pus \u00eentr-o lumin\u0103 nefavorabil\u0103 prestigiul CE, \u00een situa\u0163ia \u00een care Comisia va accepta s\u0103 discute cu persoana nominalizat\u0103, de\u015fi aceasta nu a fost audiat\u0103 \u00een Parlament.<\/p>\n<p data-index=\"4\">Pre\u015fedintele ales al Comisiei Europene, Jean-Claude Juncker, a decis ca din cei doi candida\u0163i ai Rom\u00e2niei pentru un post de comisar s\u0103 aib\u0103 discu\u0163ii doar cu europarlamentarul PSD Corina Cre\u0163u, chiar dac\u0103 prima op\u0163iune a Bucure\u015ftiului a fost pentru Dacian Ciolo\u015f, potrivit unui surse europene, citate de Mediafax.<\/p>\n<p data-index=\"5\">Purt\u0103torul de cuv\u00e2nt al CE Natasha Bertaud a anun\u0163at c\u0103 discu\u0163ia dintre Jean-Claude Juncker \u015fi candidatul rom\u00e2n va avea loc joi.<\/p>\n<p data-index=\"6\">La sf\u00e2r\u015fitul s\u0103pt\u0103m\u00e2nii trecute, prim-ministrul a declarat c\u0103 a luat decizia de a face o a doua nominalizare, pe l\u00e2ng\u0103 Dacian Ciolo\u015f, pentru ca \u015fansele Bucure\u015ftiului de a ob\u0163ine un portofoliu important s\u0103 fie c\u00e2t mai mari.<\/p>\n<p data-index=\"7\"><a href=\"https:\/\/www.digi24.ro\/Stiri\/Digi24\/Actualitate\/Politica\/Victor+Ponta+iritat+de+declaratiile+ticaloase+din+Romania\" target=\"_blank\" data-skip-linkfix=\"1\" rel=\"noopener\"><strong>Victor Ponta nu a vrut \u00eens\u0103 s\u0103 spun\u0103 despre cine este vorba<\/strong><\/a>. Totu\u015fi, \u00eentr-o scrisoare trimis\u0103 pre\u015fedintelui Comisiei Europene la sf\u00e2r\u015fitul lunii iulie, premierul a f\u0103cut dou\u0103 propuneri pentru postul de comisar european, respectiv Dacian Ciolo\u015f \u015fi Corina Cre\u0163u.<\/p>\n<p data-index=\"8\">Premierul Victor Ponta l-a informat \u00een data de 30 iulie pe pre\u015fedintele Camerei Deputa\u0163ilor, Valeriu Zgonea, despre cele dou\u0103 propuneri ale Guvernului pentru comisar european, informarea con\u0163in\u00e2nd inclusiv numele celor propu\u015fi, respectiv Dacian Ciolo\u015f \u015fi Corina Cre\u0163u.<\/p>\n<p data-index=\"9\">\u00cen acest context, PNL a cerut, \u00eentr-un comunicat de pres\u0103, demisia pre\u015fedintelui Camerei Deputa\u0163ilor, Valeriu Zgonea, pe care \u00eel acuz\u0103 de \u201et\u0103inuire de informa\u0163ii\u201d pe care parlamentarii, conform legii, trebuie s\u0103 le afle.<\/p>\n<\/div>\n<p> Source URL: https:\/\/www.digi24.ro\/stiri\/actualitate\/politica\/nominalizarea-corinei-cretu-este-contestata-vasile-blaga-si-klaus-iohannis-le-au-scris-presedintilor-ce-si-ppe-289088<\/p>\n","protected":false},"excerpt":{"rendered":"<p>Cei doi lideri politici spun c\u0103 nu au fost \u00eendeplinite procedurile \u00een parlament privind audierea \u00een comisiile de specialitate, \u00een urma c\u0103rora s\u0103 fie \u00eentocmit un raport, care s\u0103 fie votat \u00een Parlament. \u00cen scrisoarea transmis\u0103 liderilor europeni, Vlasile Blaga \u015fi Klaus Iohannis subliniaz\u0103 c\u0103 este pus \u00eentr-o lumin\u0103 nefavorabil\u0103 prestigiul CE, \u00een situa\u0163ia \u00een [&hellip;]<\/p>\n","protected":false},"author":1,"featured_media":197845,"comment_status":"open","ping_status":"","sticky":false,"template":"","format":"standard","meta":{"footnotes":""},"categories":[2],"tags":[11],"class_list":["post-197844","post","type-post","status-publish","format-standard","has-post-thumbnail","hentry","category-politics","tag-digi24"],"_links":{"self":[{"href":"https:\/\/analyse.optim.biz\/index.php?rest_route=\/wp\/v2\/posts\/197844","targetHints":{"allow":["GET"]}}],"collection":[{"href":"https:\/\/analyse.optim.biz\/index.php?rest_route=\/wp\/v2\/posts"}],"about":[{"href":"https:\/\/analyse.optim.biz\/index.php?rest_route=\/wp\/v2\/types\/post"}],"author":[{"embeddable":true,"href":"https:\/\/analyse.optim.biz\/index.php?rest_route=\/wp\/v2\/users\/1"}],"replies":[{"embeddable":true,"href":"https:\/\/analyse.optim.biz\/index.php?rest_route=%2Fwp%2Fv2%2Fcomments&post=197844"}],"version-history":[{"count":0,"href":"https:\/\/analyse.optim.biz\/index.php?rest_route=\/wp\/v2\/posts\/197844\/revisions"}],"wp:featuredmedia":[{"embeddable":true,"href":"https:\/\/analyse.optim.biz\/index.php?rest_route=\/wp\/v2\/media\/197845"}],"wp:attachment":[{"href":"https:\/\/analyse.optim.biz\/index.php?rest_route=%2Fwp%2Fv2%2Fmedia&parent=197844"}],"wp:term":[{"taxonomy":"category","embeddable":true,"href":"https:\/\/analyse.optim.biz\/index.php?rest_route=%2Fwp%2Fv2%2Fcategories&post=197844"},{"taxonomy":"post_tag","embeddable":true,"href":"https:\/\/analyse.optim.biz\/index.php?rest_route=%2Fwp%2Fv2%2Ftags&post=197844"}],"curies":[{"name":"wp","href":"https:\/\/api.w.org\/{rel}","templated":true}]}}