{"id":197833,"date":"2014-09-03T15:20:06","date_gmt":"2014-09-03T12:20:06","guid":{"rendered":"https:\/\/analyse.optim.biz\/?p=197833"},"modified":"2014-09-03T15:20:06","modified_gmt":"2014-09-03T12:20:06","slug":"primarul-care-a-primit-cadou-barca-in-care-s-au-plimbat-ponta-si-dragnea-la-inundatii-a-sarit-in-barca-psd","status":"publish","type":"post","link":"https:\/\/analyse.optim.biz\/?p=197833","title":{"rendered":"Primarul care a primit cadou barca \u00een care s-au plimbat Ponta \u015fi Dragnea la inunda\u0163ii &#8220;a s\u0103rit \u00een barca&#8221; PSD"},"content":{"rendered":"<div class=\"entry data-app-meta data-app-meta-article\" data-embed-base-url-canonical=\"https:\/\/www.digi24.ro\/embed\/stiri\/actualitate\/politica\/primarul-care-a-primit-cadou-barca-in-care-s-au-plimbat-ponta-si-dragnea-la-inundatii-a-sarit-in-barca-psd-289117\">\n<p data-index=\"1\">Ace\u015ftia \u00ee\u015fi anun\u0163aser\u0103 deja sus\u0163inerea pentru social-democra\u0163i, \u00een campania electoral\u0103 pentru europarlamentare.<\/p>\n<p data-index=\"2\">Printre ei se afl\u0103 \u015fi Ioana Magereanu, primarul comunei \u015etorob\u0103neasa, aleas\u0103 \u00een 2012 din partea PDL.<\/p>\n<p data-index=\"3\">Localitatea pe care o conduce a devenit celebr\u0103 dup\u0103 ce apele s-au rev\u0103rsat \u00een satul Beiu. S\u0103pt\u0103m\u00e2na trecut\u0103, edilul a primit cadou barca \u00een care s-au plimbat, la inunda\u0163iile din luna aprilie, premierul Victor Ponta \u015fi vicepremierul Liviu Dragnea.<\/p>\n<\/div>\n<p> Source URL: https:\/\/www.digi24.ro\/stiri\/actualitate\/politica\/primarul-care-a-primit-cadou-barca-in-care-s-au-plimbat-ponta-si-dragnea-la-inundatii-a-sarit-in-barca-psd-289117<\/p>\n","protected":false},"excerpt":{"rendered":"<p>Ace\u015ftia \u00ee\u015fi anun\u0163aser\u0103 deja sus\u0163inerea pentru social-democra\u0163i, \u00een campania electoral\u0103 pentru europarlamentare. Printre ei se afl\u0103 \u015fi Ioana Magereanu, primarul comunei \u015etorob\u0103neasa, aleas\u0103 \u00een 2012 din partea PDL. Localitatea pe care o conduce a devenit celebr\u0103 dup\u0103 ce apele s-au rev\u0103rsat \u00een satul Beiu. S\u0103pt\u0103m\u00e2na trecut\u0103, edilul a primit cadou barca \u00een care s-au plimbat, [&hellip;]<\/p>\n","protected":false},"author":1,"featured_media":197834,"comment_status":"open","ping_status":"","sticky":false,"template":"","format":"standard","meta":{"footnotes":""},"categories":[2],"tags":[11],"class_list":["post-197833","post","type-post","status-publish","format-standard","has-post-thumbnail","hentry","category-politics","tag-digi24"],"_links":{"self":[{"href":"https:\/\/analyse.optim.biz\/index.php?rest_route=\/wp\/v2\/posts\/197833","targetHints":{"allow":["GET"]}}],"collection":[{"href":"https:\/\/analyse.optim.biz\/index.php?rest_route=\/wp\/v2\/posts"}],"about":[{"href":"https:\/\/analyse.optim.biz\/index.php?rest_route=\/wp\/v2\/types\/post"}],"author":[{"embeddable":true,"href":"https:\/\/analyse.optim.biz\/index.php?rest_route=\/wp\/v2\/users\/1"}],"replies":[{"embeddable":true,"href":"https:\/\/analyse.optim.biz\/index.php?rest_route=%2Fwp%2Fv2%2Fcomments&post=197833"}],"version-history":[{"count":0,"href":"https:\/\/analyse.optim.biz\/index.php?rest_route=\/wp\/v2\/posts\/197833\/revisions"}],"wp:featuredmedia":[{"embeddable":true,"href":"https:\/\/analyse.optim.biz\/index.php?rest_route=\/wp\/v2\/media\/197834"}],"wp:attachment":[{"href":"https:\/\/analyse.optim.biz\/index.php?rest_route=%2Fwp%2Fv2%2Fmedia&parent=197833"}],"wp:term":[{"taxonomy":"category","embeddable":true,"href":"https:\/\/analyse.optim.biz\/index.php?rest_route=%2Fwp%2Fv2%2Fcategories&post=197833"},{"taxonomy":"post_tag","embeddable":true,"href":"https:\/\/analyse.optim.biz\/index.php?rest_route=%2Fwp%2Fv2%2Ftags&post=197833"}],"curies":[{"name":"wp","href":"https:\/\/api.w.org\/{rel}","templated":true}]}}