{"id":197830,"date":"2014-09-03T16:06:21","date_gmt":"2014-09-03T13:06:21","guid":{"rendered":"https:\/\/analyse.optim.biz\/?p=197830"},"modified":"2014-09-03T16:06:21","modified_gmt":"2014-09-03T13:06:21","slug":"basescu-sper-ca-romania-va-putea-in-2020-sa-acopere-nevoile-de-gaz-ale-romaniei-si-moldovei","status":"publish","type":"post","link":"https:\/\/analyse.optim.biz\/?p=197830","title":{"rendered":"B\u0103sescu: Sper c\u0103 Rom\u00e2nia va putea \u00een 2020 s\u0103 acopere nevoile de gaz ale Rom\u00e2niei \u015fi Moldovei"},"content":{"rendered":"<div class=\"entry data-app-meta data-app-meta-article\" data-embed-base-url-canonical=\"https:\/\/www.digi24.ro\/embed\/stiri\/actualitate\/politica\/basescu-sper-ca-romania-va-putea-in-2020-sa-acopere-nevoile-de-gaz-ale-romaniei-si-moldovei-289156\">\n<p data-index=\"1\"><img decoding=\"async\" src=\"https:\/\/analyse.optim.biz\/wp-content\/uploads\/2024\/09\/oddiytjlyty5yjq3mdk1nmu5njdiogflztq0ode-thumb_.jpg\" data-skip-htmlfix=\"1\" title=\"oddiytjlyty5yjq3mdk1nmu5njdiogflztq0ode-thumb_\"><\/p>\n<p data-index=\"2\">\u201dIat\u0103 c\u0103 au \u00eenceput, \u015ftim c\u0103 anul trecut s-a descoperit un z\u0103c\u0103m\u00e2nt important, \u00een Domino 1, acum se foreaz\u0103 \u00een Domino 2\u201d, a spus pre\u015fedintele, ar\u0103t\u00e2nd c\u0103 Platforma Ocean Endeavor va r\u0103m\u00e2ne inclusiv \u00een trimestrul \u00eent\u00e2i al anului viitor pentru alte prospec\u0163iuni, inclusiv \u00een alte perimetre pe care Exxon \u015fi Petrom le au \u00een concesiune, scrie <a href=\"http:\/\/www.mediafax.ro\/economic\/basescu-sper-ca-romania-va-putea-in-2020-sa-acopere-nevoile-de-gaz-ale-romaniei-si-moldovei-13198051\" target=\"_blank\" data-skip-linkfix=\"1\" rel=\"noopener\">Mediafax<\/a>.<\/p>\n<p data-index=\"3\">\u201dEu sunt optimist c\u0103 Rom\u00e2nia va fi capabil\u0103, \u00een jurul anului 2019-2020, s\u0103 acopere nevoile de gaze nu numai ale Rom\u00e2niei, c\u00e2t \u015fi pe cele ale Republicii Moldova\u201d, a declarat \u015feful statului, preciz\u00e2nd c\u0103 aceasta este \u015fi o prioritate pe care cele dou\u0103 companii o cunosc.<\/p>\n<\/div>\n<p> Source URL: https:\/\/www.digi24.ro\/stiri\/actualitate\/politica\/basescu-sper-ca-romania-va-putea-in-2020-sa-acopere-nevoile-de-gaz-ale-romaniei-si-moldovei-289156<\/p>\n","protected":false},"excerpt":{"rendered":"<p>\u201dIat\u0103 c\u0103 au \u00eenceput, \u015ftim c\u0103 anul trecut s-a descoperit un z\u0103c\u0103m\u00e2nt important, \u00een Domino 1, acum se foreaz\u0103 \u00een Domino 2\u201d, a spus pre\u015fedintele, ar\u0103t\u00e2nd c\u0103 Platforma Ocean Endeavor va r\u0103m\u00e2ne inclusiv \u00een trimestrul \u00eent\u00e2i al anului viitor pentru alte prospec\u0163iuni, inclusiv \u00een alte perimetre pe care Exxon \u015fi Petrom le au \u00een concesiune, [&hellip;]<\/p>\n","protected":false},"author":1,"featured_media":197831,"comment_status":"open","ping_status":"","sticky":false,"template":"","format":"standard","meta":{"footnotes":""},"categories":[2],"tags":[11],"class_list":["post-197830","post","type-post","status-publish","format-standard","has-post-thumbnail","hentry","category-politics","tag-digi24"],"_links":{"self":[{"href":"https:\/\/analyse.optim.biz\/index.php?rest_route=\/wp\/v2\/posts\/197830","targetHints":{"allow":["GET"]}}],"collection":[{"href":"https:\/\/analyse.optim.biz\/index.php?rest_route=\/wp\/v2\/posts"}],"about":[{"href":"https:\/\/analyse.optim.biz\/index.php?rest_route=\/wp\/v2\/types\/post"}],"author":[{"embeddable":true,"href":"https:\/\/analyse.optim.biz\/index.php?rest_route=\/wp\/v2\/users\/1"}],"replies":[{"embeddable":true,"href":"https:\/\/analyse.optim.biz\/index.php?rest_route=%2Fwp%2Fv2%2Fcomments&post=197830"}],"version-history":[{"count":0,"href":"https:\/\/analyse.optim.biz\/index.php?rest_route=\/wp\/v2\/posts\/197830\/revisions"}],"wp:featuredmedia":[{"embeddable":true,"href":"https:\/\/analyse.optim.biz\/index.php?rest_route=\/wp\/v2\/media\/197831"}],"wp:attachment":[{"href":"https:\/\/analyse.optim.biz\/index.php?rest_route=%2Fwp%2Fv2%2Fmedia&parent=197830"}],"wp:term":[{"taxonomy":"category","embeddable":true,"href":"https:\/\/analyse.optim.biz\/index.php?rest_route=%2Fwp%2Fv2%2Fcategories&post=197830"},{"taxonomy":"post_tag","embeddable":true,"href":"https:\/\/analyse.optim.biz\/index.php?rest_route=%2Fwp%2Fv2%2Ftags&post=197830"}],"curies":[{"name":"wp","href":"https:\/\/api.w.org\/{rel}","templated":true}]}}