{"id":197818,"date":"2014-09-03T16:23:05","date_gmt":"2014-09-03T13:23:05","guid":{"rendered":"https:\/\/analyse.optim.biz\/?p=197818"},"modified":"2014-09-03T16:23:05","modified_gmt":"2014-09-03T13:23:05","slug":"victor-ponta-ii-critica-dur-pe-vasile-blaga-si-klaus-iohannis-acesti-politruci-fara-minte-pacala-si-tandala-ai-politicii-ataca-fara-sa-stie-de-ce","status":"publish","type":"post","link":"https:\/\/analyse.optim.biz\/?p=197818","title":{"rendered":"Victor Ponta \u00eei critic\u0103 dur pe Vasile Blaga \u015fi Klaus Iohannis: Ace\u015fti politruci f\u0103r\u0103 minte, P\u0103cal\u0103 \u015fi T\u00e2ndal\u0103 ai politicii, atac\u0103 f\u0103r\u0103 s\u0103 \u015ftie de ce"},"content":{"rendered":"<div class=\"entry data-app-meta data-app-meta-article\" data-embed-base-url-canonical=\"https:\/\/www.digi24.ro\/embed\/stiri\/actualitate\/politica\/victor-ponta-ii-critica-dur-pe-vasile-blaga-si-klaus-iohannis-acesti-politruci-fara-minte-pacala-si-tandala-ai-politicii-ataca-fara-sa-stie-de-ce-289171\">\n<p data-index=\"1\">\u00a0<img decoding=\"async\" src=\"https:\/\/analyse.optim.biz\/wp-content\/uploads\/2024\/09\/ad1hywzmzjmwntazowq5odg0ntgznmy4mzuyzwyxowziyw-thumb_.jpg\" data-skip-htmlfix=\"1\" title=\"ad1hywzmzjmwntazowq5odg0ntgznmy4mzuyzwyxowziyw-thumb_\"><\/p>\n<p data-index=\"2\">\u201e<span>To\u0163i oamenii cu mintea la ei \u015fi care \u015ftiu ce \u00eenseamn\u0103, au aplaudat c\u0103 Rom\u00e2nia, chiar dac\u0103 a avut probleme \u00een trecut \u00een absorb\u0163ia fondurilor europene, a ob\u0163inut cel mai bun portofoliu pe care am fi putut vreodat\u0103 s\u0103 ni-l dorim. Chiar \u015fi domnul B\u0103sescu a avut suficient\u0103 minte s\u0103 nu comenteze mai mult.<\/span><\/p>\n<p data-index=\"3\"><strong><span>Cei doi politruci f\u0103r\u0103 minte Iohannis \u015fi Blaga \u2013 ace\u015fti P\u0103cal\u0103 \u015fi T\u00e2ndal\u0103 ai politicii rom\u00e2ne\u015fti &#8211; s-au g\u00e2ndit ei s\u0103 \u00eei cear\u0103 domnului Juncker s\u0103 nu ne dea nou\u0103 dezvoltarea regional\u0103.<\/span><\/strong><\/p>\n<p data-index=\"4\"><strong>Ace\u015fti politruci Iohannis \u015fi Blaga, crez\u00e2nd c\u0103 \u00eei fac pl\u0103cere lui B\u0103sescu, dar el a fost mai de\u015ftept \u015fi nu a criticat acest lucru<\/strong> \u2013 au f\u0103cut acest lucru condamnabil. <\/p>\n<p data-index=\"5\">Cu oameni cu at\u00e2t de pu\u0163in\u0103 ra\u0163iune \u015fi inteligen\u0163\u0103 politic\u0103 va fi foarte greu s\u0103 dezvolt\u0103m Rom\u00e2nia.<\/p>\n<p data-index=\"6\">Eu cred c\u0103 ce am ob\u0163inut pentru Rom\u00e2nia \u2013 de a avea un portofoliu, cel al dezvolt\u0103rii regionale, ceea ce ne va permite pe baza experien\u0163elor s\u0103 folosim rapid \u015fi \u00een interesul Rom\u00e2niei toate fondurile structurale \u2013 este foarte important.<\/p>\n<p data-index=\"7\">Dac\u0103 domnul Juncker \u00eemi va comunica \u00een mod oficial care este portofoliul alocat Rom\u00e2niei voi face o nominalizare oficial\u0103, care fi trimis\u0103 \u015fi pre\u015fedintelui Junker \u015fi Parlamentului Rom\u00e2niei\u201d, a declarat Victor Ponta.<\/p>\n<p data-index=\"8\">Vasile Blaga \u015fi Klaus Iohannis le-au scris pre\u015fedintelui Comisiei Europene \u015fi pre\u015fedintelui PPE, sus\u0163in\u00e2nd c\u0103 posibila desemnare a Corinei Cre\u0163u drept comisar european, ca urmare a nominaliz\u0103rii f\u0103cute de Victor Ponta, ar fi ilegal\u0103, \u00eentruc\u00e2t nu au fost \u00eendeplinite procedurile \u00een Parlament.<\/p>\n<p data-index=\"9\">Cei doi lideri politici spun c\u0103 nu au fost \u00eendeplinite procedurile \u00een parlament privind audierea \u00een comisiile de specialitate, \u00een urma c\u0103rora s\u0103 fie \u00eentocmit un raport, care s\u0103 fie votat \u00een Parlament.<\/p>\n<p data-index=\"10\">\u00cen scrisoarea transmis\u0103 liderilor europeni, Vlasile Blaga \u015fi Klaus Iohannis subliniaz\u0103 c\u0103 este pus \u00eentr-o lumin\u0103 nefavorabil\u0103 prestigiul CE, \u00een situa\u0163ia \u00een care Comisia va accepta s\u0103 discute cu persoana nominalizat\u0103, de\u015fi aceasta nu a fost audiat\u0103 \u00een Parlament.<\/p>\n<p data-index=\"11\">Pre\u015fedintele ales al Comisiei Europene, Jean-Claude Juncker, a decis ca din cei doi candida\u0163i ai Rom\u00e2niei pentru un post de comisar s\u0103 aib\u0103 discu\u0163ii doar cu europarlamentarul PSD Corina Cre\u0163u, chiar dac\u0103 prima op\u0163iune a Bucure\u015ftiului a fost pentru Dacian Ciolo\u015f, potrivit unui surse europene, citate de Mediafax.<\/p>\n<p data-index=\"12\">Purt\u0103torul de cuv\u00e2nt al CE Natasha Bertaud a anun\u0163at c\u0103 discu\u0163ia dintre Jean-Claude Juncker \u015fi candidatul rom\u00e2n va avea loc joi.<\/p>\n<p data-index=\"13\">La sf\u00e2r\u015fitul s\u0103pt\u0103m\u00e2nii trecute, prim-ministrul a declarat c\u0103 a luat decizia de a face o a doua nominalizare, pe l\u00e2ng\u0103 Dacian Ciolo\u015f, pentru ca \u015fansele Bucure\u015ftiului de a ob\u0163ine un portofoliu important s\u0103 fie c\u00e2t mai mari.<\/p>\n<p data-index=\"14\">Victor Ponta nu a vrut \u00eens\u0103 s\u0103 spun\u0103 despre cine este vorba. Totu\u015fi, \u00eentr-o scrisoare trimis\u0103 pre\u015fedintelui Comisiei Europene la sf\u00e2r\u015fitul lunii iulie, premierul a f\u0103cut dou\u0103 propuneri pentru postul de comisar european, respectiv Dacian Ciolo\u015f \u015fi Corina Cre\u0163u.<\/p>\n<p data-index=\"15\">Premierul Victor Ponta l-a informat \u00een data de 30 iulie pe pre\u015fedintele Camerei Deputa\u0163ilor, Valeriu Zgonea, despre cele dou\u0103 propuneri ale Guvernului pentru comisar european, informarea con\u0163in\u00e2nd inclusiv numele celor propu\u015fi, respectiv Dacian Ciolo\u015f \u015fi Corina Cre\u0163u.<\/p>\n<p data-index=\"16\">\u00cen acest context, PNL a cerut, \u00eentr-un comunicat de pres\u0103, demisia pre\u015fedintelui Camerei Deputa\u0163ilor, Valeriu Zgonea, pe care \u00eel acuz\u0103 de \u201et\u0103inuire de informa\u0163ii\u201d pe care parlamentarii, conform legii, trebuie s\u0103 le afle.<\/p>\n<p data-index=\"17\">\n<\/div>\n<p> Source URL: https:\/\/www.digi24.ro\/stiri\/actualitate\/politica\/victor-ponta-ii-critica-dur-pe-vasile-blaga-si-klaus-iohannis-acesti-politruci-fara-minte-pacala-si-tandala-ai-politicii-ataca-fara-sa-stie-de-ce-289171<\/p>\n","protected":false},"excerpt":{"rendered":"<p>\u00a0 \u201eTo\u0163i oamenii cu mintea la ei \u015fi care \u015ftiu ce \u00eenseamn\u0103, au aplaudat c\u0103 Rom\u00e2nia, chiar dac\u0103 a avut probleme \u00een trecut \u00een absorb\u0163ia fondurilor europene, a ob\u0163inut cel mai bun portofoliu pe care am fi putut vreodat\u0103 s\u0103 ni-l dorim. Chiar \u015fi domnul B\u0103sescu a avut suficient\u0103 minte s\u0103 nu comenteze mai mult. [&hellip;]<\/p>\n","protected":false},"author":1,"featured_media":197819,"comment_status":"open","ping_status":"","sticky":false,"template":"","format":"standard","meta":{"footnotes":""},"categories":[2],"tags":[11],"class_list":["post-197818","post","type-post","status-publish","format-standard","has-post-thumbnail","hentry","category-politics","tag-digi24"],"_links":{"self":[{"href":"https:\/\/analyse.optim.biz\/index.php?rest_route=\/wp\/v2\/posts\/197818","targetHints":{"allow":["GET"]}}],"collection":[{"href":"https:\/\/analyse.optim.biz\/index.php?rest_route=\/wp\/v2\/posts"}],"about":[{"href":"https:\/\/analyse.optim.biz\/index.php?rest_route=\/wp\/v2\/types\/post"}],"author":[{"embeddable":true,"href":"https:\/\/analyse.optim.biz\/index.php?rest_route=\/wp\/v2\/users\/1"}],"replies":[{"embeddable":true,"href":"https:\/\/analyse.optim.biz\/index.php?rest_route=%2Fwp%2Fv2%2Fcomments&post=197818"}],"version-history":[{"count":0,"href":"https:\/\/analyse.optim.biz\/index.php?rest_route=\/wp\/v2\/posts\/197818\/revisions"}],"wp:featuredmedia":[{"embeddable":true,"href":"https:\/\/analyse.optim.biz\/index.php?rest_route=\/wp\/v2\/media\/197819"}],"wp:attachment":[{"href":"https:\/\/analyse.optim.biz\/index.php?rest_route=%2Fwp%2Fv2%2Fmedia&parent=197818"}],"wp:term":[{"taxonomy":"category","embeddable":true,"href":"https:\/\/analyse.optim.biz\/index.php?rest_route=%2Fwp%2Fv2%2Fcategories&post=197818"},{"taxonomy":"post_tag","embeddable":true,"href":"https:\/\/analyse.optim.biz\/index.php?rest_route=%2Fwp%2Fv2%2Ftags&post=197818"}],"curies":[{"name":"wp","href":"https:\/\/api.w.org\/{rel}","templated":true}]}}