{"id":197815,"date":"2014-09-03T20:01:58","date_gmt":"2014-09-03T17:01:58","guid":{"rendered":"https:\/\/analyse.optim.biz\/?p=197815"},"modified":"2014-09-03T20:01:58","modified_gmt":"2014-09-03T17:01:58","slug":"victor-ponta-spune-ca-nu-este-de-acord-cu-proiectul-autonomiei-pentru-maghiari","status":"publish","type":"post","link":"https:\/\/analyse.optim.biz\/?p=197815","title":{"rendered":"Victor Ponta spune c\u0103 nu este de acord cu proiectul autonomiei pentru maghiari"},"content":{"rendered":"<div class=\"entry data-app-meta data-app-meta-article\" data-embed-base-url-canonical=\"https:\/\/www.digi24.ro\/embed\/stiri\/actualitate\/politica\/victor-ponta-spune-ca-nu-este-de-acord-cu-proiectul-autonomiei-pentru-maghiari-289293\">\n<p data-index=\"1\"><img decoding=\"async\" src=\"https:\/\/analyse.optim.biz\/wp-content\/uploads\/2024\/09\/zwuyzdkwmwrhotdmowzkzmexn2uyzmy2n2y2zgfm-thumb_.jpg\" data-skip-htmlfix=\"1\" title=\"zwuyzdkwmwrhotdmowzkzmexn2uyzmy2n2y2zgfm-thumb_\"><\/p>\n<p data-index=\"2\">Premierul Victor Ponta este categoric \u00eempotriva unui proiect care s\u0103 prevad\u0103 autonomia teritorial\u0103 a elor trei jude\u0163e cu popula\u0163ie majoritar maghiar\u0103: Harghita, Covasna \u015fi Mure\u015f. <\/p>\n<p data-index=\"3\"><em><strong>Discu\u021bie Victor Ponta \u2013 jurnali\u0219ti:<\/strong><\/em><\/p>\n<p data-index=\"4\"><strong>Reporter: Spuneau (nr. liderii UDMR) c\u0103 vor lansa \u00een cur\u00e2nd \u00een dezbatere public\u0103 proiectul autonomiei teritoriale. A\u0163i avut vreo discu\u0163ie pe aceast\u0103 tem\u0103?<\/strong><\/p>\n<p data-index=\"5\"><strong>Victor Ponta: Nu.<\/strong><\/p>\n<p data-index=\"6\"><strong>Reporter: Dar ve\u0163i fi de acord cu aprobarea \u00een Parlament a unui astfel de proiect?<\/strong><\/p>\n<p data-index=\"7\"><strong>Victor Ponta: Nu. Cam c\u00e2t de clar trebuie s\u0103 v\u0103 r\u0103spund?<\/strong><\/p>\n<p data-index=\"8\">Propunerea de proiect care are p\u00e2n\u0103 \u00een acest moment 100 de articole va fi \u00eenm\u00e2nat\u0103 de liderii UDMR organiza\u0163iilor teritoriale pentru ca ace\u015ftia s\u0103 poat\u0103 face propuneri de modificare.<\/p>\n<p data-index=\"9\">\u201eAcest proiect seam\u0103n\u0103 foarte mult cu proiectul din Tirolul de Sud, care func\u021bioneaz\u0103 bine mersi din 1992 \u0219i nu se sperie italienii c\u0103 \u00een Tirolul de Sud exist\u0103 o autonomie. E o a 16-a regiune economic format\u0103 din cele trei jude\u021be. Nu se desfiin\u021beaz\u0103 jude\u021bele, ci formeaz\u0103 o regiune\u201d, <a href=\"https:\/\/www.digi24.ro\/Stiri\/Digi24\/Actualitate\/Politica\/UDMR+vrea+autonomie+dupa+modelul+Tirolului+de+Sud\" target=\"_blank\" data-skip-linkfix=\"1\" rel=\"noopener\">a spus s\u0103pt\u0103m\u00e2na trecut\u0103 Laszlo Borbely<\/a>, membru UDMR.<\/p>\n<p data-index=\"10\">Presa a relatat miercuri c\u0103 proiectul UDMR ar prevedea instituirea func\u021biei de pre\u0219edinte al regiune formate din jude\u021bele Mure\u0219, Covasna \u0219i Harghita, \u00eens\u0103 liderii UDMR asu evitat s\u0103 confirme aceast\u0103 informa\u0163ie.\u00a0<\/p>\n<\/div>\n<p> Source URL: https:\/\/www.digi24.ro\/stiri\/actualitate\/politica\/victor-ponta-spune-ca-nu-este-de-acord-cu-proiectul-autonomiei-pentru-maghiari-289293<\/p>\n","protected":false},"excerpt":{"rendered":"<p>Premierul Victor Ponta este categoric \u00eempotriva unui proiect care s\u0103 prevad\u0103 autonomia teritorial\u0103 a elor trei jude\u0163e cu popula\u0163ie majoritar maghiar\u0103: Harghita, Covasna \u015fi Mure\u015f. Discu\u021bie Victor Ponta \u2013 jurnali\u0219ti: Reporter: Spuneau (nr. liderii UDMR) c\u0103 vor lansa \u00een cur\u00e2nd \u00een dezbatere public\u0103 proiectul autonomiei teritoriale. A\u0163i avut vreo discu\u0163ie pe aceast\u0103 tem\u0103? Victor Ponta: [&hellip;]<\/p>\n","protected":false},"author":1,"featured_media":197816,"comment_status":"open","ping_status":"","sticky":false,"template":"","format":"standard","meta":{"footnotes":""},"categories":[2],"tags":[11],"class_list":["post-197815","post","type-post","status-publish","format-standard","has-post-thumbnail","hentry","category-politics","tag-digi24"],"_links":{"self":[{"href":"https:\/\/analyse.optim.biz\/index.php?rest_route=\/wp\/v2\/posts\/197815","targetHints":{"allow":["GET"]}}],"collection":[{"href":"https:\/\/analyse.optim.biz\/index.php?rest_route=\/wp\/v2\/posts"}],"about":[{"href":"https:\/\/analyse.optim.biz\/index.php?rest_route=\/wp\/v2\/types\/post"}],"author":[{"embeddable":true,"href":"https:\/\/analyse.optim.biz\/index.php?rest_route=\/wp\/v2\/users\/1"}],"replies":[{"embeddable":true,"href":"https:\/\/analyse.optim.biz\/index.php?rest_route=%2Fwp%2Fv2%2Fcomments&post=197815"}],"version-history":[{"count":0,"href":"https:\/\/analyse.optim.biz\/index.php?rest_route=\/wp\/v2\/posts\/197815\/revisions"}],"wp:featuredmedia":[{"embeddable":true,"href":"https:\/\/analyse.optim.biz\/index.php?rest_route=\/wp\/v2\/media\/197816"}],"wp:attachment":[{"href":"https:\/\/analyse.optim.biz\/index.php?rest_route=%2Fwp%2Fv2%2Fmedia&parent=197815"}],"wp:term":[{"taxonomy":"category","embeddable":true,"href":"https:\/\/analyse.optim.biz\/index.php?rest_route=%2Fwp%2Fv2%2Fcategories&post=197815"},{"taxonomy":"post_tag","embeddable":true,"href":"https:\/\/analyse.optim.biz\/index.php?rest_route=%2Fwp%2Fv2%2Ftags&post=197815"}],"curies":[{"name":"wp","href":"https:\/\/api.w.org\/{rel}","templated":true}]}}