{"id":197804,"date":"2014-09-04T12:44:08","date_gmt":"2014-09-04T09:44:08","guid":{"rendered":"https:\/\/analyse.optim.biz\/?p=197804"},"modified":"2014-09-04T12:44:08","modified_gmt":"2014-09-04T09:44:08","slug":"portofoliul-romaniei-la-ce-victor-ponta-important-e-sa-moara-capra-romaneasca-ca-nu-este-sustinuta-de-domnul-basescu","status":"publish","type":"post","link":"https:\/\/analyse.optim.biz\/?p=197804","title":{"rendered":"Portofoliul Rom\u00e2niei la CE. Victor Ponta: \u201eImportant e s\u0103 moar\u0103 capra rom\u00e2neasc\u0103, c\u0103 nu este sus\u021binut\u0103 de domnul B\u0103sescu\u201d"},"content":{"rendered":"<div class=\"entry data-app-meta data-app-meta-article\" data-embed-base-url-canonical=\"https:\/\/www.digi24.ro\/embed\/stiri\/actualitate\/politica\/portofoliul-romaniei-la-ce-victor-ponta-important-e-sa-moara-capra-romaneasca-ca-nu-este-sustinuta-de-domnul-basescu-289565\">\n<p data-index=\"1\">Victor Ponta a declarat c\u0103 \u201eRom\u00e2nia are o pozi\u021bie coordonat\u0103 \u0219i clar\u0103, \u00een interes na\u021bional, \u0219i anume al consolid\u0103rii flancului estic al NATO, al prezen\u021bei permanente din punct de vedere militar \u0219i al asigur\u0103rilor pentru Republica Moldova\u201d, acest caz fiind unul fericit, \u201ecare vine dup\u0103 un caz nefericit\u201d.<\/p>\n<p data-index=\"2\"><strong><a href=\"https:\/\/www.digi24.ro\/Stiri\/Digi24\/Special\/NATO+-+SUMMITUL+SECURITATII+MONDIALE\/SUMMIT+NATO+4-5+SEPTEMBRIE+2014+DECIZII\" data-skip-linkfix=\"1\">\u00cencepe SUMMITUL NATO. Sunt a\u015fteptate decizii majore \u00een contextul conflictelor din Ucraina, Irak, Siria, Afganistan \u015fi Libia<\/a><\/strong><\/p>\n<p data-index=\"3\">\u201e<span>Rom\u00e2nia a ob\u021binut \u00een urma negocierilor un portofoliu extrem de important, din punctul meu de vedere cel mai important, dup\u0103 care \u2013 tot din Rom\u00e2nia \u2013 asear\u0103 domnul B\u0103sescu a contestat, liderii opozi\u021biei au trimis scrisori s\u0103 nu primim un portofoliu important. <strong>Important e s\u0103 moar\u0103 capra rom\u00e2neasc\u0103, c\u0103 nu este sus\u021binut\u0103 de domnul B\u0103sescu, sau de domnul Iohannis sau de domnul Blaga.<\/strong> Dac\u0103 se va \u00eent\u00e2mpla a\u0219a, vreau s\u0103 v\u0103 spun c\u0103 este cel mai ru\u0219inos moment posibil pentru Rom\u00e2nia. Nicio alt\u0103 \u021bar\u0103 din cele 28 nu \u0219i-a sabotat \u00een mod public \u0219i cu at\u00e2ta energie interesul de a avea un portofoliu bun. Eu am \u00eenc\u0103 \u00eencredere c\u0103 vocea domnului B\u0103sescu, a domnului Iohannis \u0219i a domnului Blaga nu va prevala \u00een fa\u021ba interesului Rom\u00e2niei. Mi-a\u0219 dori s\u0103 tr\u0103iesc \u00een \u021bara \u00een care ceea ce e bun pentru toat\u0103 Rom\u00e2nia s\u0103 muncim to\u021bi, nu s\u0103 fie \u00eentotdeauna unii care distrug\u201d, a spus Victor Ponta \u00een \u0219edin\u021ba de Guvern.<\/span><\/p>\n<p data-index=\"4\">\u201e<span>Din fericire, pentru NATO avem o pozi\u021bie comun\u0103 \u0219i sper s\u0103 avem \u0219i succes\u201d, a mai spus premierul.<\/span><\/p>\n<h5><a href=\"https:\/\/www.digi24.ro\/Stiri\/Digi24\/Extern\/Europa\/Jurnalist+EurActiv+Corina+Corina+Cretu+va+fi+comisar+pentru+Ajut\" data-skip-linkfix=\"1\"><span>Jurnalist EurActiv: Rom\u00e2nia va da comisarul pentru Ajutor Umanitar. Croa\u021bia prime\u0219te Politicile Regionale<\/span><\/a><\/h5>\n<p data-index=\"5\">Rom\u00e2nia va ob\u021bine portofoliul de Cooperare Interna\u021bional\u0103 \u0219i Ajutor Umanitar \u00een viitoarea Comisie European\u0103. Aceasta, \u00een condi\u021biile \u00een care anterior se vorbea despre un portofoliu mult mai important, cel al Politicilor Regionale.<\/p>\n<h5><a href=\"https:\/\/www.digi24.ro\/Stiri\/Digi24\/Actualitate\/Politica\/Victor+Ponta+ii+critica+dur+pe+Vasile+Blaga+si+Klaus+Iohannis+Ac\" data-skip-linkfix=\"1\">Victor Ponta \u00eei critic\u0103 pe Vasile Blaga \u015fi Klaus Iohannis: Ace\u015fti politruci f\u0103r\u0103 minte, P\u0103cal\u0103 \u015fi T\u00e2ndal\u0103 ai politicii, atac\u0103 f\u0103r\u0103 s\u0103 \u015ftie de ce<\/a><\/h5>\n<p data-index=\"6\">Victor Ponta a criticat dur\u00a0demersurile lui Vasile Blaga \u015fi al lui Klaus Iohannis,\u00a0<a href=\"https:\/\/www.digi24.ro\/Stiri\/Digi24\/Actualitate\/Politica\/CORINA+CRETU+CONTESTATA\" target=\"_blank\" data-skip-linkfix=\"1\" rel=\"noopener\">care i-au scris pre\u015fedintelui CE<\/a> \u015fi celui al PPE legat de nominalizarea Corinei Cre\u0163u, catalog\u00e2ndu-i drept ni\u015fte \u201epolitruci f\u0103r\u0103 minte\u201d, \u201eP\u0103cal\u0103 \u015fi T\u00e2ndal\u0103 ai politicii rom\u00e2ne\u015fti\u201d.<\/p>\n<p data-index=\"7\">\u201e<span>Cei doi politruci f\u0103r\u0103 minte Iohannis \u015fi Blaga \u2013 ace\u015fti P\u0103cal\u0103 \u015fi T\u00e2ndal\u0103 ai politicii rom\u00e2ne\u015fti &#8211; s-au g\u00e2ndit ei s\u0103 \u00eei cear\u0103 domnului Juncker s\u0103 nu ne dea nou\u0103 dezvoltarea regional\u0103.<\/span><span>Ace\u015fti politruci Iohannis \u015fi Blaga, crez\u00e2nd c\u0103 \u00eei fac pl\u0103cere lui B\u0103sescu, dar el a fost mai de\u015ftept \u015fi nu a criticat acest lucru\u00a0\u2013 au f\u0103cut acest lucru condamnabil\u201d, a declarat Victor Ponta ieri.<\/span><\/p>\n<p data-index=\"8\">Liderii opozi\u021biei au scris pre\u015fedintelui Comisiei Europene \u015fi pre\u015fedintelui PPE, sus\u0163in\u00e2nd c\u0103\u00a0<span>posibila desemnare a Corinei Cre\u0163u\u00a0drept comisar european, ca urmare a\u00a0nominaliz\u0103rii f\u0103cute de Victor Ponta, ar fi ilegal\u0103, \u00eentruc\u00e2t nu au fost \u00eendeplinite procedurile \u00een Parlament,\u00a0<span>privind audierea \u00een comisiile de specialitate, \u00een urma c\u0103rora s\u0103 fie \u00eentocmit un raport, care s\u0103 fie votat \u00een Parlament.<\/span><\/span><\/p>\n<\/div>\n<p> Source URL: https:\/\/www.digi24.ro\/stiri\/actualitate\/politica\/portofoliul-romaniei-la-ce-victor-ponta-important-e-sa-moara-capra-romaneasca-ca-nu-este-sustinuta-de-domnul-basescu-289565<\/p>\n","protected":false},"excerpt":{"rendered":"<p>Victor Ponta a declarat c\u0103 \u201eRom\u00e2nia are o pozi\u021bie coordonat\u0103 \u0219i clar\u0103, \u00een interes na\u021bional, \u0219i anume al consolid\u0103rii flancului estic al NATO, al prezen\u021bei permanente din punct de vedere militar \u0219i al asigur\u0103rilor pentru Republica Moldova\u201d, acest caz fiind unul fericit, \u201ecare vine dup\u0103 un caz nefericit\u201d. \u00cencepe SUMMITUL NATO. Sunt a\u015fteptate decizii majore [&hellip;]<\/p>\n","protected":false},"author":1,"featured_media":197805,"comment_status":"open","ping_status":"","sticky":false,"template":"","format":"standard","meta":{"footnotes":""},"categories":[2],"tags":[11],"class_list":["post-197804","post","type-post","status-publish","format-standard","has-post-thumbnail","hentry","category-politics","tag-digi24"],"_links":{"self":[{"href":"https:\/\/analyse.optim.biz\/index.php?rest_route=\/wp\/v2\/posts\/197804","targetHints":{"allow":["GET"]}}],"collection":[{"href":"https:\/\/analyse.optim.biz\/index.php?rest_route=\/wp\/v2\/posts"}],"about":[{"href":"https:\/\/analyse.optim.biz\/index.php?rest_route=\/wp\/v2\/types\/post"}],"author":[{"embeddable":true,"href":"https:\/\/analyse.optim.biz\/index.php?rest_route=\/wp\/v2\/users\/1"}],"replies":[{"embeddable":true,"href":"https:\/\/analyse.optim.biz\/index.php?rest_route=%2Fwp%2Fv2%2Fcomments&post=197804"}],"version-history":[{"count":0,"href":"https:\/\/analyse.optim.biz\/index.php?rest_route=\/wp\/v2\/posts\/197804\/revisions"}],"wp:featuredmedia":[{"embeddable":true,"href":"https:\/\/analyse.optim.biz\/index.php?rest_route=\/wp\/v2\/media\/197805"}],"wp:attachment":[{"href":"https:\/\/analyse.optim.biz\/index.php?rest_route=%2Fwp%2Fv2%2Fmedia&parent=197804"}],"wp:term":[{"taxonomy":"category","embeddable":true,"href":"https:\/\/analyse.optim.biz\/index.php?rest_route=%2Fwp%2Fv2%2Fcategories&post=197804"},{"taxonomy":"post_tag","embeddable":true,"href":"https:\/\/analyse.optim.biz\/index.php?rest_route=%2Fwp%2Fv2%2Ftags&post=197804"}],"curies":[{"name":"wp","href":"https:\/\/api.w.org\/{rel}","templated":true}]}}