{"id":1977983,"date":"2026-06-07T05:07:46","date_gmt":"2026-06-07T02:07:46","guid":{"rendered":"https:\/\/analyse.optim.biz\/?p=1977983"},"modified":"2026-06-07T05:07:46","modified_gmt":"2026-06-07T02:07:46","slug":"drona-ucraineana-din-constanta-sau-cum-am-fost-la-un-pas-de-un-pearl-harbor-de-romania","status":"publish","type":"post","link":"https:\/\/analyse.optim.biz\/?p=1977983","title":{"rendered":"DRONA UCRAINEAN\u0102 DIN CONSTAN\u021aA sau cum am fost la un pas de un Pearl Harbor de Rom\u00e2nia"},"content":{"rendered":"<p>[analyse_image type=&#8221;featured&#8221; src=&#8221;https:\/\/www.incorectpolitic.com\/wp-content\/uploads\/2026\/06\/drona-ct.jpeg&#8221;]<\/p>\n<div class=\"entry\">\n<p><strong>Incorect Politic<\/strong><br \/>\nIunie 7, 2026<\/p>\n<p><a href=\"https:\/\/www.incorectpolitic.com\/?attachment_id=81758\" rel=\"attachment wp-att-81758\"><img loading=\"lazy\" decoding=\"async\" class=\"size-full wp-image-81758 aligncenter\" src=\"https:\/\/www.incorectpolitic.com\/wp-content\/uploads\/2026\/06\/drona-ct.jpeg\" alt width=\"1320\" height=\"743\"><\/a><\/p>\n<h2><strong>DRONA UCRAINEAN\u0102 DIN CONSTAN\u021aA sau cum am fost la un pas de un Pearl Harbor de Rom\u00e2nia<\/strong><\/h2>\n<p><em>Via <a href=\"https:\/\/trenduri.blogspot.com\/2026\/06\/romania-atacata-din-exterior-si-interior.html\">Trenduri<\/a>:<\/em><\/p>\n<p>Dragii mei, scuza\u021bi-m\u0103 c\u0103 insist, dar de data aceasta s-a \u00eenc\u0103lcat orice limit\u0103. Am pus totul cap la cap \u0219i sunt \u00eendrept\u0103\u021bit s\u0103 cred c\u0103\u00a0<b>puterea impus\u0103 de la Bucure\u0219ti a complotat \u00eempotriva rom\u00e2nilor<\/b>. Analiz\u00e2nd declara\u021biile \u0219i ceea ce s-a \u00eent\u00e2mplat cred cu toat\u0103 for\u021ba c\u0103, \u00een realitate,\u00a0<u>am avut de-a face\u00a0cu o strategie de intrare a Rom\u00e2niei \u00een r\u0103zboi prin sacrificarea inutil\u0103 a unor oameni nevinova\u021bi<\/u>. S\u0103 repunem acum, la rece, totul pe h\u00e2rtie ca s\u0103 \u00eencerc\u0103m s\u0103 \u00een\u021belegem ce s-a \u00eent\u00e2mplat.<\/p>\n<p>\u00a0<\/p>\n<p>A\u0219adar, ini\u021bial am avut o dron\u0103 \u201eruseasc\u0103\u201d venind dinspre Ucraina fix la Gala\u021bi Oficial s-a spus c\u0103 e ruseasc\u0103, c\u0103 e Geran 2, l\u0103s\u00e2ndu-se s\u0103 se \u00een\u021beleag\u0103 c\u0103 a fost trimis\u0103 voit spre Rom\u00e2nia. Trecem de absurdul retoricii autorit\u0103\u021bilor, din care rezult\u0103 c\u0103 ru\u0219ii ar fi trimis o dron\u0103 modificat\u0103, cu mai pu\u021bin exploziv. Trompetele de pres\u0103 \u00eei d\u0103deau \u00eenainte cu \u201e<b>Rusia ne-a atacat<\/b>\u201d. Norocul a venit din partea debilului na\u021bional, Nicu Psihicu.\u00a0<u>\u00cen prostia lui s-a sc\u0103pat spun\u00e2nd c\u0103 drona ar fi fost \u201edeviat\u0103\u201d de antiaeriana ucrainean\u0103<\/u>. Deviat\u0103 fix \u00eentr-un bloc din Gala\u021bi \u0219i filmat\u0103 de ni\u0219te \u201eoameni de bine\u201d din Ucraina, care, la dou\u0103 noaptea, nu aveau altceva mai bun de f\u0103cut dec\u00e2t s\u0103 filmeze blocul \u0103la. Chiar nu v\u0103 spune nimic?<\/p>\n<p>Ca urmare a \u201eevenimentului\u201d, Consulatul Rusiei de la Constan\u021ba a fost \u00eenchis, iar consulul expulzat. Aici e cheia \u00eentregii chestiuni. Re\u021bine\u021bi asta \u0219i trecem imediat mai departe.<\/p>\n<p>Avem apoi o dron\u0103 marin\u0103 ucrainean\u0103 care a fost descoperit\u0103 \u00eent\u00e2mpl\u0103tor \u00een Portul Constan\u021ba. Ce f\u0103cea ea acolo? P\u0103rerea mea e c\u0103 avea un scop c\u00e2t se poate de precis: era direc\u021bionat\u0103 c\u0103tre Oil Terminal, unde exista un petrolier plin ochi cu combustibil. Dac\u0103 ar fi explodat acolo, brusc, un incendiu imens ar fi cuprins terminalul petrolier. Chestiunea era g\u00e2ndit\u0103 \u00een detaliu deoarece l\u00e2ng\u0103 terminal era depozitul de azotat de amoniu. \u0102la era \u021binta! \u0218i-acum s\u0103 v\u0103 explic \u00een detaliu.<\/p>\n<p><b>Extinderea incendiului la depozitul de azotat ar fi provocat o explozie violent\u0103.<\/b>\u00a0<u>A existat un precedent istoric \u0219i asta \u00eemi provoac\u0103 un co\u0219mar: Portul Beirut (2020), unde ~2.750 de tone de azotat de amoniu au devastat ora\u0219ul<\/u>. A\u021bi uitat? Ceea ce s-ar fi \u00eent\u00e2mplat la Constan\u021ba era exact preluat\u0103 din acela\u0219i manual.<\/p>\n<p>Doar c\u0103 la Constan\u021ba ar fi fost infinit mai grav.\u00a0<b>Explozia depozitului de azotat ar fi fost doar prima und\u0103 de \u0219oc, \u00een urma c\u0103reia cl\u0103dirile de pe o raz\u0103 de 1\u20132 km ar fi fost rase de pe fa\u021ba p\u0103m\u00e2ntului sau avariate structural sever<\/b>.\u00a0Av\u00e2nd \u00een vedere c\u0103 portul este \u00een ora\u0219ul Constan\u021ba, unda de \u0219oc propagat\u0103 extrem de eficient peste ap\u0103,\u00a0 ar fi lovit faleza \u0219i primele r\u00e2nduri de cartiere cu o for\u021b\u0103 distructiv\u0103 maxim\u0103. Sute de mii de ferestre ar fi fost sparte pe o raz\u0103 de p\u00e2n\u0103 la 10 km, provoc\u00e2nd zeci de mii de r\u0103ni\u021bi doar din cioburi. De asemenea, s-ar fi generat\u00a0un val seismic local(mini-tsunami) care ar fi inundat zonele joase ale ora\u0219ului.<\/p>\n<p><b>Magistraele majore de transport petrol care tranziteaz\u0103 Constan\u021ba ar fi fost adev\u0103rate bombe cu fragmenta\u021bie<\/b>. De-aici porne\u0219te cea de-a doua faz\u0103 a ceea ce s-a dorit s\u0103 se \u00eent\u00e2mple. Unda de \u0219oc a exploziei ar fi dislocat solul \u0219i ar fi distrus sta\u021biile de pompare \u0219i valvele de siguran\u021b\u0103 din apropierea terminalului. Conductele s-ar fi rupt instantaneu \u00een ora\u0219.\u00a0<b>O conduct\u0103 magistral\u0103 de tipul celor care tranziteaz\u0103 Constan\u021ba con\u021bine aproximativ 785 de litri de petrol pe metru liniar<\/b>.<b>\u00a0Dac\u0103 valvele automate de \u00eenchidere sunt distruse de explozie \u0219i nu pot izola segmentele, milioane de litri de \u021bi\u021bei ar fi curs liber prin ora\u0219.\u00a0Petrolul eliberat ar fi urmat relieful ora\u0219ului, scurg\u00e2ndu-se pe str\u0103zi, \u00een sistemul de canalizare \u0219i spre mare.<\/b><\/p>\n<p><b>Azotatul de amoniu ar fi aruncat \u00een aer resturi incandescente pe o raz\u0103 de c\u00e2\u021biva kilometri, astfel \u00eenc\u00e2t petrolul de pe str\u0103zi s-ar fi aprins instantaneu<\/b>. Imagina\u021bi-v\u0103 Constan\u021ba cuprins\u0103 de \u201er\u00e2uri de foc\u201d care ar fi curs printre blocuri \u0219i case, arz\u00e2nd ma\u0219ini, topind infrastructura \u0219i bloc\u00e2nd complet c\u0103ile de evacuare pentru locuitorii s\u0103i.\u00a0Petrolul \u0219i gazele evaporate p\u0103trunse \u00een canalizare ar fi transformat subsolul ora\u0219ului \u00eentr-o veritabil\u0103\u00a0\u201ere\u021bea de rachete\u201d. Conductele de gaze naturale din ora\u0219 s-ar fi rupt \u0219i ele din cauza c\u0103ldurii \u0219i a mi\u0219c\u0103rilor de teren, gener\u00e2nd explozii secundare \u00een lan\u021b.<\/p>\n<p>Care ar fi fost bilan\u021bul? V\u0103 las la liniu\u021b\u0103 efectele simul\u0103rii:<\/p>\n<p>\u00a0<\/p>\n<ul>\n<li><b>Mii de decese imediate din suflul exploziei<\/b>, urmate de victime prinse \u00een incendiile urbane cauzate de petrol. Spitalele locale ar fi fost complet cople\u0219ite \u00een primele 30 de minute de\u00a0<b>zeci de mii de r\u0103ni\u021bi<\/b>;<\/li>\n<li><b>Portul distrus \u00een propor\u021bie de 100%<\/b>. Zonele costiere ale Constan\u021bei ar fi avut, \u00een cel mai fericit caz, daune structurale majore, cl\u0103diri pr\u0103bu\u0219ite. Sute de alte cl\u0103diri reziden\u021biale ar fi fost arse de petrolul deversat.<\/li>\n<li><b>Sute de mii de tone de petrol brut v\u0103rsate \u00een mare \u0219i \u00een p\u00e2nza freatic\u0103<\/b>. Fauna marin\u0103 din zona litoral\u0103 eradicat\u0103 pentru decenii! Fumul toxic negru(carbon negru, oxizi de azot) ar fi acoperit regiunea, provoc\u00e2nd ploi acide \u0219i probleme respiratorii acute.<\/li>\n<li><b>Portul Constan\u021ba ar fi fost eliminat, s-ar fi pierdut infrastructura energetic\u0103, turismul estival ar fi fost doar o amintire pentru zeci de ani<\/b>. Iar costurile de decontaminare ar fi dus bugetul na\u021bional \u00een colaps mul\u021bi ani de-acum \u00eenainte.<\/li>\n<\/ul>\n<div>Dac\u0103 nu ar fi fot \u201eincidentul\u201d \u00een urma c\u0103ruia drona marin\u0103 s-a \u00eempiedicat \u00een bariera de decontaminare a terminalului, azi Constan\u021ba era o ruin\u0103. De la A la Z. Ce ar fi spus propaganda? Imagina\u021bi-v\u0103 \u00een condi\u021biile \u00een care acum, \u00een ciuda eviden\u021belor, \u00eencearc\u0103 s\u0103 o scalde d\u00e2nd vina pe ru\u0219i. A\u0219adar, f\u0103r\u0103 doar \u0219i poate \u0219i f\u0103r\u0103 absolut niciun dubiu,\u00a0<b>nimeni n-ar fi \u0219tiut ce a provocat explozia<\/b>. Crede\u021bi c\u0103 La Beirut s-a \u0219tiut ce-a fost? Aici rezultatul ar fi fost de sute de ori mai catastrofal!<\/div>\n<p>Hai s\u0103 punem acum evenimentele \u00een linie: consulul de la Constan\u021ba expulzat \u0219i, c\u00e2teva zile mai t\u00e2rziu Constan\u021ba ras\u0103 de pe fa\u021ba p\u0103m\u00e2ntului de o explozie \u201e<i>misterioas\u0103<\/i>\u201d. Imediat ar fi ap\u0103rut ucrainenii care ar fi spus c\u0103 au detectat activitatea unor drone ruse\u0219ti \u0219i astfel s-ar fi inflamat totul. V\u0103 da\u021bi seama, explozie l\u00e2ng\u0103 infrastructura NATO de la Constan\u021ba? \u201e<i>O r\u0103zbunare a Rusiei<\/i>\u201d \u2013 ar fi titrat cu litere de-o \u0219chioap\u0103 toate organele propagandei.<\/p>\n<p>Privind retrospectiv\u00a0<b>sunt ferm convins c\u0103 jigodiile din fruntea \u021b\u0103rii \u0219tiau c\u0103 se coace ceva. E imposibil s\u0103 se planifice un astfel de eveniment \u0219i s\u0103 nu se sufle<\/b>. Ce a declarat jegul psihic de la Cotroceni? \u201e<i>Intrarea acestei drone \u00een spa\u021biul suveran rom\u00e2nesc reprezint\u0103 o consecin\u021b\u0103 direct\u0103 a r\u0103zboiului purtat de Rusia \u00eempotriva Ucrainei<\/i>\u201d. E parte a comunicatului oficial postat pe Facebook.<\/p>\n<p>Const\u0103n\u021benii care acum ar fi fost ori mor\u021bi, ori r\u0103ni\u021bi, ori sinistra\u021bi, ar trebui s\u0103 bage bine la cap zicerea debilului na\u021bional.\u00a0<b>Ei fuseser\u0103 ale\u0219i drept \u201evictime colaterale\u201d pentru ca Rom\u00e2nia s\u0103 intre \u00een r\u0103zboi de partea Ucrainei. Nu are cum s\u0103 fie vorba despre altceva!<\/b>\u00a0Ce s-ar fi \u00eent\u00e2mplat \u00een politica noastr\u0103 e lesne de intuit: ucraineanul Tomac ar fi fost numit pe repede-\u00eenainte premier, s-ar fi declan\u0219at starea de urgen\u021b\u0103, iar diliul de la Cotroceni s-ar fi \u00eentronizat dictator, \u00eemping\u00e2nd Rom\u00e2nia pe calea unei alian\u021be cu Ucraina. Cu complicitatea partidelor a\u0219a-zis \u201e<i>pro-ioropiene<\/i>\u201d, conduse de PSD. Exact ca-n pandemie, PSD-ul ar fi fost for\u021ba politic\u0103 mim\u00e2nd \u201e<i>opozi\u021bia<\/i>\u201d, dar care ar fi l\u0103sat s\u0103 se petreac\u0103 toat\u0103 nebunia.<\/p>\n<p>Ieri am auzit opinii care mai de care mai aberante, dar nimic n-a \u00eentrecut abera\u021biile v\u0103rsate de gheneralul Al. Grumaz. Idiotul \u0103la care nu avea habar ce dron\u0103 era \u00een Port,\u00a0 explica doct cum au preluat ru\u0219ii controlul dronei \u0219i cum au dus-o ei acolo. Desigur, tot ru\u0219ii trebuiau sco\u0219i vinova\u021bi. Al\u021bii, care \u00eencercau s\u0103 scuze ceea ce s-au \u00eent\u00e2mplat, spuneau c\u0103 \u021binta ar fi fost de fapt o nav\u0103 ruseasc\u0103 din flota fantom\u0103, iar ucrainenii ar fi urm\u0103rit acea nav\u0103.<\/p>\n<p>Acum s\u0103 fie clar pentru toat\u0103 armata de imbecili: \u00ceNTR-UN R\u0102ZBOI NU AI VOIE S\u0102 ATACI ECHIPAMENTELE CIVILE SAU MILITARE A CELEILALTE P\u0102R\u021aI BELIGERANTE DEC\u00c2T \u00ceN ZONA TA, \u00ceN ZONA LUI SAU \u00ceN APELE INTERNA\u021aIONALE.\u00a0<b>Conform Conven\u021biei de la Haga din 1907 privind drepturile \u0219i \u00eendatoririle puterilor \u0219i persoanelor neutre \u00een caz de r\u0103zboi(vezi foto),\u00a0<u>exist\u0103 o\u00a0<\/u><u>interdic\u021bie absolut\u0103 ca statele beligerante(aflate \u00een r\u0103zboi) s\u0103 desf\u0103\u0219oare acte de ostilitate pe teritoriul, \u00een apele teritoriale sau \u00een spa\u021biul aerian al unui stat neutru<\/u><\/b>. \u00cen ceea ce prive\u0219te ceea ce sus\u021bin idio\u021bii, cum c\u0103 vaporul rusesc ar fi fost o \u201e\u021bint\u0103 legitim\u0103\u201d de-a Ucrainei, acela\u0219i document men\u021bioneaz\u0103 c\u0103\u00a0<b>\u201e\u021binta\u201d care apar\u021bine inamicului, din momentul \u00een care aceasta a intrat pe teritoriul unui stat neutru, nu mai poate fi atacat\u0103 legitim.\u00a0<u>Atacul devine un act e agresiune direct\u0103 \u00eempotriva statului neutru<\/u><\/b>.<\/p>\n<p>Cu alte cuvinte, din punct de vedere al Conven\u021biei de la Haga, Ucraina este stat agresor, iar \u00eentreaga conducere de stat a Rom\u00e2niei \u2013 at\u00e2t cei din zona politic\u0103, dar mai ales cei din zona militar\u0103 \u2013 se fac vinova\u021bi de \u00eenalt\u0103 tr\u0103dare \u0219i cooperare cu statul agresor. \u00cen\u021belege\u021bi \u00een ce situa\u021bie ne afl\u0103m?\u00a0<b>Practic \u00eentreg statul rom\u00e2n lupt\u0103 pe fa\u021b\u0103 \u00eempotriva rom\u00e2nilor<\/b>! Ve\u021bi da din umeri \u0219i ve\u021bi spune c\u0103 asta se \u00eent\u00e2mpl\u0103 de 37 de ani. Da, doar c\u0103 n-ar trebui s\u0103 v\u0103 mai pl\u00e2nge\u021bi dac\u0103 ve\u021bi fi viitoarele victime ale ticluirilor tic\u0103loase. Ceea ce s-a \u00eent\u00e2mplat la Constan\u021ba nu e nici primul incident \u0219i, cu siguran\u021b\u0103, nici ultimul.<\/p>\n<p>Rom\u00e2nia a fost pus\u0103, cu complicitatea factorilor de decizie impu\u0219i cu for\u021ba, pe lista viitoarelor \u021b\u0103ri victim\u0103, al\u0103turi de Ucraina. G\u00e2ndi\u021bi-v\u0103 doar c\u00e2\u021bi din Europa ar fi fost interesa\u021bi de distrugerea Portului Constan\u021ba \u0219i, mai ales, care ar fi fost competitorii acestui port care ar fi beneficiat direct de dezastrul de-aici. G\u00e2ndi\u021bi, nu doare! Pasivitatea e cea care ne ucide. Singura alinare pe care o putem avea e c\u0103, pentru a compensa prostia care se \u00eenghesuie \u00een \u021bara asta, Dumnezeu ne-a dat noroc. De data aceasta ne-a salvat norocul. Altfel eram vai de noi! Dar nu \u0219tiu c\u00e2t ne va mai merge \u0219i cu norocul \u0103sta. Pasivitatea \u0219i prostia sunt de-a dreptul ucig\u0103toare!<\/p>\n<\/div>\n<div class=\"entry\">\n<p><strong>Incorect Politic<\/strong><br \/>\nIunie 7, 2026<\/p>\n<p><a href=\"https:\/\/www.incorectpolitic.com\/?attachment_id=81758\" rel=\"attachment wp-att-81758\"><img loading=\"lazy\" decoding=\"async\" class=\"size-full wp-image-81758 aligncenter\" src=\"https:\/\/www.incorectpolitic.com\/wp-content\/uploads\/2026\/06\/drona-ct.jpeg\" alt width=\"1320\" height=\"743\"><\/a><\/p>\n<h2><strong>DRONA UCRAINEAN\u0102 DIN CONSTAN\u021aA sau cum am fost la un pas de un Pearl Harbor de Rom\u00e2nia<\/strong><\/h2>\n<p><em>Via <a href=\"https:\/\/trenduri.blogspot.com\/2026\/06\/romania-atacata-din-exterior-si-interior.html\">Trenduri<\/a>:<\/em><\/p>\n<p>Dragii mei, scuza\u021bi-m\u0103 c\u0103 insist, dar de data aceasta s-a \u00eenc\u0103lcat orice limit\u0103. Am pus totul cap la cap \u0219i sunt \u00eendrept\u0103\u021bit s\u0103 cred c\u0103\u00a0<b>puterea impus\u0103 de la Bucure\u0219ti a complotat \u00eempotriva rom\u00e2nilor<\/b>. Analiz\u00e2nd declara\u021biile \u0219i ceea ce s-a \u00eent\u00e2mplat cred cu toat\u0103 for\u021ba c\u0103, \u00een realitate,\u00a0<u>am avut de-a face\u00a0cu o strategie de intrare a Rom\u00e2niei \u00een r\u0103zboi prin sacrificarea inutil\u0103 a unor oameni nevinova\u021bi<\/u>. S\u0103 repunem acum, la rece, totul pe h\u00e2rtie ca s\u0103 \u00eencerc\u0103m s\u0103 \u00een\u021belegem ce s-a \u00eent\u00e2mplat.<\/p>\n<p>\u00a0<\/p>\n<p>A\u0219adar, ini\u021bial am avut o dron\u0103 \u201eruseasc\u0103\u201d venind dinspre Ucraina fix la Gala\u021bi Oficial s-a spus c\u0103 e ruseasc\u0103, c\u0103 e Geran 2, l\u0103s\u00e2ndu-se s\u0103 se \u00een\u021beleag\u0103 c\u0103 a fost trimis\u0103 voit spre Rom\u00e2nia. Trecem de absurdul retoricii autorit\u0103\u021bilor, din care rezult\u0103 c\u0103 ru\u0219ii ar fi trimis o dron\u0103 modificat\u0103, cu mai pu\u021bin exploziv. Trompetele de pres\u0103 \u00eei d\u0103deau \u00eenainte cu \u201e<b>Rusia ne-a atacat<\/b>\u201d. Norocul a venit din partea debilului na\u021bional, Nicu Psihicu.\u00a0<u>\u00cen prostia lui s-a sc\u0103pat spun\u00e2nd c\u0103 drona ar fi fost \u201edeviat\u0103\u201d de antiaeriana ucrainean\u0103<\/u>. Deviat\u0103 fix \u00eentr-un bloc din Gala\u021bi \u0219i filmat\u0103 de ni\u0219te \u201eoameni de bine\u201d din Ucraina, care, la dou\u0103 noaptea, nu aveau altceva mai bun de f\u0103cut dec\u00e2t s\u0103 filmeze blocul \u0103la. Chiar nu v\u0103 spune nimic?<\/p>\n<p>Ca urmare a \u201eevenimentului\u201d, Consulatul Rusiei de la Constan\u021ba a fost \u00eenchis, iar consulul expulzat. Aici e cheia \u00eentregii chestiuni. Re\u021bine\u021bi asta \u0219i trecem imediat mai departe.<\/p>\n<p>Avem apoi o dron\u0103 marin\u0103 ucrainean\u0103 care a fost descoperit\u0103 \u00eent\u00e2mpl\u0103tor \u00een Portul Constan\u021ba. Ce f\u0103cea ea acolo? P\u0103rerea mea e c\u0103 avea un scop c\u00e2t se poate de precis: era direc\u021bionat\u0103 c\u0103tre Oil Terminal, unde exista un petrolier plin ochi cu combustibil. Dac\u0103 ar fi explodat acolo, brusc, un incendiu imens ar fi cuprins terminalul petrolier. Chestiunea era g\u00e2ndit\u0103 \u00een detaliu deoarece l\u00e2ng\u0103 terminal era depozitul de azotat de amoniu. \u0102la era \u021binta! \u0218i-acum s\u0103 v\u0103 explic \u00een detaliu.<\/p>\n<p><b>Extinderea incendiului la depozitul de azotat ar fi provocat o explozie violent\u0103.<\/b>\u00a0<u>A existat un precedent istoric \u0219i asta \u00eemi provoac\u0103 un co\u0219mar: Portul Beirut (2020), unde ~2.750 de tone de azotat de amoniu au devastat ora\u0219ul<\/u>. A\u021bi uitat? Ceea ce s-ar fi \u00eent\u00e2mplat la Constan\u021ba era exact preluat\u0103 din acela\u0219i manual.<\/p>\n<p>Doar c\u0103 la Constan\u021ba ar fi fost infinit mai grav.\u00a0<b>Explozia depozitului de azotat ar fi fost doar prima und\u0103 de \u0219oc, \u00een urma c\u0103reia cl\u0103dirile de pe o raz\u0103 de 1\u20132 km ar fi fost rase de pe fa\u021ba p\u0103m\u00e2ntului sau avariate structural sever<\/b>.\u00a0Av\u00e2nd \u00een vedere c\u0103 portul este \u00een ora\u0219ul Constan\u021ba, unda de \u0219oc propagat\u0103 extrem de eficient peste ap\u0103,\u00a0 ar fi lovit faleza \u0219i primele r\u00e2nduri de cartiere cu o for\u021b\u0103 distructiv\u0103 maxim\u0103. Sute de mii de ferestre ar fi fost sparte pe o raz\u0103 de p\u00e2n\u0103 la 10 km, provoc\u00e2nd zeci de mii de r\u0103ni\u021bi doar din cioburi. De asemenea, s-ar fi generat\u00a0un val seismic local(mini-tsunami) care ar fi inundat zonele joase ale ora\u0219ului.<\/p>\n<p><b>Magistraele majore de transport petrol care tranziteaz\u0103 Constan\u021ba ar fi fost adev\u0103rate bombe cu fragmenta\u021bie<\/b>. De-aici porne\u0219te cea de-a doua faz\u0103 a ceea ce s-a dorit s\u0103 se \u00eent\u00e2mple. Unda de \u0219oc a exploziei ar fi dislocat solul \u0219i ar fi distrus sta\u021biile de pompare \u0219i valvele de siguran\u021b\u0103 din apropierea terminalului. Conductele s-ar fi rupt instantaneu \u00een ora\u0219.\u00a0<b>O conduct\u0103 magistral\u0103 de tipul celor care tranziteaz\u0103 Constan\u021ba con\u021bine aproximativ 785 de litri de petrol pe metru liniar<\/b>.<b>\u00a0Dac\u0103 valvele automate de \u00eenchidere sunt distruse de explozie \u0219i nu pot izola segmentele, milioane de litri de \u021bi\u021bei ar fi curs liber prin ora\u0219.\u00a0Petrolul eliberat ar fi urmat relieful ora\u0219ului, scurg\u00e2ndu-se pe str\u0103zi, \u00een sistemul de canalizare \u0219i spre mare.<\/b><\/p>\n<p><b>Azotatul de amoniu ar fi aruncat \u00een aer resturi incandescente pe o raz\u0103 de c\u00e2\u021biva kilometri, astfel \u00eenc\u00e2t petrolul de pe str\u0103zi s-ar fi aprins instantaneu<\/b>. Imagina\u021bi-v\u0103 Constan\u021ba cuprins\u0103 de \u201er\u00e2uri de foc\u201d care ar fi curs printre blocuri \u0219i case, arz\u00e2nd ma\u0219ini, topind infrastructura \u0219i bloc\u00e2nd complet c\u0103ile de evacuare pentru locuitorii s\u0103i.\u00a0Petrolul \u0219i gazele evaporate p\u0103trunse \u00een canalizare ar fi transformat subsolul ora\u0219ului \u00eentr-o veritabil\u0103\u00a0\u201ere\u021bea de rachete\u201d. Conductele de gaze naturale din ora\u0219 s-ar fi rupt \u0219i ele din cauza c\u0103ldurii \u0219i a mi\u0219c\u0103rilor de teren, gener\u00e2nd explozii secundare \u00een lan\u021b.<\/p>\n<p>Care ar fi fost bilan\u021bul? V\u0103 las la liniu\u021b\u0103 efectele simul\u0103rii:<\/p>\n<p>\u00a0<\/p>\n<ul>\n<li><b>Mii de decese imediate din suflul exploziei<\/b>, urmate de victime prinse \u00een incendiile urbane cauzate de petrol. Spitalele locale ar fi fost complet cople\u0219ite \u00een primele 30 de minute de\u00a0<b>zeci de mii de r\u0103ni\u021bi<\/b>;<\/li>\n<li><b>Portul distrus \u00een propor\u021bie de 100%<\/b>. Zonele costiere ale Constan\u021bei ar fi avut, \u00een cel mai fericit caz, daune structurale majore, cl\u0103diri pr\u0103bu\u0219ite. Sute de alte cl\u0103diri reziden\u021biale ar fi fost arse de petrolul deversat.<\/li>\n<li><b>Sute de mii de tone de petrol brut v\u0103rsate \u00een mare \u0219i \u00een p\u00e2nza freatic\u0103<\/b>. Fauna marin\u0103 din zona litoral\u0103 eradicat\u0103 pentru decenii! Fumul toxic negru(carbon negru, oxizi de azot) ar fi acoperit regiunea, provoc\u00e2nd ploi acide \u0219i probleme respiratorii acute.<\/li>\n<li><b>Portul Constan\u021ba ar fi fost eliminat, s-ar fi pierdut infrastructura energetic\u0103, turismul estival ar fi fost doar o amintire pentru zeci de ani<\/b>. Iar costurile de decontaminare ar fi dus bugetul na\u021bional \u00een colaps mul\u021bi ani de-acum \u00eenainte.<\/li>\n<\/ul>\n<div>Dac\u0103 nu ar fi fot \u201eincidentul\u201d \u00een urma c\u0103ruia drona marin\u0103 s-a \u00eempiedicat \u00een bariera de decontaminare a terminalului, azi Constan\u021ba era o ruin\u0103. De la A la Z. Ce ar fi spus propaganda? Imagina\u021bi-v\u0103 \u00een condi\u021biile \u00een care acum, \u00een ciuda eviden\u021belor, \u00eencearc\u0103 s\u0103 o scalde d\u00e2nd vina pe ru\u0219i. A\u0219adar, f\u0103r\u0103 doar \u0219i poate \u0219i f\u0103r\u0103 absolut niciun dubiu,\u00a0<b>nimeni n-ar fi \u0219tiut ce a provocat explozia<\/b>. Crede\u021bi c\u0103 La Beirut s-a \u0219tiut ce-a fost? Aici rezultatul ar fi fost de sute de ori mai catastrofal!<\/div>\n<p>Hai s\u0103 punem acum evenimentele \u00een linie: consulul de la Constan\u021ba expulzat \u0219i, c\u00e2teva zile mai t\u00e2rziu Constan\u021ba ras\u0103 de pe fa\u021ba p\u0103m\u00e2ntului de o explozie \u201e<i>misterioas\u0103<\/i>\u201d. Imediat ar fi ap\u0103rut ucrainenii care ar fi spus c\u0103 au detectat activitatea unor drone ruse\u0219ti \u0219i astfel s-ar fi inflamat totul. V\u0103 da\u021bi seama, explozie l\u00e2ng\u0103 infrastructura NATO de la Constan\u021ba? \u201e<i>O r\u0103zbunare a Rusiei<\/i>\u201d \u2013 ar fi titrat cu litere de-o \u0219chioap\u0103 toate organele propagandei.<\/p>\n<p>Privind retrospectiv\u00a0<b>sunt ferm convins c\u0103 jigodiile din fruntea \u021b\u0103rii \u0219tiau c\u0103 se coace ceva. E imposibil s\u0103 se planifice un astfel de eveniment \u0219i s\u0103 nu se sufle<\/b>. Ce a declarat jegul psihic de la Cotroceni? \u201e<i>Intrarea acestei drone \u00een spa\u021biul suveran rom\u00e2nesc reprezint\u0103 o consecin\u021b\u0103 direct\u0103 a r\u0103zboiului purtat de Rusia \u00eempotriva Ucrainei<\/i>\u201d. E parte a comunicatului oficial postat pe Facebook.<\/p>\n<p>Const\u0103n\u021benii care acum ar fi fost ori mor\u021bi, ori r\u0103ni\u021bi, ori sinistra\u021bi, ar trebui s\u0103 bage bine la cap zicerea debilului na\u021bional.\u00a0<b>Ei fuseser\u0103 ale\u0219i drept \u201evictime colaterale\u201d pentru ca Rom\u00e2nia s\u0103 intre \u00een r\u0103zboi de partea Ucrainei. Nu are cum s\u0103 fie vorba despre altceva!<\/b>\u00a0Ce s-ar fi \u00eent\u00e2mplat \u00een politica noastr\u0103 e lesne de intuit: ucraineanul Tomac ar fi fost numit pe repede-\u00eenainte premier, s-ar fi declan\u0219at starea de urgen\u021b\u0103, iar diliul de la Cotroceni s-ar fi \u00eentronizat dictator, \u00eemping\u00e2nd Rom\u00e2nia pe calea unei alian\u021be cu Ucraina. Cu complicitatea partidelor a\u0219a-zis \u201e<i>pro-ioropiene<\/i>\u201d, conduse de PSD. Exact ca-n pandemie, PSD-ul ar fi fost for\u021ba politic\u0103 mim\u00e2nd \u201e<i>opozi\u021bia<\/i>\u201d, dar care ar fi l\u0103sat s\u0103 se petreac\u0103 toat\u0103 nebunia.<\/p>\n<p>Ieri am auzit opinii care mai de care mai aberante, dar nimic n-a \u00eentrecut abera\u021biile v\u0103rsate de gheneralul Al. Grumaz. Idiotul \u0103la care nu avea habar ce dron\u0103 era \u00een Port,\u00a0 explica doct cum au preluat ru\u0219ii controlul dronei \u0219i cum au dus-o ei acolo. Desigur, tot ru\u0219ii trebuiau sco\u0219i vinova\u021bi. Al\u021bii, care \u00eencercau s\u0103 scuze ceea ce s-au \u00eent\u00e2mplat, spuneau c\u0103 \u021binta ar fi fost de fapt o nav\u0103 ruseasc\u0103 din flota fantom\u0103, iar ucrainenii ar fi urm\u0103rit acea nav\u0103.<\/p>\n<p>Acum s\u0103 fie clar pentru toat\u0103 armata de imbecili: \u00ceNTR-UN R\u0102ZBOI NU AI VOIE S\u0102 ATACI ECHIPAMENTELE CIVILE SAU MILITARE A CELEILALTE P\u0102R\u021aI BELIGERANTE DEC\u00c2T \u00ceN ZONA TA, \u00ceN ZONA LUI SAU \u00ceN APELE INTERNA\u021aIONALE.\u00a0<b>Conform Conven\u021biei de la Haga din 1907 privind drepturile \u0219i \u00eendatoririle puterilor \u0219i persoanelor neutre \u00een caz de r\u0103zboi(vezi foto),\u00a0<u>exist\u0103 o\u00a0<\/u><u>interdic\u021bie absolut\u0103 ca statele beligerante(aflate \u00een r\u0103zboi) s\u0103 desf\u0103\u0219oare acte de ostilitate pe teritoriul, \u00een apele teritoriale sau \u00een spa\u021biul aerian al unui stat neutru<\/u><\/b>. \u00cen ceea ce prive\u0219te ceea ce sus\u021bin idio\u021bii, cum c\u0103 vaporul rusesc ar fi fost o \u201e\u021bint\u0103 legitim\u0103\u201d de-a Ucrainei, acela\u0219i document men\u021bioneaz\u0103 c\u0103\u00a0<b>\u201e\u021binta\u201d care apar\u021bine inamicului, din momentul \u00een care aceasta a intrat pe teritoriul unui stat neutru, nu mai poate fi atacat\u0103 legitim.\u00a0<u>Atacul devine un act e agresiune direct\u0103 \u00eempotriva statului neutru<\/u><\/b>.<\/p>\n<p>Cu alte cuvinte, din punct de vedere al Conven\u021biei de la Haga, Ucraina este stat agresor, iar \u00eentreaga conducere de stat a Rom\u00e2niei \u2013 at\u00e2t cei din zona politic\u0103, dar mai ales cei din zona militar\u0103 \u2013 se fac vinova\u021bi de \u00eenalt\u0103 tr\u0103dare \u0219i cooperare cu statul agresor. \u00cen\u021belege\u021bi \u00een ce situa\u021bie ne afl\u0103m?\u00a0<b>Practic \u00eentreg statul rom\u00e2n lupt\u0103 pe fa\u021b\u0103 \u00eempotriva rom\u00e2nilor<\/b>! Ve\u021bi da din umeri \u0219i ve\u021bi spune c\u0103 asta se \u00eent\u00e2mpl\u0103 de 37 de ani. Da, doar c\u0103 n-ar trebui s\u0103 v\u0103 mai pl\u00e2nge\u021bi dac\u0103 ve\u021bi fi viitoarele victime ale ticluirilor tic\u0103loase. Ceea ce s-a \u00eent\u00e2mplat la Constan\u021ba nu e nici primul incident \u0219i, cu siguran\u021b\u0103, nici ultimul.<\/p>\n<p>Rom\u00e2nia a fost pus\u0103, cu complicitatea factorilor de decizie impu\u0219i cu for\u021ba, pe lista viitoarelor \u021b\u0103ri victim\u0103, al\u0103turi de Ucraina. G\u00e2ndi\u021bi-v\u0103 doar c\u00e2\u021bi din Europa ar fi fost interesa\u021bi de distrugerea Portului Constan\u021ba \u0219i, mai ales, care ar fi fost competitorii acestui port care ar fi beneficiat direct de dezastrul de-aici. G\u00e2ndi\u021bi, nu doare! Pasivitatea e cea care ne ucide. Singura alinare pe care o putem avea e c\u0103, pentru a compensa prostia care se \u00eenghesuie \u00een \u021bara asta, Dumnezeu ne-a dat noroc. De data aceasta ne-a salvat norocul. Altfel eram vai de noi! Dar nu \u0219tiu c\u00e2t ne va mai merge \u0219i cu norocul \u0103sta. Pasivitatea \u0219i prostia sunt de-a dreptul ucig\u0103toare!<\/p>\n<\/div>\n<article class=\"post-80361 post type-post status-publish entry includes-feat-image\">\n<div class=\"featured-image alignleft\"><a class=\"featured_post_link\" href=\"https:\/\/www.incorectpolitic.com\/ultimul-fiu-al-daciei\/\" title=\"Ultimul Fiu al Daciei\"><img loading=\"lazy\" decoding=\"async\" width=\"100\" height=\"150\" src=\"https:\/\/www.incorectpolitic.com\/wp-content\/uploads\/2025\/10\/dac.jpeg\" class=\"attachment-thumbnail size-thumbnail wp-post-image lazyload\" alt><img loading=\"lazy\" decoding=\"async\" width=\"100\" height=\"150\" src=\"https:\/\/www.incorectpolitic.com\/wp-content\/uploads\/2025\/10\/dac.jpeg\" class=\"attachment-thumbnail size-thumbnail wp-post-image\" alt data-eio=\"l\"><\/a><\/div>\n<div class=\"entry-title\"><a class=\"featured_post_link\" href=\"https:\/\/www.incorectpolitic.com\/ultimul-fiu-al-daciei\/\" title=\"Ultimul Fiu al Daciei\">Ultimul Fiu al Daciei<\/a><\/div>\n<\/article>\n<article class=\"post-73927 post type-post status-publish entry includes-feat-image\">\n<div class=\"featured-image alignleft\"><a class=\"featured_post_link\" href=\"https:\/\/www.incorectpolitic.com\/cauzele-si-dinamica-antisemitismului\/\" title=\"Cauzele \u0219i Dinamica Antisemitismului\"><img loading=\"lazy\" decoding=\"async\" width=\"150\" height=\"150\" src=\"https:\/\/www.incorectpolitic.com\/wp-content\/uploads\/2018\/09\/bolshevik-jews-150x150.jpg\" class=\"attachment-thumbnail size-thumbnail wp-post-image lazyload\" alt><img loading=\"lazy\" decoding=\"async\" width=\"150\" height=\"150\" src=\"https:\/\/www.incorectpolitic.com\/wp-content\/uploads\/2018\/09\/bolshevik-jews-150x150.jpg\" class=\"attachment-thumbnail size-thumbnail wp-post-image\" alt data-eio=\"l\"><\/a><\/div>\n<div class=\"entry-title\"><a class=\"featured_post_link\" href=\"https:\/\/www.incorectpolitic.com\/cauzele-si-dinamica-antisemitismului\/\" title=\"Cauzele \u0219i Dinamica Antisemitismului\">Cauzele \u0219i Dinamica Antisemitismului<\/a><\/div>\n<\/article>\n<article class=\"post-72974 post type-post status-publish entry includes-feat-image\">\n<div class=\"featured-image alignleft\"><a class=\"featured_post_link\" href=\"https:\/\/www.incorectpolitic.com\/navalirea-jidanilor-de-vasile-alecsandri-piesa-interzisa\/\" title=\"N\u0103v\u0103lirea Jidanilor \u2013 de Vasile Alecsandri (Pies\u0103 interzis\u0103)\"><img loading=\"lazy\" decoding=\"async\" width=\"150\" height=\"150\" src=\"https:\/\/www.incorectpolitic.com\/wp-content\/uploads\/2024\/02\/jidani-navalire-2.png\" class=\"attachment-thumbnail size-thumbnail wp-post-image lazyload\" alt><img loading=\"lazy\" decoding=\"async\" width=\"150\" height=\"150\" src=\"https:\/\/www.incorectpolitic.com\/wp-content\/uploads\/2024\/02\/jidani-navalire-2.png\" class=\"attachment-thumbnail size-thumbnail wp-post-image\" alt data-eio=\"l\"><\/a><\/div>\n<div class=\"entry-title\"><a class=\"featured_post_link\" href=\"https:\/\/www.incorectpolitic.com\/navalirea-jidanilor-de-vasile-alecsandri-piesa-interzisa\/\" title=\"N\u0103v\u0103lirea Jidanilor \u2013 de Vasile Alecsandri (Pies\u0103 interzis\u0103)\">N\u0103v\u0103lirea Jidanilor \u2013 de Vasile Alecsandri (Pies\u0103 interzis\u0103)<\/a><\/div>\n<\/article>\n<article class=\"post-71879 post type-post status-publish entry includes-feat-image\">\n<div class=\"featured-image alignleft\"><a class=\"featured_post_link\" href=\"https:\/\/www.incorectpolitic.com\/europa-si-romania-in-anul-2050\/\" title=\"Europa \u0219i Rom\u00e2nia \u00een anul 2050\"><img loading=\"lazy\" decoding=\"async\" width=\"147\" height=\"150\" src=\"https:\/\/www.incorectpolitic.com\/wp-content\/uploads\/2024\/01\/Romania-2050-2.png\" class=\"attachment-thumbnail size-thumbnail wp-post-image lazyload\" alt><img loading=\"lazy\" decoding=\"async\" width=\"147\" height=\"150\" src=\"https:\/\/www.incorectpolitic.com\/wp-content\/uploads\/2024\/01\/Romania-2050-2.png\" class=\"attachment-thumbnail size-thumbnail wp-post-image\" alt data-eio=\"l\"><\/a><\/div>\n<div class=\"entry-title\"><a class=\"featured_post_link\" href=\"https:\/\/www.incorectpolitic.com\/europa-si-romania-in-anul-2050\/\" title=\"Europa \u0219i Rom\u00e2nia \u00een anul 2050\">Europa \u0219i Rom\u00e2nia \u00een anul 2050<\/a><\/div>\n<\/article>\n<article class=\"post-23854 post type-post status-publish entry includes-feat-image\">\n<div class=\"featured-image alignleft\"><a class=\"featured_post_link\" href=\"https:\/\/www.incorectpolitic.com\/vizita-papei-autonomie-alternativa\/\" title=\"Vizita Papei \u2013 Autonomie Alternativ\u0103\"><img loading=\"lazy\" decoding=\"async\" width=\"150\" height=\"150\" class=\"attachment-thumbnail size-thumbnail wp-post-image lazyload\" alt src=\"https:\/\/www.incorectpolitic.com\/wp-content\/uploads\/2019\/06\/uI2HFtR-150x150.jpg\"><img loading=\"lazy\" decoding=\"async\" width=\"150\" height=\"150\" src=\"https:\/\/www.incorectpolitic.com\/wp-content\/uploads\/2019\/06\/uI2HFtR-150x150.jpg\" class=\"attachment-thumbnail size-thumbnail wp-post-image\" alt data-eio=\"l\"><\/a><\/div>\n<div class=\"entry-title\"><a class=\"featured_post_link\" href=\"https:\/\/www.incorectpolitic.com\/vizita-papei-autonomie-alternativa\/\" title=\"Vizita Papei \u2013 Autonomie Alternativ\u0103\">Vizita Papei \u2013 Autonomie Alternativ\u0103<\/a><\/div>\n<\/article>\n<article class=\"post-72111 post type-post status-publish entry includes-feat-image\">\n<div class=\"featured-image alignleft\"><a class=\"featured_post_link\" href=\"https:\/\/www.incorectpolitic.com\/revelion-2023-2024-vine-anul-biruintei\/\" title=\"Revelion 2023 \u2013 2024 vine ANUL BIRUIN\u021aEI\"><img loading=\"lazy\" decoding=\"async\" width=\"150\" height=\"150\" src=\"https:\/\/www.incorectpolitic.com\/wp-content\/uploads\/2023\/12\/anul-biruintei.png\" class=\"attachment-thumbnail size-thumbnail wp-post-image lazyload\" alt><img loading=\"lazy\" decoding=\"async\" width=\"150\" height=\"150\" src=\"https:\/\/www.incorectpolitic.com\/wp-content\/uploads\/2023\/12\/anul-biruintei.png\" class=\"attachment-thumbnail size-thumbnail wp-post-image\" alt data-eio=\"l\"><\/a><\/div>\n<div class=\"entry-title\"><a class=\"featured_post_link\" href=\"https:\/\/www.incorectpolitic.com\/revelion-2023-2024-vine-anul-biruintei\/\" title=\"Revelion 2023 \u2013 2024 vine ANUL BIRUIN\u021aEI\">Revelion 2023 \u2013 2024 vine ANUL BIRUIN\u021aEI<\/a><\/div>\n<\/article>\n<article class=\"post-50139 post type-post status-publish entry includes-feat-image\">\n<div class=\"featured-image alignleft\"><a class=\"featured_post_link\" href=\"https:\/\/www.incorectpolitic.com\/analiza-strategiei-adoptata-de-guvern-pentru-combaterea-antisemitismului-xenofobiei-si-discursului-instigator-la-ura-2021-2023\/\" title=\"Analiza Strategiei Adoptat\u0103 de Guvern Pentru Combaterea \u201cantisemitismului, xenofobiei \u0219i discursului instigator la ur\u0103 2021-2023\u201d\"><img loading=\"lazy\" decoding=\"async\" width=\"150\" height=\"150\" src=\"https:\/\/www.incorectpolitic.com\/wp-content\/uploads\/2019\/08\/Jewish-censorship-e1421273251759-2-150x150.jpg\" class=\"attachment-thumbnail size-thumbnail wp-post-image lazyload\" alt><img loading=\"lazy\" decoding=\"async\" width=\"150\" height=\"150\" src=\"https:\/\/www.incorectpolitic.com\/wp-content\/uploads\/2019\/08\/Jewish-censorship-e1421273251759-2-150x150.jpg\" class=\"attachment-thumbnail size-thumbnail wp-post-image\" alt data-eio=\"l\"><\/a><\/div>\n<div class=\"entry-title\"><a class=\"featured_post_link\" href=\"https:\/\/www.incorectpolitic.com\/analiza-strategiei-adoptata-de-guvern-pentru-combaterea-antisemitismului-xenofobiei-si-discursului-instigator-la-ura-2021-2023\/\" title=\"Analiza Strategiei Adoptat\u0103 de Guvern Pentru Combaterea \u201cantisemitismului, xenofobiei \u0219i discursului instigator la ur\u0103 2021-2023\u201d\">Analiza Strategiei Adoptat\u0103 de Guvern Pentru Combaterea \u201cantisemitismului, xenofobiei \u0219i discursului instigator la ur\u0103 2021-2023\u201d<\/a><\/div>\n<\/article>\n<article class=\"post-70829 post type-post status-publish entry includes-feat-image\">\n<div class=\"featured-image alignleft\"><a class=\"featured_post_link\" href=\"https:\/\/www.incorectpolitic.com\/pozitia-unilaterala-a-pseudo-politicienilor-din-romania-si-a-bor-in-sustinerea-israelului-singurul-stat-terorist-din-lume-arata-ca-acestia-nu-au-o-fibra-cu-adevarat-nationala\/\" title=\"Pozi\u021bia unilateral\u0103 a pseudo politicienilor din Rom\u00e2nia \u0219i a BOR \u00een sus\u021binerea Israelului, singurul stat terorist din lume, arat\u0103 c\u0103 ace\u0219tia nu au o fibr\u0103 cu adev\u0103rat na\u021bional\u0103\"><img loading=\"lazy\" decoding=\"async\" width=\"150\" height=\"89\" src=\"https:\/\/www.incorectpolitic.com\/wp-content\/uploads\/2023\/08\/circumcision.png\" class=\"attachment-thumbnail size-thumbnail wp-post-image lazyload\" alt><img loading=\"lazy\" decoding=\"async\" width=\"150\" height=\"89\" src=\"https:\/\/www.incorectpolitic.com\/wp-content\/uploads\/2023\/08\/circumcision.png\" class=\"attachment-thumbnail size-thumbnail wp-post-image\" alt data-eio=\"l\"><\/a><\/div>\n<div class=\"entry-title\"><a class=\"featured_post_link\" href=\"https:\/\/www.incorectpolitic.com\/pozitia-unilaterala-a-pseudo-politicienilor-din-romania-si-a-bor-in-sustinerea-israelului-singurul-stat-terorist-din-lume-arata-ca-acestia-nu-au-o-fibra-cu-adevarat-nationala\/\" title=\"Pozi\u021bia unilateral\u0103 a pseudo politicienilor din Rom\u00e2nia \u0219i a BOR \u00een sus\u021binerea Israelului, singurul stat terorist din lume, arat\u0103 c\u0103 ace\u0219tia nu au o fibr\u0103 cu adev\u0103rat na\u021bional\u0103\">Pozi\u021bia unilateral\u0103 a pseudo politicienilor din Rom\u00e2nia \u0219i a BOR \u00een sus\u021binerea Israelului, singurul stat terorist din lume, arat\u0103 c\u0103 ace\u0219tia nu au o fibr\u0103 cu adev\u0103rat na\u021bional\u0103<\/a><\/div>\n<\/article>\n<article class=\"post-66937 post type-post status-publish entry includes-feat-image\">\n<div class=\"featured-image alignleft\"><a class=\"featured_post_link\" href=\"https:\/\/www.incorectpolitic.com\/agresiunea-impotriva-revizionistilor-istorici-si-efectele-linsajului-judiciar-de-la-nuremberg\/\" title=\"Agresiunea \u00eempotriva Revizioni\u0219tilor Istorici \u0219i efectele lin\u0219ajului judiciar de la Nurnberg\"><img loading=\"lazy\" decoding=\"async\" width=\"150\" height=\"100\" src=\"https:\/\/www.incorectpolitic.com\/wp-content\/uploads\/2023\/04\/image_2023-04-30_134634134.png\" class=\"attachment-thumbnail size-thumbnail wp-post-image lazyload\" alt><img loading=\"lazy\" decoding=\"async\" width=\"150\" height=\"100\" src=\"https:\/\/www.incorectpolitic.com\/wp-content\/uploads\/2023\/04\/image_2023-04-30_134634134.png\" class=\"attachment-thumbnail size-thumbnail wp-post-image\" alt data-eio=\"l\"><\/a><\/div>\n<div class=\"entry-title\"><a class=\"featured_post_link\" href=\"https:\/\/www.incorectpolitic.com\/agresiunea-impotriva-revizionistilor-istorici-si-efectele-linsajului-judiciar-de-la-nuremberg\/\" title=\"Agresiunea \u00eempotriva Revizioni\u0219tilor Istorici \u0219i efectele lin\u0219ajului judiciar de la Nurnberg\">Agresiunea \u00eempotriva Revizioni\u0219tilor Istorici \u0219i efectele lin\u0219ajului judiciar de la Nurnberg<\/a><\/div>\n<\/article>\n<article class=\"post-19111 post type-post status-publish entry includes-feat-image\">\n<div class=\"featured-image alignleft\"><a class=\"featured_post_link\" href=\"https:\/\/www.incorectpolitic.com\/despre-adevar\/\" title=\"Despre Adev\u0103r\"><img loading=\"lazy\" decoding=\"async\" width=\"150\" height=\"150\" src=\"https:\/\/www.incorectpolitic.com\/wp-content\/uploads\/2019\/02\/freedomfromchain-150x150.jpg\" class=\"attachment-thumbnail size-thumbnail wp-post-image lazyload\" alt><img loading=\"lazy\" decoding=\"async\" width=\"150\" height=\"150\" src=\"https:\/\/www.incorectpolitic.com\/wp-content\/uploads\/2019\/02\/freedomfromchain-150x150.jpg\" class=\"attachment-thumbnail size-thumbnail wp-post-image\" alt data-eio=\"l\"><\/a><\/div>\n<div class=\"entry-title\"><a class=\"featured_post_link\" href=\"https:\/\/www.incorectpolitic.com\/despre-adevar\/\" title=\"Despre Adev\u0103r\">Despre Adev\u0103r<\/a><\/div>\n<\/article>\n<article class=\"post-53767 post type-post status-publish entry includes-feat-image\">\n<div class=\"featured-image alignleft\"><a class=\"featured_post_link\" href=\"https:\/\/www.incorectpolitic.com\/dictionarul-coincidentelor-cine-sunt-iudeii-care-ne-au-influentat-tara-in-istoria-recenta\/\" title=\"DIC\u021aIONARUL COINCIDEN\u021aELOR  \u2013 Cine sunt iudeii care ne-au influen\u021bat \u021bara \u00een istoria recent\u0103\"><img loading=\"lazy\" decoding=\"async\" width=\"150\" height=\"150\" src=\"https:\/\/www.incorectpolitic.com\/wp-content\/uploads\/2021\/09\/coinc-150x150.png\" class=\"attachment-thumbnail size-thumbnail wp-post-image lazyload\" alt><img loading=\"lazy\" decoding=\"async\" width=\"150\" height=\"150\" src=\"https:\/\/www.incorectpolitic.com\/wp-content\/uploads\/2021\/09\/coinc-150x150.png\" class=\"attachment-thumbnail size-thumbnail wp-post-image\" alt data-eio=\"l\"><\/a><\/div>\n<div class=\"entry-title\"><a class=\"featured_post_link\" href=\"https:\/\/www.incorectpolitic.com\/dictionarul-coincidentelor-cine-sunt-iudeii-care-ne-au-influentat-tara-in-istoria-recenta\/\" title=\"DIC\u021aIONARUL COINCIDEN\u021aELOR  \u2013 Cine sunt iudeii care ne-au influen\u021bat \u021bara \u00een istoria recent\u0103\">DIC\u021aIONARUL COINCIDEN\u021aELOR  \u2013 Cine sunt iudeii care ne-au influen\u021bat \u021bara \u00een istoria recent\u0103<\/a><\/div>\n<\/article>\n<article class=\"post-51156 post type-post status-publish entry includes-feat-image\">\n<div class=\"featured-image alignleft\"><a class=\"featured_post_link\" href=\"https:\/\/www.incorectpolitic.com\/desertaciune-nu-aparare\/\" title=\"DE\u0218ERT\u0102CIUNE?! Nu, AP\u0102RARE!\"><img loading=\"lazy\" decoding=\"async\" width=\"150\" height=\"150\" class=\"attachment-thumbnail size-thumbnail wp-post-image lazyload\" alt src=\"https:\/\/www.incorectpolitic.com\/wp-content\/uploads\/2021\/06\/desertaciune-nu-aparare-150x150.jpg\"><img loading=\"lazy\" decoding=\"async\" width=\"150\" height=\"150\" src=\"https:\/\/www.incorectpolitic.com\/wp-content\/uploads\/2021\/06\/desertaciune-nu-aparare-150x150.jpg\" class=\"attachment-thumbnail size-thumbnail wp-post-image\" alt data-eio=\"l\"><\/a><\/div>\n<div class=\"entry-title\"><a class=\"featured_post_link\" href=\"https:\/\/www.incorectpolitic.com\/desertaciune-nu-aparare\/\" title=\"DE\u0218ERT\u0102CIUNE?! Nu, AP\u0102RARE!\">DE\u0218ERT\u0102CIUNE?! Nu, AP\u0102RARE!<\/a><\/div>\n<\/article>\n<article class=\"post-44728 post type-post status-publish entry includes-feat-image\">\n<div class=\"featured-image alignleft\"><a class=\"featured_post_link\" href=\"https:\/\/www.incorectpolitic.com\/resetarea-medicinei-sau-resetarea-omenirii-prin-nanotehnologie\/\" title=\"Resetarea Medicinei sau Resetarea Omenirii prin Nanotehnologie\"><img loading=\"lazy\" decoding=\"async\" width=\"150\" height=\"150\" src=\"https:\/\/www.incorectpolitic.com\/wp-content\/uploads\/2020\/12\/ed8a914d6d236c9d231903a8b2e79f63-150x150.gif\" class=\"attachment-thumbnail size-thumbnail wp-post-image lazyload\" alt><img loading=\"lazy\" decoding=\"async\" width=\"150\" height=\"150\" src=\"https:\/\/www.incorectpolitic.com\/wp-content\/uploads\/2020\/12\/ed8a914d6d236c9d231903a8b2e79f63-150x150.gif\" class=\"attachment-thumbnail size-thumbnail wp-post-image\" alt data-eio=\"l\"><\/a><\/div>\n<div class=\"entry-title\"><a class=\"featured_post_link\" href=\"https:\/\/www.incorectpolitic.com\/resetarea-medicinei-sau-resetarea-omenirii-prin-nanotehnologie\/\" title=\"Resetarea Medicinei sau Resetarea Omenirii prin Nanotehnologie\">Resetarea Medicinei sau Resetarea Omenirii prin Nanotehnologie<\/a><\/div>\n<\/article>\n<article class=\"post-43837 post type-post status-publish entry includes-feat-image\">\n<div class=\"featured-image alignleft\"><a class=\"featured_post_link\" href=\"https:\/\/www.incorectpolitic.com\/noul-legamant\/\" title=\"Noul Leg\u0103m\u00e2nt\"><img loading=\"lazy\" decoding=\"async\" width=\"150\" height=\"150\" src=\"https:\/\/www.incorectpolitic.com\/wp-content\/uploads\/2020\/12\/NL-150x150.jpg\" class=\"attachment-thumbnail size-thumbnail wp-post-image lazyload\" alt><img loading=\"lazy\" decoding=\"async\" width=\"150\" height=\"150\" src=\"https:\/\/www.incorectpolitic.com\/wp-content\/uploads\/2020\/12\/NL-150x150.jpg\" class=\"attachment-thumbnail size-thumbnail wp-post-image\" alt data-eio=\"l\"><\/a><\/div>\n<div class=\"entry-title\"><a class=\"featured_post_link\" href=\"https:\/\/www.incorectpolitic.com\/noul-legamant\/\" title=\"Noul Leg\u0103m\u00e2nt\">Noul Leg\u0103m\u00e2nt<\/a><\/div>\n<\/article>\n<article class=\"post-42525 post type-post status-publish entry includes-feat-image\">\n<div class=\"featured-image alignleft\"><a class=\"featured_post_link\" href=\"https:\/\/www.incorectpolitic.com\/vaccinarea-inseamna-crima-un-atentat-la-sanatatea-personala-la-integritatea-corporala-si-intimitatea-oricarui-om-liber-medicul-ce-vaccineaza-cu-forta-un-om-liber-merita-sa-fie-pedepsit-de-acesta\/\" title=\"Vaccinarea \u00eenseamn\u0103 crim\u0103, un atentat la s\u0103n\u0103tatea personal\u0103, la integritatea corporal\u0103 \u0219i intimitatea oric\u0103rui om liber. Medicul ce vaccineaz\u0103 cu for\u021ba un om liber merit\u0103 s\u0103 fie pedepsit de acesta\"><img loading=\"lazy\" decoding=\"async\" width=\"150\" height=\"150\" src=\"https:\/\/www.incorectpolitic.com\/wp-content\/uploads\/2020\/11\/syringe_0-150x150.jpg\" class=\"attachment-thumbnail size-thumbnail wp-post-image lazyload\" alt><img loading=\"lazy\" decoding=\"async\" width=\"150\" height=\"150\" src=\"https:\/\/www.incorectpolitic.com\/wp-content\/uploads\/2020\/11\/syringe_0-150x150.jpg\" class=\"attachment-thumbnail size-thumbnail wp-post-image\" alt data-eio=\"l\"><\/a><\/div>\n<div class=\"entry-title\"><a class=\"featured_post_link\" href=\"https:\/\/www.incorectpolitic.com\/vaccinarea-inseamna-crima-un-atentat-la-sanatatea-personala-la-integritatea-corporala-si-intimitatea-oricarui-om-liber-medicul-ce-vaccineaza-cu-forta-un-om-liber-merita-sa-fie-pedepsit-de-acesta\/\" title=\"Vaccinarea \u00eenseamn\u0103 crim\u0103, un atentat la s\u0103n\u0103tatea personal\u0103, la integritatea corporal\u0103 \u0219i intimitatea oric\u0103rui om liber. Medicul ce vaccineaz\u0103 cu for\u021ba un om liber merit\u0103 s\u0103 fie pedepsit de acesta\">Vaccinarea \u00eenseamn\u0103 crim\u0103, un atentat la s\u0103n\u0103tatea personal\u0103, la integritatea corporal\u0103 \u0219i intimitatea oric\u0103rui om liber. Medicul ce vaccineaz\u0103 cu for\u021ba un om liber merit\u0103 s\u0103 fie pedepsit de acesta<\/a><\/div>\n<\/article>\n<article class=\"post-38338 post type-post status-publish entry includes-feat-image\">\n<div class=\"featured-image alignleft\"><a class=\"featured_post_link\" href=\"https:\/\/www.incorectpolitic.com\/trebuie-sa-distrugem-suprematia-jidoveasca\/\" title=\"Trebuie s\u0103 distrugem superma\u021bia jidoveasc\u0103!\"><img loading=\"lazy\" decoding=\"async\" width=\"150\" height=\"150\" src=\"https:\/\/www.incorectpolitic.com\/wp-content\/uploads\/2018\/11\/GunoiOPS-150x150.png\" class=\"attachment-thumbnail size-thumbnail wp-post-image lazyload\" alt><img loading=\"lazy\" decoding=\"async\" width=\"150\" height=\"150\" src=\"https:\/\/www.incorectpolitic.com\/wp-content\/uploads\/2018\/11\/GunoiOPS-150x150.png\" class=\"attachment-thumbnail size-thumbnail wp-post-image\" alt data-eio=\"l\"><\/a><\/div>\n<div class=\"entry-title\"><a class=\"featured_post_link\" href=\"https:\/\/www.incorectpolitic.com\/trebuie-sa-distrugem-suprematia-jidoveasca\/\" title=\"Trebuie s\u0103 distrugem superma\u021bia jidoveasc\u0103!\">Trebuie s\u0103 distrugem superma\u021bia jidoveasc\u0103!<\/a><\/div>\n<\/article>\n<article class=\"post-30776 post type-post status-publish entry includes-feat-image\">\n<div class=\"featured-image alignleft\"><a class=\"featured_post_link\" href=\"https:\/\/www.incorectpolitic.com\/da-ti-doua-palme-si-ridica-te\/\" title=\"D\u0103-\u021bi Dou\u0103 Palme \u0219i Ridic\u0103-te\"><img loading=\"lazy\" decoding=\"async\" width=\"150\" height=\"150\" src=\"https:\/\/www.incorectpolitic.com\/wp-content\/uploads\/2019\/11\/1-mai-620x350-150x150.jpg\" class=\"attachment-thumbnail size-thumbnail wp-post-image lazyload\" alt><img loading=\"lazy\" decoding=\"async\" width=\"150\" height=\"150\" src=\"https:\/\/www.incorectpolitic.com\/wp-content\/uploads\/2019\/11\/1-mai-620x350-150x150.jpg\" class=\"attachment-thumbnail size-thumbnail wp-post-image\" alt data-eio=\"l\"><\/a><\/div>\n<div class=\"entry-title\"><a class=\"featured_post_link\" href=\"https:\/\/www.incorectpolitic.com\/da-ti-doua-palme-si-ridica-te\/\" title=\"D\u0103-\u021bi Dou\u0103 Palme \u0219i Ridic\u0103-te\">D\u0103-\u021bi Dou\u0103 Palme \u0219i Ridic\u0103-te<\/a><\/div>\n<\/article>\n<article class=\"post-27862 post type-post status-publish entry includes-feat-image\">\n<div class=\"featured-image alignleft\"><a class=\"featured_post_link\" href=\"https:\/\/www.incorectpolitic.com\/scrisoare-deschisa-catre-neamul-romanesc\/\" title=\"Scrisoare Deschis\u0103 C\u0103tre Neamul Rom\u00e2nesc\"><img loading=\"lazy\" decoding=\"async\" width=\"150\" height=\"150\" src=\"https:\/\/www.incorectpolitic.com\/wp-content\/uploads\/2019\/09\/videoblocks-male-hand-reload-a-revolver-magnum-gun-without-bullets-magnum-revolver-and-empty-bullet-magnum-lead-round-nose-45-auto-rim-revolver-rounds_ha1focujz_thumbnail-full01-150x150.jpg\" class=\"attachment-thumbnail size-thumbnail wp-post-image lazyload\" alt><img loading=\"lazy\" decoding=\"async\" width=\"150\" height=\"150\" src=\"https:\/\/www.incorectpolitic.com\/wp-content\/uploads\/2019\/09\/videoblocks-male-hand-reload-a-revolver-magnum-gun-without-bullets-magnum-revolver-and-empty-bullet-magnum-lead-round-nose-45-auto-rim-revolver-rounds_ha1focujz_thumbnail-full01-150x150.jpg\" class=\"attachment-thumbnail size-thumbnail wp-post-image\" alt data-eio=\"l\"><\/a><\/div>\n<div class=\"entry-title\"><a class=\"featured_post_link\" href=\"https:\/\/www.incorectpolitic.com\/scrisoare-deschisa-catre-neamul-romanesc\/\" title=\"Scrisoare Deschis\u0103 C\u0103tre Neamul Rom\u00e2nesc\">Scrisoare Deschis\u0103 C\u0103tre Neamul Rom\u00e2nesc<\/a><\/div>\n<\/article>\n<article class=\"post-26255 post type-post status-publish entry includes-feat-image\">\n<div class=\"featured-image alignleft\"><a class=\"featured_post_link\" href=\"https:\/\/www.incorectpolitic.com\/sociologia-eliberarii-si-curentele-laterale-de-sedimentare-revolutionara\/\" title=\"Sociologia Eliber\u0103rii \u0219i Curentele Laterale de Sedimentare Revolu\u021bionar\u0103\"><img loading=\"lazy\" decoding=\"async\" width=\"150\" height=\"150\" src=\"https:\/\/www.incorectpolitic.com\/wp-content\/uploads\/2020\/12\/nm3-150x150.png\" class=\"attachment-thumbnail size-thumbnail wp-post-image lazyload\" alt><img loading=\"lazy\" decoding=\"async\" width=\"150\" height=\"150\" src=\"https:\/\/www.incorectpolitic.com\/wp-content\/uploads\/2020\/12\/nm3-150x150.png\" class=\"attachment-thumbnail size-thumbnail wp-post-image\" alt data-eio=\"l\"><\/a><\/div>\n<div class=\"entry-title\"><a class=\"featured_post_link\" href=\"https:\/\/www.incorectpolitic.com\/sociologia-eliberarii-si-curentele-laterale-de-sedimentare-revolutionara\/\" title=\"Sociologia Eliber\u0103rii \u0219i Curentele Laterale de Sedimentare Revolu\u021bionar\u0103\">Sociologia Eliber\u0103rii \u0219i Curentele Laterale de Sedimentare Revolu\u021bionar\u0103<\/a><\/div>\n<\/article>\n<article class=\"post-21977 post type-post status-publish entry includes-feat-image\">\n<div class=\"featured-image alignleft\"><a class=\"featured_post_link\" href=\"https:\/\/www.incorectpolitic.com\/impotriva-fatalismului\/\" title=\"\u00cempotriva Fatalismului\"><img loading=\"lazy\" decoding=\"async\" width=\"150\" height=\"150\" src=\"https:\/\/www.incorectpolitic.com\/wp-content\/uploads\/2019\/04\/thumb-150x150.jpg\" class=\"attachment-thumbnail size-thumbnail wp-post-image lazyload\" alt><img loading=\"lazy\" decoding=\"async\" width=\"150\" height=\"150\" src=\"https:\/\/www.incorectpolitic.com\/wp-content\/uploads\/2019\/04\/thumb-150x150.jpg\" class=\"attachment-thumbnail size-thumbnail wp-post-image\" alt data-eio=\"l\"><\/a><\/div>\n<div class=\"entry-title\"><a class=\"featured_post_link\" href=\"https:\/\/www.incorectpolitic.com\/impotriva-fatalismului\/\" title=\"\u00cempotriva Fatalismului\">\u00cempotriva Fatalismului<\/a><\/div>\n<\/article>\n<article class=\"post-20844 post type-post status-publish entry includes-feat-image\">\n<div class=\"featured-image alignleft\"><a class=\"featured_post_link\" href=\"https:\/\/www.incorectpolitic.com\/inceputul-etapei-post-globaliste-mass-media-ultimul-obstacol\/\" title=\"\u00cenceputul Etapei Post-Globaliste \u2013  Mass Media Ultimul Obstacol\"><img loading=\"lazy\" decoding=\"async\" width=\"150\" height=\"150\" src=\"https:\/\/www.incorectpolitic.com\/wp-content\/uploads\/2019\/03\/https___cdn.cnn_.com_cnnnext_dam_assets_181202123002-yellow-vest-protest-150x150.jpg\" class=\"attachment-thumbnail size-thumbnail wp-post-image lazyload\" alt><img loading=\"lazy\" decoding=\"async\" width=\"150\" height=\"150\" src=\"https:\/\/www.incorectpolitic.com\/wp-content\/uploads\/2019\/03\/https___cdn.cnn_.com_cnnnext_dam_assets_181202123002-yellow-vest-protest-150x150.jpg\" class=\"attachment-thumbnail size-thumbnail wp-post-image\" alt data-eio=\"l\"><\/a><\/div>\n<div class=\"entry-title\"><a class=\"featured_post_link\" href=\"https:\/\/www.incorectpolitic.com\/inceputul-etapei-post-globaliste-mass-media-ultimul-obstacol\/\" title=\"\u00cenceputul Etapei Post-Globaliste \u2013  Mass Media Ultimul Obstacol\">\u00cenceputul Etapei Post-Globaliste \u2013  Mass Media Ultimul Obstacol<\/a><\/div>\n<\/article>\n<article class=\"post-19704 post type-post status-publish entry includes-feat-image\">\n<div class=\"featured-image alignleft\"><a class=\"featured_post_link\" href=\"https:\/\/www.incorectpolitic.com\/mlastina-mass-media-serial-complet\/\" title=\"Mla\u0219tina Mass Media  \u2013 Serial Complet\"><img loading=\"lazy\" decoding=\"async\" width=\"150\" height=\"150\" src=\"https:\/\/www.incorectpolitic.com\/wp-content\/uploads\/2018\/06\/colaj-modificat-1-768x278-150x150.jpg\" class=\"attachment-thumbnail size-thumbnail wp-post-image lazyload\" alt><img loading=\"lazy\" decoding=\"async\" width=\"150\" height=\"150\" src=\"https:\/\/www.incorectpolitic.com\/wp-content\/uploads\/2018\/06\/colaj-modificat-1-768x278-150x150.jpg\" class=\"attachment-thumbnail size-thumbnail wp-post-image\" alt data-eio=\"l\"><\/a><\/div>\n<div class=\"entry-title\"><a class=\"featured_post_link\" href=\"https:\/\/www.incorectpolitic.com\/mlastina-mass-media-serial-complet\/\" title=\"Mla\u0219tina Mass Media  \u2013 Serial Complet\">Mla\u0219tina Mass Media  \u2013 Serial Complet<\/a><\/div>\n<\/article>\n<article class=\"post-5104 post type-post status-publish entry includes-feat-image\">\n<div class=\"featured-image alignleft\"><a class=\"featured_post_link\" href=\"https:\/\/www.incorectpolitic.com\/momentul-1937\/\" title=\"Momentul 1937\"><img loading=\"lazy\" decoding=\"async\" width=\"150\" height=\"150\" src=\"https:\/\/www.incorectpolitic.com\/wp-content\/uploads\/2018\/03\/capitanul-codreanu2003a-150x150.jpg\" class=\"attachment-thumbnail size-thumbnail wp-post-image lazyload\" alt><img loading=\"lazy\" decoding=\"async\" width=\"150\" height=\"150\" src=\"https:\/\/www.incorectpolitic.com\/wp-content\/uploads\/2018\/03\/capitanul-codreanu2003a-150x150.jpg\" class=\"attachment-thumbnail size-thumbnail wp-post-image\" alt data-eio=\"l\"><\/a><\/div>\n<div class=\"entry-title\"><a class=\"featured_post_link\" href=\"https:\/\/www.incorectpolitic.com\/momentul-1937\/\" title=\"Momentul 1937\">Momentul 1937<\/a><\/div>\n<\/article>\n<article class=\"post-16914 post type-post status-publish entry includes-feat-image\">\n<div class=\"featured-image alignleft\"><a class=\"featured_post_link\" href=\"https:\/\/www.incorectpolitic.com\/portretul-romanului-iudeo-crestin\/\" title=\"Portretul Rom\u00e2nului Iudeo-Cre\u0219tin Iubitor de Infanticid\"><img loading=\"lazy\" decoding=\"async\" width=\"150\" height=\"150\" src=\"https:\/\/www.incorectpolitic.com\/wp-content\/uploads\/2019\/01\/venn-150x150.jpg\" class=\"attachment-thumbnail size-thumbnail wp-post-image lazyload\" alt><img loading=\"lazy\" decoding=\"async\" width=\"150\" height=\"150\" src=\"https:\/\/www.incorectpolitic.com\/wp-content\/uploads\/2019\/01\/venn-150x150.jpg\" class=\"attachment-thumbnail size-thumbnail wp-post-image\" alt data-eio=\"l\"><\/a><\/div>\n<div class=\"entry-title\"><a class=\"featured_post_link\" href=\"https:\/\/www.incorectpolitic.com\/portretul-romanului-iudeo-crestin\/\" title=\"Portretul Rom\u00e2nului Iudeo-Cre\u0219tin Iubitor de Infanticid\">Portretul Rom\u00e2nului Iudeo-Cre\u0219tin Iubitor de Infanticid<\/a><\/div>\n<\/article>\n<article class=\"post-13899 post type-post status-publish entry includes-feat-image\">\n<div class=\"featured-image alignleft\"><a class=\"featured_post_link\" href=\"https:\/\/www.incorectpolitic.com\/manifest-impotriva-national-sionismului\/\" title=\"Manifest \u00cempotriva Na\u021bional-Sionismului din Rom\u00e2nia\"><img loading=\"lazy\" decoding=\"async\" width=\"150\" height=\"150\" src=\"https:\/\/www.incorectpolitic.com\/wp-content\/uploads\/2018\/10\/z1-150x150.png\" class=\"attachment-thumbnail size-thumbnail wp-post-image lazyload\" alt><img loading=\"lazy\" decoding=\"async\" width=\"150\" height=\"150\" src=\"https:\/\/www.incorectpolitic.com\/wp-content\/uploads\/2018\/10\/z1-150x150.png\" class=\"attachment-thumbnail size-thumbnail wp-post-image\" alt data-eio=\"l\"><\/a><\/div>\n<div class=\"entry-title\"><a class=\"featured_post_link\" href=\"https:\/\/www.incorectpolitic.com\/manifest-impotriva-national-sionismului\/\" title=\"Manifest \u00cempotriva Na\u021bional-Sionismului din Rom\u00e2nia\">Manifest \u00cempotriva Na\u021bional-Sionismului din Rom\u00e2nia<\/a><\/div>\n<\/article>\n<article class=\"post-7498 post type-post status-publish entry includes-feat-image\">\n<div class=\"featured-image alignleft\"><a class=\"featured_post_link\" href=\"https:\/\/www.incorectpolitic.com\/istorie-zydokomuna-cea-mai-completa-lista-a-nomenclaturii-iudeo-bolsevice-din-romania\/\" title=\"Istorie: \u017bYDOKOMUNA, Cea Mai Complet\u0103 List\u0103 a Nomenclaturii Iudeo-Bol\u0219evice din Rom\u00e2nia\"><img loading=\"lazy\" decoding=\"async\" width=\"150\" height=\"150\" src=\"https:\/\/www.incorectpolitic.com\/wp-content\/uploads\/2018\/06\/holocaustul-rosu-150x150.jpg\" class=\"attachment-thumbnail size-thumbnail wp-post-image lazyload\" alt><img loading=\"lazy\" decoding=\"async\" width=\"150\" height=\"150\" src=\"https:\/\/www.incorectpolitic.com\/wp-content\/uploads\/2018\/06\/holocaustul-rosu-150x150.jpg\" class=\"attachment-thumbnail size-thumbnail wp-post-image\" alt data-eio=\"l\"><\/a><\/div>\n<div class=\"entry-title\"><a class=\"featured_post_link\" href=\"https:\/\/www.incorectpolitic.com\/istorie-zydokomuna-cea-mai-completa-lista-a-nomenclaturii-iudeo-bolsevice-din-romania\/\" title=\"Istorie: \u017bYDOKOMUNA, Cea Mai Complet\u0103 List\u0103 a Nomenclaturii Iudeo-Bol\u0219evice din Rom\u00e2nia\">Istorie: \u017bYDOKOMUNA, Cea Mai Complet\u0103 List\u0103 a Nomenclaturii Iudeo-Bol\u0219evice din Rom\u00e2nia<\/a><\/div>\n<\/article>\n<article class=\"post-6413 post type-post status-publish entry includes-feat-image\">\n<div class=\"featured-image alignleft\"><a class=\"featured_post_link\" href=\"https:\/\/www.incorectpolitic.com\/iudaismul-este-un-proiect-politic\/\" title=\"Iudaismul Este Un Proiect Politic\"><img loading=\"lazy\" decoding=\"async\" width=\"150\" height=\"150\" src=\"https:\/\/www.incorectpolitic.com\/wp-content\/uploads\/2018\/05\/israelzionismjudaism5-150x150.jpeg\" class=\"attachment-thumbnail size-thumbnail wp-post-image lazyload\" alt><img loading=\"lazy\" decoding=\"async\" width=\"150\" height=\"150\" src=\"https:\/\/www.incorectpolitic.com\/wp-content\/uploads\/2018\/05\/israelzionismjudaism5-150x150.jpeg\" class=\"attachment-thumbnail size-thumbnail wp-post-image\" alt data-eio=\"l\"><\/a><\/div>\n<div class=\"entry-title\"><a class=\"featured_post_link\" href=\"https:\/\/www.incorectpolitic.com\/iudaismul-este-un-proiect-politic\/\" title=\"Iudaismul Este Un Proiect Politic\">Iudaismul Este Un Proiect Politic<\/a><\/div>\n<\/article>\n<article class=\"post-5089 post type-post status-publish entry includes-feat-image\">\n<div class=\"featured-image alignleft\"><a class=\"featured_post_link\" href=\"https:\/\/www.incorectpolitic.com\/exploziv-si-excluziv-interviul-interzis-in-presa-romaneasca\/\" title=\"EXPLOZIV \u0218I EXCLUSIV: Interviul INTERZIS \u00een Presa Rom\u00e2neasc\u0103\"><img loading=\"lazy\" decoding=\"async\" width=\"150\" height=\"150\" src=\"https:\/\/www.incorectpolitic.com\/wp-content\/uploads\/2018\/03\/gscz6z-150x150.gif\" class=\"attachment-thumbnail size-thumbnail wp-post-image lazyload\" alt><img loading=\"lazy\" decoding=\"async\" width=\"150\" height=\"150\" src=\"https:\/\/www.incorectpolitic.com\/wp-content\/uploads\/2018\/03\/gscz6z-150x150.gif\" class=\"attachment-thumbnail size-thumbnail wp-post-image\" alt data-eio=\"l\"><\/a><\/div>\n<div class=\"entry-title\"><a class=\"featured_post_link\" href=\"https:\/\/www.incorectpolitic.com\/exploziv-si-excluziv-interviul-interzis-in-presa-romaneasca\/\" title=\"EXPLOZIV \u0218I EXCLUSIV: Interviul INTERZIS \u00een Presa Rom\u00e2neasc\u0103\">EXPLOZIV \u0218I EXCLUSIV: Interviul INTERZIS \u00een Presa Rom\u00e2neasc\u0103<\/a><\/div>\n<\/article>\n<article class=\"post-1109 post type-post status-publish entry includes-feat-image\">\n<div class=\"featured-image alignleft\"><a class=\"featured_post_link\" href=\"https:\/\/www.incorectpolitic.com\/ofensiva-spirituala-poloniei\/\" title=\"Ofensiva Spiritual\u0103 a Poloniei\"><img loading=\"lazy\" decoding=\"async\" width=\"150\" height=\"150\" src=\"https:\/\/www.incorectpolitic.com\/wp-content\/uploads\/2017\/10\/jesus-with-whip3-150x150.jpg\" class=\"attachment-thumbnail size-thumbnail wp-post-image lazyload\" alt><img loading=\"lazy\" decoding=\"async\" width=\"150\" height=\"150\" src=\"https:\/\/www.incorectpolitic.com\/wp-content\/uploads\/2017\/10\/jesus-with-whip3-150x150.jpg\" class=\"attachment-thumbnail size-thumbnail wp-post-image\" alt data-eio=\"l\"><\/a><\/div>\n<div class=\"entry-title\"><a class=\"featured_post_link\" href=\"https:\/\/www.incorectpolitic.com\/ofensiva-spirituala-poloniei\/\" title=\"Ofensiva Spiritual\u0103 a Poloniei\">Ofensiva Spiritual\u0103 a Poloniei<\/a><\/div>\n<\/article>\n<article class=\"post-5673 post type-post status-publish entry includes-feat-image\">\n<div class=\"featured-image alignleft\"><a class=\"featured_post_link\" href=\"https:\/\/www.incorectpolitic.com\/biciul-prigonirii-romanilor-este-in-mana-jidanilor\/\" title=\"Biciul Prigonirii Rom\u00e2nilor Este \u00een M\u00e2na Jidanilor!\"><img loading=\"lazy\" decoding=\"async\" width=\"150\" height=\"150\" src=\"https:\/\/www.incorectpolitic.com\/wp-content\/uploads\/2018\/04\/S.-Vexler-si-B.-Netanyahu-150x150.jpg\" class=\"attachment-thumbnail size-thumbnail wp-post-image lazyload\" alt><img loading=\"lazy\" decoding=\"async\" width=\"150\" height=\"150\" src=\"https:\/\/www.incorectpolitic.com\/wp-content\/uploads\/2018\/04\/S.-Vexler-si-B.-Netanyahu-150x150.jpg\" class=\"attachment-thumbnail size-thumbnail wp-post-image\" alt data-eio=\"l\"><\/a><\/div>\n<div class=\"entry-title\"><a class=\"featured_post_link\" href=\"https:\/\/www.incorectpolitic.com\/biciul-prigonirii-romanilor-este-in-mana-jidanilor\/\" title=\"Biciul Prigonirii Rom\u00e2nilor Este \u00een M\u00e2na Jidanilor!\">Biciul Prigonirii Rom\u00e2nilor Este \u00een M\u00e2na Jidanilor!<\/a><\/div>\n<\/article>\n<article class=\"post-80464 post type-post status-publish entry includes-feat-image\">\n<div class=\"featured-image alignleft\"><a class=\"featured_post_link\" href=\"https:\/\/www.incorectpolitic.com\/talmudismul-este-esenta-satanismului\/\" title=\"TALMUDISMUL ESTE ESEN\u021aA SATANISMULUI\"><img loading=\"lazy\" decoding=\"async\" width=\"150\" height=\"150\" src=\"https:\/\/www.incorectpolitic.com\/wp-content\/uploads\/2020\/02\/vasile-zarnescu-150x150.png\" class=\"attachment-thumbnail size-thumbnail wp-post-image lazyload\" alt><img loading=\"lazy\" decoding=\"async\" width=\"150\" height=\"150\" src=\"https:\/\/www.incorectpolitic.com\/wp-content\/uploads\/2020\/02\/vasile-zarnescu-150x150.png\" class=\"attachment-thumbnail size-thumbnail wp-post-image\" alt data-eio=\"l\"><\/a><\/div>\n<div class=\"entry-title\"><a class=\"featured_post_link\" href=\"https:\/\/www.incorectpolitic.com\/talmudismul-este-esenta-satanismului\/\" title=\"TALMUDISMUL ESTE ESEN\u021aA SATANISMULUI\">TALMUDISMUL ESTE ESEN\u021aA SATANISMULUI<\/a><\/div>\n<\/article>\n<article class=\"post-20005 post type-post status-publish entry includes-feat-image\">\n<div class=\"featured-image alignleft\"><a class=\"featured_post_link\" href=\"https:\/\/www.incorectpolitic.com\/viciul-matematic-elementar-v-m-e-2\/\" title=\"Viciul Matematic Elementar (V.M.E.)\"><img loading=\"lazy\" decoding=\"async\" width=\"150\" height=\"150\" src=\"https:\/\/www.incorectpolitic.com\/wp-content\/uploads\/2017\/12\/tell-lie-vision-150x150.jpg\" class=\"attachment-thumbnail size-thumbnail wp-post-image lazyload\" alt><img loading=\"lazy\" decoding=\"async\" width=\"150\" height=\"150\" src=\"https:\/\/www.incorectpolitic.com\/wp-content\/uploads\/2017\/12\/tell-lie-vision-150x150.jpg\" class=\"attachment-thumbnail size-thumbnail wp-post-image\" alt data-eio=\"l\"><\/a><\/div>\n<div class=\"entry-title\"><a class=\"featured_post_link\" href=\"https:\/\/www.incorectpolitic.com\/viciul-matematic-elementar-v-m-e-2\/\" title=\"Viciul Matematic Elementar (V.M.E.)\">Viciul Matematic Elementar (V.M.E.)<\/a><\/div>\n<\/article>\n<p>[analyse_source url=&#8221;https:\/\/www.incorectpolitic.com\/drona-ucraineana-din-constanta-sau-cum-am-fost-la-un-pas-de-un-pearl-harbor-de-romania\/&#8221;]<\/p>\n","protected":false},"excerpt":{"rendered":"<p>[analyse_image type=&#8221;featured&#8221; src=&#8221;https:\/\/www.incorectpolitic.com\/wp-content\/uploads\/2026\/06\/drona-ct.jpeg&#8221;] Incorect Politic Iunie 7, 2026 DRONA UCRAINEAN\u0102 DIN CONSTAN\u021aA sau cum am fost la un pas de un Pearl Harbor de Rom\u00e2nia Via Trenduri: Dragii mei, scuza\u021bi-m\u0103 c\u0103 insist, dar de data aceasta s-a \u00eenc\u0103lcat orice limit\u0103. Am pus totul cap la cap \u0219i sunt \u00eendrept\u0103\u021bit s\u0103 cred c\u0103\u00a0puterea impus\u0103 de la [&hellip;]<\/p>\n","protected":false},"author":1,"featured_media":0,"comment_status":"open","ping_status":"","sticky":false,"template":"","format":"standard","meta":{"footnotes":""},"categories":[89],"tags":[226,95],"class_list":["post-1977983","post","type-post","status-publish","format-standard","hentry","category-romania","tag-crawlmanager","tag-incorectpolitic-com"],"_links":{"self":[{"href":"https:\/\/analyse.optim.biz\/index.php?rest_route=\/wp\/v2\/posts\/1977983","targetHints":{"allow":["GET"]}}],"collection":[{"href":"https:\/\/analyse.optim.biz\/index.php?rest_route=\/wp\/v2\/posts"}],"about":[{"href":"https:\/\/analyse.optim.biz\/index.php?rest_route=\/wp\/v2\/types\/post"}],"author":[{"embeddable":true,"href":"https:\/\/analyse.optim.biz\/index.php?rest_route=\/wp\/v2\/users\/1"}],"replies":[{"embeddable":true,"href":"https:\/\/analyse.optim.biz\/index.php?rest_route=%2Fwp%2Fv2%2Fcomments&post=1977983"}],"version-history":[{"count":0,"href":"https:\/\/analyse.optim.biz\/index.php?rest_route=\/wp\/v2\/posts\/1977983\/revisions"}],"wp:attachment":[{"href":"https:\/\/analyse.optim.biz\/index.php?rest_route=%2Fwp%2Fv2%2Fmedia&parent=1977983"}],"wp:term":[{"taxonomy":"category","embeddable":true,"href":"https:\/\/analyse.optim.biz\/index.php?rest_route=%2Fwp%2Fv2%2Fcategories&post=1977983"},{"taxonomy":"post_tag","embeddable":true,"href":"https:\/\/analyse.optim.biz\/index.php?rest_route=%2Fwp%2Fv2%2Ftags&post=1977983"}],"curies":[{"name":"wp","href":"https:\/\/api.w.org\/{rel}","templated":true}]}}