{"id":197792,"date":"2014-09-04T13:13:56","date_gmt":"2014-09-04T10:13:56","guid":{"rendered":"https:\/\/analyse.optim.biz\/?p=197792"},"modified":"2014-09-04T13:13:56","modified_gmt":"2014-09-04T10:13:56","slug":"summit-nato-tara-galilor-presedintele-basescu-a-ajuns-in-marea-britanie-pentru-a-participa-la-summit-ul-nato","status":"publish","type":"post","link":"https:\/\/analyse.optim.biz\/?p=197792","title":{"rendered":"SUMMIT NATO\u00a0\u021aARA GALILOR.\u00a0Pre\u015fedintele B\u0103sescu a ajuns \u00een Marea Britanie pentru a participa la summit-ul NATO"},"content":{"rendered":"<div class=\"entry data-app-meta data-app-meta-article\" data-embed-base-url-canonical=\"https:\/\/www.digi24.ro\/embed\/stiri\/actualitate\/politica\/summit-nato-tara-galilor-presedintele-basescu-a-ajuns-in-marea-britanie-pentru-a-participa-la-summit-ul-nato-289598\">\n<p data-index=\"1\"><img decoding=\"async\" src=\"https:\/\/analyse.optim.biz\/wp-content\/uploads\/2024\/09\/mgy4owi3nguzm2m0m2e3njjmndaxmgjjnzdjnty-thumb_.jpg\" data-skip-htmlfix=\"1\" title=\"mgy4owi3nguzm2m0m2e3njjmndaxmgjjnzdjnty-thumb_\"><\/p>\n<p data-index=\"2\">Din delega\u0163ia oficial\u0103 a pre\u015fedintelui Traian B\u0103sescu fac parte ministrul Ap\u0103r\u0103rii, Micea Du\u015fa, \u015feful Statului Major General, general-locotenent \u015etefan D\u0103nil\u0103, secretarul de stat \u00een MAE Bogdan Aurescu, consilierul preziden\u0163ial Iulian Chifu.<\/p>\n<p data-index=\"3\"><strong>(VIDEO &#8211; Coresponden\u0163\u0103 Sanda Nicola, trimisul special Digi24 la Newport)<\/strong><\/p>\n<p data-index=\"4\">Potrivit programului <strong>SUMMITULUI NATO din\u00a0<span>\u021aARA GALILOR,<\/span><\/strong>\u00a0primirea oficial\u0103 a \u015fefilor de stat \u015fi\/sau de guvern ai \u0163\u0103rilor aliate \u015fi partenere NATO, a \u015fefilor de delega\u0163ii \u015fi a \u015fefilor de organiza\u0163ii interna\u0163ionale de c\u0103tre secretarul general al NATO, Anders Fogh Rasmussen, \u015fi de c\u0103tre premierul David Cameron va avea loc la ora 13.45 (ora Rom\u00e2niei).<\/p>\n<p data-index=\"5\">La ora 15.00 (ora Rom\u00e2niei) are loc ceremonia de deschiderea summit-ului, urmat\u0103 de sesiunea cu tema Afganistan, iar la ora 18.45 (ora Rom\u00e2niei) va avea loc sesiunea lucr\u0103rilor Comisiei NATO &#8211; Ucraina la nivel de \u015fef de stat \u015fi\/sau de guvern.<\/p>\n<\/div>\n<p> Source URL: https:\/\/www.digi24.ro\/stiri\/actualitate\/politica\/summit-nato-tara-galilor-presedintele-basescu-a-ajuns-in-marea-britanie-pentru-a-participa-la-summit-ul-nato-289598<\/p>\n","protected":false},"excerpt":{"rendered":"<p>Din delega\u0163ia oficial\u0103 a pre\u015fedintelui Traian B\u0103sescu fac parte ministrul Ap\u0103r\u0103rii, Micea Du\u015fa, \u015feful Statului Major General, general-locotenent \u015etefan D\u0103nil\u0103, secretarul de stat \u00een MAE Bogdan Aurescu, consilierul preziden\u0163ial Iulian Chifu. (VIDEO &#8211; Coresponden\u0163\u0103 Sanda Nicola, trimisul special Digi24 la Newport) Potrivit programului SUMMITULUI NATO din\u00a0\u021aARA GALILOR,\u00a0primirea oficial\u0103 a \u015fefilor de stat \u015fi\/sau de guvern [&hellip;]<\/p>\n","protected":false},"author":1,"featured_media":197793,"comment_status":"open","ping_status":"","sticky":false,"template":"","format":"standard","meta":{"footnotes":""},"categories":[2],"tags":[11],"class_list":["post-197792","post","type-post","status-publish","format-standard","has-post-thumbnail","hentry","category-politics","tag-digi24"],"_links":{"self":[{"href":"https:\/\/analyse.optim.biz\/index.php?rest_route=\/wp\/v2\/posts\/197792","targetHints":{"allow":["GET"]}}],"collection":[{"href":"https:\/\/analyse.optim.biz\/index.php?rest_route=\/wp\/v2\/posts"}],"about":[{"href":"https:\/\/analyse.optim.biz\/index.php?rest_route=\/wp\/v2\/types\/post"}],"author":[{"embeddable":true,"href":"https:\/\/analyse.optim.biz\/index.php?rest_route=\/wp\/v2\/users\/1"}],"replies":[{"embeddable":true,"href":"https:\/\/analyse.optim.biz\/index.php?rest_route=%2Fwp%2Fv2%2Fcomments&post=197792"}],"version-history":[{"count":0,"href":"https:\/\/analyse.optim.biz\/index.php?rest_route=\/wp\/v2\/posts\/197792\/revisions"}],"wp:featuredmedia":[{"embeddable":true,"href":"https:\/\/analyse.optim.biz\/index.php?rest_route=\/wp\/v2\/media\/197793"}],"wp:attachment":[{"href":"https:\/\/analyse.optim.biz\/index.php?rest_route=%2Fwp%2Fv2%2Fmedia&parent=197792"}],"wp:term":[{"taxonomy":"category","embeddable":true,"href":"https:\/\/analyse.optim.biz\/index.php?rest_route=%2Fwp%2Fv2%2Fcategories&post=197792"},{"taxonomy":"post_tag","embeddable":true,"href":"https:\/\/analyse.optim.biz\/index.php?rest_route=%2Fwp%2Fv2%2Ftags&post=197792"}],"curies":[{"name":"wp","href":"https:\/\/api.w.org\/{rel}","templated":true}]}}