{"id":197772,"date":"2014-08-29T21:46:52","date_gmt":"2014-08-29T18:46:52","guid":{"rendered":"https:\/\/analyse.optim.biz\/?p=197772"},"modified":"2014-08-29T21:46:52","modified_gmt":"2014-08-29T18:46:52","slug":"start-la-transferuri-in-liga-primarilor-opinia-unui-primar-care-se-declara-liber-de-contract","status":"publish","type":"post","link":"https:\/\/analyse.optim.biz\/?p=197772","title":{"rendered":"Start la transferuri \u00een liga primarilor. Opinia unui primar care se declar\u0103 \u201eliber de contract\u201d"},"content":{"rendered":"<div class=\"entry data-app-meta data-app-meta-article\" data-embed-base-url-canonical=\"https:\/\/www.digi24.ro\/embed\/stiri\/actualitate\/politica\/start-la-transferuri-in-liga-primarilor-opinia-unui-primar-care-se-declara-liber-de-contract-287169\">\n<p data-index=\"1\">Confruntat de c\u00e2teva s\u0103pt\u0103m\u00e2ni cu scandaluri \u00een Consiliul Local din cauza schimb\u0103rii majorit\u0103\u0163ii, primarul Capitalei crede c\u0103 a g\u0103sit solu\u0163ia legal\u0103 pentru a se evita astfel de situa\u0163ii.<\/p>\n<p data-index=\"2\">\u201e<span>S\u0103 se ia \u00een calcul ca primarii \u015fi pre\u015fedin\u0163ii de consilii jude\u0163ene, odat\u0103 ale\u015fi, s\u0103 se suspende pe perioada mandatului din forma\u0163iunile politice care i-au propulsat. \u00cen felul acesta se poate asigura echidistan\u021ba\u201d, spune Sorin Oprescu.<\/span><\/p>\n<p data-index=\"3\">Propunerea edilului vine dup\u0103 ce<a href=\"https:\/\/www.digi24.ro\/Stiri\/Digi24\/Actualitate\/Politica\/Traseism+politic+legalizat+de+Guvern+Liviu+Dragnea+Nu+este+absol\" target=\"_blank\" data-skip-linkfix=\"1\" rel=\"noopener\"> Guvernul a adoptat ordonan\u0163a care permite migra\u0163ia ale\u015filor locali<\/a>, f\u0103r\u0103 ca ace\u015ftia s\u0103-\u015fi piard\u0103 mandatul.<\/p>\n<p data-index=\"4\">Fostul patron al echipei de fotbal O\u0163elul Gala\u0163i \u015fi actual primar al municipiului de pe malul Dun\u0103rii se bucur\u0103 c\u0103 Executivul d\u0103 liber la transferuri.<\/p>\n<p data-index=\"5\">\u201eIndependen\u0163a m\u0103 face liber de contract \u015fi a\u015ftept \u015fi eu mercato. Va trebui sa fiu cel mai bucuros. Ar fi trebuit s\u0103-mi cer pentru c\u0103 am avut doi ani de zile \u00een care m-a tr\u0103dat propriul partid. Care e menirea mea, s\u0103 stau aici s\u0103 suf\u0103r, s\u0103 ma chinui \u0219i s\u0103 nu fac nimic, sau s\u0103 m\u0103 orientez?\u201d, spune primarul din Gala\u021bi, Marius Stan.<\/p>\n<p data-index=\"6\">\u00cen comuna timi\u015fean\u0103 S\u0103c\u0103laz, primarul Ilie Toda\u015fc\u0103 e convins c\u0103 ordonan\u0163a va debloca activitatea Consiliului Local.<\/p>\n<p data-index=\"7\">\u201eV\u0103 spun sincer, m\u0103 bucur c\u0103 Guvernul a dat aceast\u0103 ordonan\u0163\u0103 fiindc\u0103 inclusiv la nivelul consiliului S\u0103c\u0103laz nici acum nu s-au reglementat lucrurile. Vom putea debloca pe viitor tot ce ne-am pus \u00een g\u00e2nd \u015fi ceea ce am promis \u00eempreun\u0103 c\u0103 vom face pentru aceast\u0103 comunitate\u201d, spune primarul.<\/p>\n<p data-index=\"8\">Ordonan\u0163a traseismului adoptat\u0103 acum de Guvern contrazice proiectul USL. \u00cen 2012, c\u00e2nd PSD \u015fi PNL erau parteneri, se angajau c\u0103 vor combate migra\u0163ia ale\u015filor de la un partid la altul. \u00cen documentu se scria negru pe alb: \u201eIntroducem (&#8230;) referendum local prin care se poate retrage mandatul parlamentarului traseist\u201d.\u00a0<\/p>\n<\/div>\n<p> Source URL: https:\/\/www.digi24.ro\/stiri\/actualitate\/politica\/start-la-transferuri-in-liga-primarilor-opinia-unui-primar-care-se-declara-liber-de-contract-287169<\/p>\n","protected":false},"excerpt":{"rendered":"<p>Confruntat de c\u00e2teva s\u0103pt\u0103m\u00e2ni cu scandaluri \u00een Consiliul Local din cauza schimb\u0103rii majorit\u0103\u0163ii, primarul Capitalei crede c\u0103 a g\u0103sit solu\u0163ia legal\u0103 pentru a se evita astfel de situa\u0163ii. \u201eS\u0103 se ia \u00een calcul ca primarii \u015fi pre\u015fedin\u0163ii de consilii jude\u0163ene, odat\u0103 ale\u015fi, s\u0103 se suspende pe perioada mandatului din forma\u0163iunile politice care i-au propulsat. \u00cen [&hellip;]<\/p>\n","protected":false},"author":1,"featured_media":197773,"comment_status":"open","ping_status":"","sticky":false,"template":"","format":"standard","meta":{"footnotes":""},"categories":[2],"tags":[11],"class_list":["post-197772","post","type-post","status-publish","format-standard","has-post-thumbnail","hentry","category-politics","tag-digi24"],"_links":{"self":[{"href":"https:\/\/analyse.optim.biz\/index.php?rest_route=\/wp\/v2\/posts\/197772","targetHints":{"allow":["GET"]}}],"collection":[{"href":"https:\/\/analyse.optim.biz\/index.php?rest_route=\/wp\/v2\/posts"}],"about":[{"href":"https:\/\/analyse.optim.biz\/index.php?rest_route=\/wp\/v2\/types\/post"}],"author":[{"embeddable":true,"href":"https:\/\/analyse.optim.biz\/index.php?rest_route=\/wp\/v2\/users\/1"}],"replies":[{"embeddable":true,"href":"https:\/\/analyse.optim.biz\/index.php?rest_route=%2Fwp%2Fv2%2Fcomments&post=197772"}],"version-history":[{"count":0,"href":"https:\/\/analyse.optim.biz\/index.php?rest_route=\/wp\/v2\/posts\/197772\/revisions"}],"wp:featuredmedia":[{"embeddable":true,"href":"https:\/\/analyse.optim.biz\/index.php?rest_route=\/wp\/v2\/media\/197773"}],"wp:attachment":[{"href":"https:\/\/analyse.optim.biz\/index.php?rest_route=%2Fwp%2Fv2%2Fmedia&parent=197772"}],"wp:term":[{"taxonomy":"category","embeddable":true,"href":"https:\/\/analyse.optim.biz\/index.php?rest_route=%2Fwp%2Fv2%2Fcategories&post=197772"},{"taxonomy":"post_tag","embeddable":true,"href":"https:\/\/analyse.optim.biz\/index.php?rest_route=%2Fwp%2Fv2%2Ftags&post=197772"}],"curies":[{"name":"wp","href":"https:\/\/api.w.org\/{rel}","templated":true}]}}