{"id":197660,"date":"2014-09-06T08:09:38","date_gmt":"2014-09-06T05:09:38","guid":{"rendered":"https:\/\/analyse.optim.biz\/?p=197660"},"modified":"2014-09-06T08:09:38","modified_gmt":"2014-09-06T05:09:38","slug":"traian-basescu-despre-o-posibila-suspendare-intru-in-campanie-si-nu-o-sa-le-fie-bine","status":"publish","type":"post","link":"https:\/\/analyse.optim.biz\/?p=197660","title":{"rendered":"Traian B\u0103sescu, despre o posibil\u0103 suspendare: &#8220;Intru \u00een campanie \u015fi nu o s\u0103 le fie bine&#8221;"},"content":{"rendered":"<div class=\"entry data-app-meta data-app-meta-article\" data-embed-base-url-canonical=\"https:\/\/www.digi24.ro\/embed\/stiri\/actualitate\/politica\/traian-basescu-despre-o-posibila-suspendare-intru-in-campanie-si-nu-o-sa-le-fie-bine-290395\">\n<p data-index=\"1\">Potrivit comunicatului, C\u0103lin Popescu T\u0103riceanu cere ca procedura s\u0103 fie demarat\u0103 pe 23 septembrie, iar referendumul de demitere s\u0103 aib\u0103 loc pe 2 noiembrie, \u00een accea\u015fi zi \u00een care se organizeaz\u0103 primul tur de scrutin al alegerilor preziden\u0163iale. Pre\u015fedintele Senatului invoc\u0103 dou\u0103 momente \u00een care pre\u015fedintele ar fi \u00eenc\u0103lcat Constitu\u0163ia.<\/p>\n<p data-index=\"2\">\u201eAv\u00e2nd \u00een vedere atingerea grav\u0103 \u015fi iremediabil\u0103 adus\u0103 prestigiului func\u0163iei preziden\u0163iale prin implicarea fratelui Pre\u015fedintelui Rom\u00e2niei \u00een fapte de corup\u0163ie extrem de grave, precum \u015fi rela\u0163iile acestuia cu persoane care apar\u0163in unor grupuri de crim\u0103 organizat\u0103 foarte periculoase, grupuri care au fost folosite \u00een interes electoral \u015fi de Pre\u015fedintele Rom\u00e2niei (&#8230; ) C\u00e2nd Pre\u015fedintele \u201el-a p\u0103c\u0103lit&#8221; pe premier la semnarea Pactului de coabitare, Traian B\u0103sescu a nesocotit Constitu\u021bia \u00een litera \u015fi spiritul ei\u201d, se arat\u0103 \u00een comunicatul PLR.<\/p>\n<p data-index=\"3\">Pre\u015fedintele Traian B\u0103sescu a fost \u00eentrebat despre un eventual demers de suspendare, la finalul conferin\u0163ei de pres\u0103 de dup\u0103 summitul NATO<\/p>\n<p data-index=\"4\">\u201e<span>Doamn\u0103, intru \u00een campanie \u015fi nu o s\u0103 le fie bine. S\u0103 \u015fti\u0163i c\u0103 \u00een campanie am capacitate uria\u015f\u0103 de revitalizare\u201d, a r\u0103spuns Traian B\u0103sescu.<\/span><\/p>\n<p data-index=\"5\">C\u0103lin Popescu T\u0103riceanu vorbea despre o posibil\u0103 declan\u015fare a procedurii de suspendare \u00eenc\u0103 de acum o lun\u0103. Atunci, decizia era sus\u0163inut\u0103 de premier.<\/p>\n<p data-index=\"6\">\u201e<span>Sunt de acord cu tot ceea ce a spus domnul T\u0103riceanu. Dac\u0103 se va \u00eenc\u0103lca Constitu\u0163ia, putem foarte bine s\u0103, ba chiar cred c\u0103 avem obliga\u0163ia s\u0103 aplic\u0103m prevederile constitu\u0163ionale. Dup\u0103 cum \u015fti\u0163i, Curtea Constitu\u0163ional\u0103 i-a dat voie s\u0103 fac\u0103 campanie electoral\u0103\u201d, spunea premierul.\u00a0<\/span><\/p>\n<p data-index=\"7\">\u201e<span>Suspendarea lui Traian B\u0103sescu se poate lua \u00een calcul oric\u00e2nd, \u00een orice zi, \u00een orice or\u0103, \u00een orice secund\u0103, pentru c\u0103 el \u015fi c\u00e2nd respir\u0103 \u00eencalc\u0103 Constitu\u0163ia. Dar nu \u015ftiu dac\u0103 se pune problema acum, pentru c\u0103 trebuie s\u0103 ai o abordare pragmatic\u0103, p\u00e2n\u0103 la urm\u0103. <\/span><\/p>\n<p data-index=\"8\">\u015ei v\u0103 spun eu care am condus campania referendumului \u00een 2012 \u015fi am primit \u015fi <span lang=\"en-US\">&lt;<\/span><span>un <\/span><span lang=\"en-US\">premiu&gt;<\/span><span> pentru aceast\u0103 activitate. Cu actuala legisla\u0163ie privind referendumul este destul de dificil. Dar s\u0103 vedem ce mai face \u00een <\/span><span lang=\"en-US\">continuare\u201d, <\/span><span>a declarat ast\u0103zi Liviu Dragnea, pre\u015fedintele executiv al PSD.<\/span><\/p>\n<p data-index=\"9\">Opozi\u0163ia \u00een schimb consider\u0103 inten\u0163ia lui C\u0103lin Popescu Tariceanu drept un joc politic, f\u0103r\u0103 temei.<\/p>\n<p data-index=\"10\">\u201eNu, nici pe departe \u015fi e o tem\u0103 fals\u0103. Domnul T\u0103riceanu vrea s\u0103 se valideze, probabil. Vrea s\u0103 \u00eei propun\u0103 lui Ponta s\u0103 \u00eel pun\u0103 prim-ministru. Jocuri de genul acesta nu ne intereseaz\u0103, e o tem\u0103 fals\u0103\u201d, a afirmat Vasile Blaga.<\/p>\n<p data-index=\"11\">Traian B\u0103sescu a mai fost p\u00e2n\u0103 acum subiectul a dou\u0103 suspend\u0103ri, \u00een 2007 \u015fi 2012. Niciuna din tentativele de demitere nu a avut succes. <\/p>\n<\/div>\n<p> Source URL: https:\/\/www.digi24.ro\/stiri\/actualitate\/politica\/traian-basescu-despre-o-posibila-suspendare-intru-in-campanie-si-nu-o-sa-le-fie-bine-290395<\/p>\n","protected":false},"excerpt":{"rendered":"<p>Potrivit comunicatului, C\u0103lin Popescu T\u0103riceanu cere ca procedura s\u0103 fie demarat\u0103 pe 23 septembrie, iar referendumul de demitere s\u0103 aib\u0103 loc pe 2 noiembrie, \u00een accea\u015fi zi \u00een care se organizeaz\u0103 primul tur de scrutin al alegerilor preziden\u0163iale. Pre\u015fedintele Senatului invoc\u0103 dou\u0103 momente \u00een care pre\u015fedintele ar fi \u00eenc\u0103lcat Constitu\u0163ia. \u201eAv\u00e2nd \u00een vedere atingerea grav\u0103 [&hellip;]<\/p>\n","protected":false},"author":1,"featured_media":197661,"comment_status":"open","ping_status":"","sticky":false,"template":"","format":"standard","meta":{"footnotes":""},"categories":[2],"tags":[11],"class_list":["post-197660","post","type-post","status-publish","format-standard","has-post-thumbnail","hentry","category-politics","tag-digi24"],"_links":{"self":[{"href":"https:\/\/analyse.optim.biz\/index.php?rest_route=\/wp\/v2\/posts\/197660","targetHints":{"allow":["GET"]}}],"collection":[{"href":"https:\/\/analyse.optim.biz\/index.php?rest_route=\/wp\/v2\/posts"}],"about":[{"href":"https:\/\/analyse.optim.biz\/index.php?rest_route=\/wp\/v2\/types\/post"}],"author":[{"embeddable":true,"href":"https:\/\/analyse.optim.biz\/index.php?rest_route=\/wp\/v2\/users\/1"}],"replies":[{"embeddable":true,"href":"https:\/\/analyse.optim.biz\/index.php?rest_route=%2Fwp%2Fv2%2Fcomments&post=197660"}],"version-history":[{"count":0,"href":"https:\/\/analyse.optim.biz\/index.php?rest_route=\/wp\/v2\/posts\/197660\/revisions"}],"wp:featuredmedia":[{"embeddable":true,"href":"https:\/\/analyse.optim.biz\/index.php?rest_route=\/wp\/v2\/media\/197661"}],"wp:attachment":[{"href":"https:\/\/analyse.optim.biz\/index.php?rest_route=%2Fwp%2Fv2%2Fmedia&parent=197660"}],"wp:term":[{"taxonomy":"category","embeddable":true,"href":"https:\/\/analyse.optim.biz\/index.php?rest_route=%2Fwp%2Fv2%2Fcategories&post=197660"},{"taxonomy":"post_tag","embeddable":true,"href":"https:\/\/analyse.optim.biz\/index.php?rest_route=%2Fwp%2Fv2%2Ftags&post=197660"}],"curies":[{"name":"wp","href":"https:\/\/api.w.org\/{rel}","templated":true}]}}