{"id":197649,"date":"2014-09-06T13:31:08","date_gmt":"2014-09-06T10:31:08","guid":{"rendered":"https:\/\/analyse.optim.biz\/?p=197649"},"modified":"2014-09-06T13:31:08","modified_gmt":"2014-09-06T10:31:08","slug":"presedintele-traian-basescu-amenintat-cu-a-treia-suspendare","status":"publish","type":"post","link":"https:\/\/analyse.optim.biz\/?p=197649","title":{"rendered":"Pre\u015fedintele Traian B\u0103sescu, amenin\u0163at cu a treia suspendare"},"content":{"rendered":"<div class=\"entry data-app-meta data-app-meta-article\" data-embed-base-url-canonical=\"https:\/\/www.digi24.ro\/embed\/stiri\/actualitate\/politica\/presedintele-traian-basescu-amenintat-cu-a-treia-suspendare-290452\">\n<p data-index=\"1\">Prima suspendare din func\u0163ie a pre\u015fedintelui<strong> Traian B\u0103sescu,<\/strong> \u00een aprilie 2007, a venit pe fondul conflictului deschis dintre \u015feful statului \u015fi prim-ministrul de la acea vreme, C\u0103lin Popescu T\u0103riceanu. Ac\u0163iunea de a fost ini\u0163iat\u0103 de PSD pe 18 ianuarie 2007, iar \u00een Parlament a fost \u00eenfiin\u0163at\u0103 o comisie de anchet\u0103, condus\u0103 de Dan Voiculescu.<\/p>\n<p data-index=\"2\">Dup\u0103 trei luni, <strong>pe 19 aprilie 2007, suspendarea pre\u015fedintelui era votat\u0103, cu 322 de voturi &#8220;pentru&#8221;<\/strong>. Traian B\u0103sescu a renun\u0163at s\u0103 mai demisioneze &#8220;\u00een cinci minute&#8221;, a\u015fa cum declarase c\u0103 va face \u00een cazul \u00een care va fi suspendat.<\/p>\n<p data-index=\"3\">\u201eAm luat decizia c\u0103 cea mai bun\u0103 solu\u0163ie pentru Rom\u00e2nia, \u00een momentul de fa\u0163\u0103, solu\u0163ie care s\u0103 pun\u0103 cap\u0103t cel mai rapid crizei politice, e participarea mea la referendum\u201d, spunea \u015feful statului<\/p>\n<p data-index=\"4\">Func\u0163ia de pre\u015fedinte interimar al Rom\u00e2niei a fost preluat\u0103 de \u015feful Senatului de la acea vreme,<\/p>\n<p data-index=\"5\">\u201e322 de parlamentari, \u015fi nu Parlamentul Rom\u00e2niei, trebuie s\u0103 primeasc\u0103 la referendum un singur r\u0103spuns: Nu, acela care arat\u0103 c\u0103 pre\u015fedintele nu a gre\u015fit cer\u00e2nd modernizarea acestei \u0163\u0103ri \u00een favoarea poporului rom\u00e2n\u201d, sus\u0163inea pre\u015fedintele.<\/p>\n<p data-index=\"6\"><strong>Aproape 75% dintre cei care au votat la referendum s-au pronun\u0163at \u00eempotriva demiterii lui Traian B\u0103sescu<\/strong>. Oricum, scrutinul nu a fost validat de Curtea Constitu\u0163ional\u0103, \u00eentruc\u00e2t nu s-au prezentat la urne 50% plus unu din num\u0103rul total al aleg\u0103torilor.<\/p>\n<p data-index=\"7\"><strong>A doua suspendare din func\u0163ie a lui Traian B\u0103sescu a fost precedat\u0103 de trei zile \u00een care PSD \u015fi PNL, care formau Uniunea Social-Liberal\u0103, \u015fi-au impus voin\u0163a \u00een Parlament. Deciziile luate atunci provoac\u0103 \u015fi ast\u0103zi controverse.<\/strong><\/p>\n<p data-index=\"8\">PNL \u015fi PSD au for\u0163at mai \u00eent\u00e2i schimbarea pre\u015fedin\u0163ilor democrat-liberali ai Senatului \u015fi Camerei Deputa\u0163ilor, iar Roberta Anastase \u015fi Vasile Blaga au fost \u00eenlocui\u0163i de Valeriu Zgonea \u015fi Crin Antonescu.<\/p>\n<p data-index=\"9\">A fost schimbat din func\u0163ie \u015fi Avocatul Poporului, singurul care poate ataca la Curtea Constitu\u0163ional\u0103 Ordonan\u0163ele de Urgen\u0163\u0103 ale Guvernului.<\/p>\n<p data-index=\"10\">Apoi, Guvernul condus de Victor Ponta a emis dou\u0103 Ordonan\u0163e de Urgen\u0163\u0103 prin care elimina controlul Cur\u0163ii Constitu\u0163ionale asupra hot\u0103r\u00e2rilor Parlamentului.<\/p>\n<p data-index=\"11\">\u00cen plus, a fost modificat\u0103 legea referendumului \u015fi s-a stabilit c\u0103 pre\u015fedintele poate fi demis cu votul majorit\u0103\u0163ii celor prezen\u0163i la vot, nu cu majoritatea celor \u00eenscri\u015fi pe liste.<\/p>\n<p data-index=\"12\"><strong>Pe 6 iulie 2012, Parlamentul a votat, cu 256 de voturi pentru, cererea USL de suspendare<\/strong> din func\u0163ie a pre\u015fedintelui.<\/p>\n<p data-index=\"13\">\u201eEste mai important pentru dumneavoastr\u0103 s\u0103 pune\u0163i m\u00e2na pe toate p\u00e2rghiile puterii, inclusiv pe justi\u0163ie pentru a v\u0103 ap\u0103ra eventual penalii, vine r\u00e2ndul domnului Voiculescu dac\u0103 am \u00een\u0163eles bine din pres\u0103\u201d, spunea Traian B\u0103sescu, \u00een discursul sus\u0163inut la Parlament.<\/p>\n<p data-index=\"14\">Liderii USL au fost at\u00e2t de siguri pe succesul opera\u0163iunii de suspendare, \u00eenc\u00e2t au f\u0103cut \u015fi angajamente ce au r\u0103mas neonorate.<\/p>\n<p data-index=\"15\">\u201eDac\u0103 nu ve\u0163i fi demis la referendum, eu, Crin Antonescu, m\u0103 retrag definitiv din via\u0163a politic\u0103\u201d, promitea Crin Antonescu.<\/p>\n<p data-index=\"16\">\u201eV\u0103 las aici o foaie pe care s\u0103 v\u0103 scrie\u0163i de pe acum ce a\u0163i promis &#8211; demisia, dac\u0103 eu voi c\u00e2\u015ftiga referendumul\u201d, a replicat Traian B\u0103sescu.<\/p>\n<p data-index=\"17\"><strong>Referendumul din 29 iulie 2012 nu a fost validat<\/strong> de Curtea Constitu\u0163ional\u0103, dup\u0103 un imens scandal privind num\u0103rul de rom\u00e2ni prezen\u0163i pe listele electorale permanente. Aproape 80% dintre cei care au mers la urne au fost de acord cu demiterea lui Traian B\u0103sescu, dar \u00een cele din urm\u0103 num\u0103rul votan\u0163ilor a fost mai mic de 50% din totalul celor cu drept de vot.<\/p>\n<\/div>\n<p> Source URL: https:\/\/www.digi24.ro\/stiri\/actualitate\/politica\/presedintele-traian-basescu-amenintat-cu-a-treia-suspendare-290452<\/p>\n","protected":false},"excerpt":{"rendered":"<p>Prima suspendare din func\u0163ie a pre\u015fedintelui Traian B\u0103sescu, \u00een aprilie 2007, a venit pe fondul conflictului deschis dintre \u015feful statului \u015fi prim-ministrul de la acea vreme, C\u0103lin Popescu T\u0103riceanu. Ac\u0163iunea de a fost ini\u0163iat\u0103 de PSD pe 18 ianuarie 2007, iar \u00een Parlament a fost \u00eenfiin\u0163at\u0103 o comisie de anchet\u0103, condus\u0103 de Dan Voiculescu. Dup\u0103 [&hellip;]<\/p>\n","protected":false},"author":1,"featured_media":197650,"comment_status":"open","ping_status":"","sticky":false,"template":"","format":"standard","meta":{"footnotes":""},"categories":[2],"tags":[11],"class_list":["post-197649","post","type-post","status-publish","format-standard","has-post-thumbnail","hentry","category-politics","tag-digi24"],"_links":{"self":[{"href":"https:\/\/analyse.optim.biz\/index.php?rest_route=\/wp\/v2\/posts\/197649","targetHints":{"allow":["GET"]}}],"collection":[{"href":"https:\/\/analyse.optim.biz\/index.php?rest_route=\/wp\/v2\/posts"}],"about":[{"href":"https:\/\/analyse.optim.biz\/index.php?rest_route=\/wp\/v2\/types\/post"}],"author":[{"embeddable":true,"href":"https:\/\/analyse.optim.biz\/index.php?rest_route=\/wp\/v2\/users\/1"}],"replies":[{"embeddable":true,"href":"https:\/\/analyse.optim.biz\/index.php?rest_route=%2Fwp%2Fv2%2Fcomments&post=197649"}],"version-history":[{"count":0,"href":"https:\/\/analyse.optim.biz\/index.php?rest_route=\/wp\/v2\/posts\/197649\/revisions"}],"wp:featuredmedia":[{"embeddable":true,"href":"https:\/\/analyse.optim.biz\/index.php?rest_route=\/wp\/v2\/media\/197650"}],"wp:attachment":[{"href":"https:\/\/analyse.optim.biz\/index.php?rest_route=%2Fwp%2Fv2%2Fmedia&parent=197649"}],"wp:term":[{"taxonomy":"category","embeddable":true,"href":"https:\/\/analyse.optim.biz\/index.php?rest_route=%2Fwp%2Fv2%2Fcategories&post=197649"},{"taxonomy":"post_tag","embeddable":true,"href":"https:\/\/analyse.optim.biz\/index.php?rest_route=%2Fwp%2Fv2%2Ftags&post=197649"}],"curies":[{"name":"wp","href":"https:\/\/api.w.org\/{rel}","templated":true}]}}