{"id":197636,"date":"2014-09-06T14:26:03","date_gmt":"2014-09-06T11:26:03","guid":{"rendered":"https:\/\/analyse.optim.biz\/?p=197636"},"modified":"2014-09-06T14:26:03","modified_gmt":"2014-09-06T11:26:03","slug":"in-campanie-elena-udrea-a-vizitat-o-fabrica-de-posete-victor-ponta-il-invidiaza-pe-radu-mazare-pentru-decapotabile","status":"publish","type":"post","link":"https:\/\/analyse.optim.biz\/?p=197636","title":{"rendered":"\u00cen campanie. Elena Udrea a vizitat o fabric\u0103 de po\u015fete, Victor Ponta \u00eel invidiaz\u0103 pe Radu Maz\u0103re pentru decapotabile"},"content":{"rendered":"<div class=\"entry data-app-meta data-app-meta-article\" data-embed-base-url-canonical=\"https:\/\/www.digi24.ro\/embed\/stiri\/actualitate\/politica\/in-campanie-elena-udrea-a-vizitat-o-fabrica-de-posete-victor-ponta-il-invidiaza-pe-radu-mazare-pentru-decapotabile-290460\">\n<p data-index=\"1\">Candidatul PMP, Elena Udrea, a pozat ca un fotomodel pentru prezentarea unor gen\u0163i, \u00een vizita la o fabric\u0103 de \u00eenc\u0103l\u0163\u0103minte \u015fi po\u015fete din Bra\u015fov.<\/p>\n<p data-index=\"2\">\u201eSunte\u0163i <span lang=\"en-US\">&lt;<\/span>modela<span lang=\"en-US\">&gt;<\/span> noastr\u0103 num\u0103rul unu!\u201d, i s-a adresat o femeie.<\/p>\n<p data-index=\"3\"><img decoding=\"async\" src=\"https:\/\/analyse.optim.biz\/wp-content\/uploads\/2024\/09\/ad0xngq3nwewmjdlndllmgi2zdy2ztllmweznzc3y2y2oq-thumb_.jpg\" data-skip-htmlfix=\"1\" title=\"ad0xngq3nwewmjdlndllmgi2zdy2ztllmweznzc3y2y2oq-thumb_\"><\/p>\n<p data-index=\"4\"><strong>(FOTO &#8211; Elena Udrea Facebook)<\/strong><\/p>\n<p data-index=\"5\">Elena Udrea \u015ftie ce po\u015fet\u0103 i s-ar potrivi dac\u0103 ar ajunge pre\u015fedintele Rom\u00e2niei. Ea \u015fi-a \u00eendreptat aten\u0163ia spre una despre care i s-a spus c\u0103 are pre\u0163ul de 200 de eruo. \u201e200 de euro e rezonabil\u201d, a comentat candidata la pre\u015fedin\u0163ie.<\/p>\n<p data-index=\"6\">Celor care i-au admirat silueta, preziden\u0163aibilul PMP le-a \u00eemp\u0103rt\u0103\u015fit secretul curei sale de sl\u0103bire: doar carne \u015fi legume f\u0103r\u0103 carbohidra\u0163i.<\/p>\n<p data-index=\"7\">\u015ei Victor Ponta \u00ee\u015fi folose\u015fte timpul liber pentru a-\u015fi motiva sus\u0163in\u0103torii. Premierul le-a cerut, pe un ton serios, tinerilor social-democra\u0163i, aduna\u0163i la \u015fcoala de var\u0103 de la Constan\u0163a, s\u0103 \u00eel sus\u0163in\u0103. A recunoscut \u00een fa\u0163a acestora c\u0103 are \u015fi un regret.<\/p>\n<p data-index=\"8\"><img decoding=\"async\" src=\"https:\/\/analyse.optim.biz\/wp-content\/uploads\/2024\/09\/ad02mgu5zja4yjizyti4m2q1zmnjmty3mdm2mju3otexza-thumb_.jpg\" data-skip-htmlfix=\"1\" title=\"ad02mgu5zja4yjizyti4m2q1zmnjmty3mdm2mju3otexza-thumb_\"><\/p>\n<p data-index=\"9\"><strong>(FOTO Victor Ponta Facebook)<\/strong><\/p>\n<p data-index=\"10\">\u201eAm fost al\u0103turi de Radu \u00een Constan\u0163a pentru c\u0103 el a\u015fa cum e, \u00eel invidiez deseori pentru decapotabile, cluburi. L-am \u00eentrebat dac\u0103 el m-a invidiat \u015fi mi-a spus c\u0103 <span lang=\"en-US\">&lt;<\/span>nu, <span lang=\"en-US\">nu a<\/span><span>\u015f vrea s\u0103 fiu \u00een locul t\u0103u<\/span><span lang=\"en-US\">&gt;\u201d.<\/span><\/p>\n<p data-index=\"11\">Deja candida\u0163ii pentru preziden\u0163iale au str\u0103b\u0103tut mii de kilometri pentru a se promova, cu toate c\u0103, oficial, campania pentru alegerile preziden\u0163iale \u00eencepe abia pe 3 octombrie.<\/p>\n<\/div>\n<p> Source URL: https:\/\/www.digi24.ro\/stiri\/actualitate\/politica\/in-campanie-elena-udrea-a-vizitat-o-fabrica-de-posete-victor-ponta-il-invidiaza-pe-radu-mazare-pentru-decapotabile-290460<\/p>\n","protected":false},"excerpt":{"rendered":"<p>Candidatul PMP, Elena Udrea, a pozat ca un fotomodel pentru prezentarea unor gen\u0163i, \u00een vizita la o fabric\u0103 de \u00eenc\u0103l\u0163\u0103minte \u015fi po\u015fete din Bra\u015fov. \u201eSunte\u0163i &lt;modela&gt; noastr\u0103 num\u0103rul unu!\u201d, i s-a adresat o femeie. (FOTO &#8211; Elena Udrea Facebook) Elena Udrea \u015ftie ce po\u015fet\u0103 i s-ar potrivi dac\u0103 ar ajunge pre\u015fedintele Rom\u00e2niei. Ea \u015fi-a \u00eendreptat [&hellip;]<\/p>\n","protected":false},"author":1,"featured_media":197637,"comment_status":"open","ping_status":"","sticky":false,"template":"","format":"standard","meta":{"footnotes":""},"categories":[2],"tags":[11],"class_list":["post-197636","post","type-post","status-publish","format-standard","has-post-thumbnail","hentry","category-politics","tag-digi24"],"_links":{"self":[{"href":"https:\/\/analyse.optim.biz\/index.php?rest_route=\/wp\/v2\/posts\/197636","targetHints":{"allow":["GET"]}}],"collection":[{"href":"https:\/\/analyse.optim.biz\/index.php?rest_route=\/wp\/v2\/posts"}],"about":[{"href":"https:\/\/analyse.optim.biz\/index.php?rest_route=\/wp\/v2\/types\/post"}],"author":[{"embeddable":true,"href":"https:\/\/analyse.optim.biz\/index.php?rest_route=\/wp\/v2\/users\/1"}],"replies":[{"embeddable":true,"href":"https:\/\/analyse.optim.biz\/index.php?rest_route=%2Fwp%2Fv2%2Fcomments&post=197636"}],"version-history":[{"count":0,"href":"https:\/\/analyse.optim.biz\/index.php?rest_route=\/wp\/v2\/posts\/197636\/revisions"}],"wp:featuredmedia":[{"embeddable":true,"href":"https:\/\/analyse.optim.biz\/index.php?rest_route=\/wp\/v2\/media\/197637"}],"wp:attachment":[{"href":"https:\/\/analyse.optim.biz\/index.php?rest_route=%2Fwp%2Fv2%2Fmedia&parent=197636"}],"wp:term":[{"taxonomy":"category","embeddable":true,"href":"https:\/\/analyse.optim.biz\/index.php?rest_route=%2Fwp%2Fv2%2Fcategories&post=197636"},{"taxonomy":"post_tag","embeddable":true,"href":"https:\/\/analyse.optim.biz\/index.php?rest_route=%2Fwp%2Fv2%2Ftags&post=197636"}],"curies":[{"name":"wp","href":"https:\/\/api.w.org\/{rel}","templated":true}]}}