{"id":197608,"date":"2014-09-06T18:52:06","date_gmt":"2014-09-06T15:52:06","guid":{"rendered":"https:\/\/analyse.optim.biz\/?p=197608"},"modified":"2014-09-06T18:52:06","modified_gmt":"2014-09-06T15:52:06","slug":"reactiile-liderilor-politici-privind-o-a-treia-suspendare-a-presedintelui-traian-basescu","status":"publish","type":"post","link":"https:\/\/analyse.optim.biz\/?p=197608","title":{"rendered":"Reac\u021biile liderilor politici privind o a treia suspendare a pre\u0219edintelui Traian B\u0103sescu"},"content":{"rendered":"<div class=\"entry data-app-meta data-app-meta-article\" data-embed-base-url-canonical=\"https:\/\/www.digi24.ro\/embed\/stiri\/actualitate\/politica\/reactiile-liderilor-politici-privind-o-a-treia-suspendare-a-presedintelui-traian-basescu-290504\">\n<p data-index=\"1\">Suspendarea pre\u015fedintelui nu mai este o miz\u0103, consider\u0103 pre\u015fedintele executiv al PSD.<\/p>\n<p data-index=\"2\">\u201eEu sunt mai interesat de sf\u00e2r\u0219itul mandatului lui Traian B\u0103sescu, dar sf\u00e2r\u0219itul real al mandatului. Pentru mine, prioritatea este plecarea definitiv\u0103 a lui B\u0103sescu \u0219i alegerea lui Ponta ca pre\u0219edinte\u201d, a declarat Liviu Dragnea.<\/p>\n<p data-index=\"3\">Opozi\u0163ia consider\u0103 c\u0103 relansarea temei suspend\u0103rii \u015fefului statului este doar un articiu electoral.<\/p>\n<p data-index=\"4\">\u201e<span>E o tem\u0103 fals\u0103. Domnul T\u0103riceanu vrea s\u0103 se valideze, probabil. Vrea s\u0103 \u00eei propun\u0103 lui Ponta s\u0103 \u00eel pun\u0103 prim-ministru\u201d, a declarat Vasile Blaga.<\/span><\/p>\n<p data-index=\"5\">\u201eE iresponsabil, e un om care nu ia \u00een serios situa\u021bia \u00een care se afl\u0103 \u021bara \u00een plan intern, dar \u0219i extern\u201d, a declarat Elena Udrea.<\/p>\n<h5><span><a href=\"https:\/\/www.digi24.ro\/Stiri\/Digi24\/Actualitate\/Politica\/Klaus+Iohannis+despre+demersul+lui+Tariceanu+O+noua+fumigena\" data-skip-linkfix=\"1\">Klaus Iohannis, despre demersul lui T\u0103riceanu: O nou\u0103 fumigen\u0103<\/a><\/span><\/h5>\n<p data-index=\"6\">C\u0103lin Popescu T\u0103riceanu vrea ca procedura suspend\u0103rii pre\u015fedintelui Traian B\u0103sescu s\u0103 fie demarat\u0103 pe 23 septembrie, iar referendumul de demitere s\u0103 aib\u0103 loc pe 2 noiembrie, \u00een aceea\u015fi zi \u00een care se organizeaz\u0103 primul tur de scrutin al alegerilor preziden\u0163iale.<\/p>\n<p data-index=\"7\">Motivul cererii de suspendare: \u201eAv\u00e2nd \u00een vedere atingerea grav\u0103 \u015fi iremediabil\u0103 adus\u0103 prestigiului func\u0163iei preziden\u0163iale prin implicarea fratelui Pre\u015fedintelui Rom\u00e2niei \u00een fapte de corup\u0163ie extrem de grave, precum \u015fi rela\u0163iile acestuia cu persoane care apar\u0163in unor grupuri de crim\u0103 organizat\u0103 foarte periculoase, grupuri care au fost folosite \u00een interes electoral \u015fi de Pre\u015fedintele Rom\u00e2niei (&#8230; ) C\u00e2nd Pre\u015fedintele \u201el-a p\u0103c\u0103lit\u201d pe premier la semnarea Pactului de coabitare, Traian B\u0103sescu a nesocotit Constitu\u021bia \u00een litera \u015fi spiritul ei\u201d.<\/p>\n<p data-index=\"8\">Traian B\u0103sescu a avut <a href=\"https:\/\/www.digi24.ro\/Stiri\/Digi24\/Actualitate\/Politica\/BASESCU+SUSPENDARE\" data-skip-linkfix=\"1\">un mesaj pentru adversarii s\u0103i politici<\/a>.<\/p>\n<p data-index=\"9\">\u201e<span>Intru \u00een campanie \u015fi nu o s\u0103 le fie bine. S\u0103 \u015fti\u0163i c\u0103 \u00een campanie am capacitate uria\u015f\u0103 de revitalizare\u201d, a declarat \u0219eful statului.<\/span><\/p>\n<p data-index=\"10\">C\u0103lin Popescu T\u0103riceanu a mai vorbit despre o posibil\u0103 declan\u015fare a procedurii de suspendare \u00een urm\u0103 cu o lun\u0103. Atunci, decizia era sus\u0163inut\u0103 de premier.<\/p>\n<\/div>\n<p> Source URL: https:\/\/www.digi24.ro\/stiri\/actualitate\/politica\/reactiile-liderilor-politici-privind-o-a-treia-suspendare-a-presedintelui-traian-basescu-290504<\/p>\n","protected":false},"excerpt":{"rendered":"<p>Suspendarea pre\u015fedintelui nu mai este o miz\u0103, consider\u0103 pre\u015fedintele executiv al PSD. \u201eEu sunt mai interesat de sf\u00e2r\u0219itul mandatului lui Traian B\u0103sescu, dar sf\u00e2r\u0219itul real al mandatului. Pentru mine, prioritatea este plecarea definitiv\u0103 a lui B\u0103sescu \u0219i alegerea lui Ponta ca pre\u0219edinte\u201d, a declarat Liviu Dragnea. Opozi\u0163ia consider\u0103 c\u0103 relansarea temei suspend\u0103rii \u015fefului statului este [&hellip;]<\/p>\n","protected":false},"author":1,"featured_media":197609,"comment_status":"open","ping_status":"","sticky":false,"template":"","format":"standard","meta":{"footnotes":""},"categories":[2],"tags":[11],"class_list":["post-197608","post","type-post","status-publish","format-standard","has-post-thumbnail","hentry","category-politics","tag-digi24"],"_links":{"self":[{"href":"https:\/\/analyse.optim.biz\/index.php?rest_route=\/wp\/v2\/posts\/197608","targetHints":{"allow":["GET"]}}],"collection":[{"href":"https:\/\/analyse.optim.biz\/index.php?rest_route=\/wp\/v2\/posts"}],"about":[{"href":"https:\/\/analyse.optim.biz\/index.php?rest_route=\/wp\/v2\/types\/post"}],"author":[{"embeddable":true,"href":"https:\/\/analyse.optim.biz\/index.php?rest_route=\/wp\/v2\/users\/1"}],"replies":[{"embeddable":true,"href":"https:\/\/analyse.optim.biz\/index.php?rest_route=%2Fwp%2Fv2%2Fcomments&post=197608"}],"version-history":[{"count":0,"href":"https:\/\/analyse.optim.biz\/index.php?rest_route=\/wp\/v2\/posts\/197608\/revisions"}],"wp:featuredmedia":[{"embeddable":true,"href":"https:\/\/analyse.optim.biz\/index.php?rest_route=\/wp\/v2\/media\/197609"}],"wp:attachment":[{"href":"https:\/\/analyse.optim.biz\/index.php?rest_route=%2Fwp%2Fv2%2Fmedia&parent=197608"}],"wp:term":[{"taxonomy":"category","embeddable":true,"href":"https:\/\/analyse.optim.biz\/index.php?rest_route=%2Fwp%2Fv2%2Fcategories&post=197608"},{"taxonomy":"post_tag","embeddable":true,"href":"https:\/\/analyse.optim.biz\/index.php?rest_route=%2Fwp%2Fv2%2Ftags&post=197608"}],"curies":[{"name":"wp","href":"https:\/\/api.w.org\/{rel}","templated":true}]}}