{"id":197569,"date":"2014-09-07T09:24:53","date_gmt":"2014-09-07T06:24:53","guid":{"rendered":"https:\/\/analyse.optim.biz\/?p=197569"},"modified":"2014-09-07T09:24:53","modified_gmt":"2014-09-07T06:24:53","slug":"traian-basescu-la-sannicolau-mare-puteti-incerca-sa-va-anuntati-candidatura-ca-si-asa-nu-sunt-candidaturi-potrivite","status":"publish","type":"post","link":"https:\/\/analyse.optim.biz\/?p=197569","title":{"rendered":"Traian B\u0103sescu, la S\u00e2nnicolau Mare: &#8220;Pute\u0163i \u00eencerca s\u0103 v\u0103 anun\u0163a\u0163i candidatura, c\u0103 \u015fi a\u015fa nu sunt candidaturi potrivite&#8221;"},"content":{"rendered":"<div class=\"entry data-app-meta data-app-meta-article\" data-embed-base-url-canonical=\"https:\/\/www.digi24.ro\/embed\/stiri\/actualitate\/politica\/traian-basescu-la-sannicolau-mare-puteti-incerca-sa-va-anuntati-candidatura-ca-si-asa-nu-sunt-candidaturi-potrivite-290582\">\n<p data-index=\"1\">Traian B\u0103sescu le-a spus celor care au venit s\u0103-l salute c\u0103 nu va uita ora\u015ful \u00een care \u015fi-a lansat candidatura pentru al doilea mandat.<\/p>\n<p data-index=\"2\">\u201e<span>V\u0103 rog s\u0103 m\u0103 crede\u0163i \u015fi v\u0103 invit s\u0103 testa\u0163i acest sentiment, ora\u015ful, localitatea \u00een care \u00ee\u0163i anun\u0163i candidatura nu o po\u0163i uita, pute\u0163i \u00eencerca s\u0103 v\u0103 anun\u0163a\u0163i candidatura c\u0103 \u015fi a\u015fa nu sunt candidaturi potrivitite \u015fi ve\u0163i vedea c\u0103 nu ve\u0163i uita momentul\u201d, s-a adresat pre\u015fedintele localnicilor.<\/span><\/p>\n<p data-index=\"3\">Pre\u015fedintele a participat la un dineu oferit de primar la Castelul &#8220;Nako&#8221;. Dup\u0103 recep\u021bie, a mers la Teatrul de var\u0103 din ora\u0219, unde peste o mie de persoane participau la festivitatea de premiere a cuplurilor care serbau nunta de aur.<\/p>\n<p data-index=\"4\">\u201eDomnule primar, \u00een\u0163eleg c\u0103 aici sunt cupluri c\u0103s\u0103torite de 50 de ani, eu am doar 39 de ani. Ca s\u0103 facem fa\u0163\u0103 o rog \u015fi pe so\u0163ia mea &#8211; pentru c\u0103 \u015fi ea are tot 39 de ani de c\u0103s\u0103torie &#8211; s\u0103 vin\u0103 pe scen\u0103\u201d, a glumit Traian B\u0103sescu.<\/p>\n<\/div>\n<p> Source URL: https:\/\/www.digi24.ro\/stiri\/actualitate\/politica\/traian-basescu-la-sannicolau-mare-puteti-incerca-sa-va-anuntati-candidatura-ca-si-asa-nu-sunt-candidaturi-potrivite-290582<\/p>\n","protected":false},"excerpt":{"rendered":"<p>Traian B\u0103sescu le-a spus celor care au venit s\u0103-l salute c\u0103 nu va uita ora\u015ful \u00een care \u015fi-a lansat candidatura pentru al doilea mandat. \u201eV\u0103 rog s\u0103 m\u0103 crede\u0163i \u015fi v\u0103 invit s\u0103 testa\u0163i acest sentiment, ora\u015ful, localitatea \u00een care \u00ee\u0163i anun\u0163i candidatura nu o po\u0163i uita, pute\u0163i \u00eencerca s\u0103 v\u0103 anun\u0163a\u0163i candidatura c\u0103 \u015fi [&hellip;]<\/p>\n","protected":false},"author":1,"featured_media":197570,"comment_status":"open","ping_status":"","sticky":false,"template":"","format":"standard","meta":{"footnotes":""},"categories":[2],"tags":[11],"class_list":["post-197569","post","type-post","status-publish","format-standard","has-post-thumbnail","hentry","category-politics","tag-digi24"],"_links":{"self":[{"href":"https:\/\/analyse.optim.biz\/index.php?rest_route=\/wp\/v2\/posts\/197569","targetHints":{"allow":["GET"]}}],"collection":[{"href":"https:\/\/analyse.optim.biz\/index.php?rest_route=\/wp\/v2\/posts"}],"about":[{"href":"https:\/\/analyse.optim.biz\/index.php?rest_route=\/wp\/v2\/types\/post"}],"author":[{"embeddable":true,"href":"https:\/\/analyse.optim.biz\/index.php?rest_route=\/wp\/v2\/users\/1"}],"replies":[{"embeddable":true,"href":"https:\/\/analyse.optim.biz\/index.php?rest_route=%2Fwp%2Fv2%2Fcomments&post=197569"}],"version-history":[{"count":0,"href":"https:\/\/analyse.optim.biz\/index.php?rest_route=\/wp\/v2\/posts\/197569\/revisions"}],"wp:featuredmedia":[{"embeddable":true,"href":"https:\/\/analyse.optim.biz\/index.php?rest_route=\/wp\/v2\/media\/197570"}],"wp:attachment":[{"href":"https:\/\/analyse.optim.biz\/index.php?rest_route=%2Fwp%2Fv2%2Fmedia&parent=197569"}],"wp:term":[{"taxonomy":"category","embeddable":true,"href":"https:\/\/analyse.optim.biz\/index.php?rest_route=%2Fwp%2Fv2%2Fcategories&post=197569"},{"taxonomy":"post_tag","embeddable":true,"href":"https:\/\/analyse.optim.biz\/index.php?rest_route=%2Fwp%2Fv2%2Ftags&post=197569"}],"curies":[{"name":"wp","href":"https:\/\/api.w.org\/{rel}","templated":true}]}}