{"id":197552,"date":"2014-09-07T16:34:07","date_gmt":"2014-09-07T13:34:07","guid":{"rendered":"https:\/\/analyse.optim.biz\/?p=197552"},"modified":"2014-09-07T16:34:07","modified_gmt":"2014-09-07T13:34:07","slug":"duminica-de-candidat-doi-la-tebea-unul-la-cules-de-rosii","status":"publish","type":"post","link":"https:\/\/analyse.optim.biz\/?p=197552","title":{"rendered":"Duminic\u0103 de candidat. Doi la \u0162ebea, unul la cules de ro\u015fii"},"content":{"rendered":"<div class=\"entry data-app-meta data-app-meta-article\" data-embed-base-url-canonical=\"https:\/\/www.digi24.ro\/embed\/stiri\/actualitate\/politica\/duminica-de-candidat-doi-la-tebea-unul-la-cules-de-rosii-290641\">\n<p data-index=\"1\">Ca \u00een fiecare an, politicienii s-au afi\u015fat la Serb\u0103rile de la \u0162ebea, dedicate memoriei liderului pa\u015foptist Avram Iancu. Cu at\u00e2t mai mult acum, c\u00e2nd se apropie alegerile preziden\u0163iale.<\/p>\n<p data-index=\"2\"><img decoding=\"async\" src=\"https:\/\/analyse.optim.biz\/wp-content\/uploads\/2024\/09\/agfzad0xywrhmgrlmtbkztlhzwi4mtjkmtzmmdvkyzawywu3ma-thumb_.jpg\" data-skip-htmlfix=\"1\" title=\"agfzad0xywrhmgrlmtbkztlhzwi4mtjkmtzmmdvkyzawywu3ma-thumb_\"><\/p>\n<p data-index=\"3\">Cu toate c\u0103 au venit la aceea\u015fi s\u0103rb\u0103toare, candida\u0163ii la preziden\u0163iale nu au uitat de rivalit\u0103\u0163i. Elena Udrea a fost \u00eenso\u0163it\u0103 de un sus\u0163in\u0103tor cu greutate al candidaturii sale &#8211; fostul premier Emil Boc. Acesta a ignorat delega\u0163ia PNL &#8211; PDL aflat\u0103 la numai c\u00e2tiva metri de el.<\/p>\n<p data-index=\"4\"><img decoding=\"async\" src=\"https:\/\/analyse.optim.biz\/wp-content\/uploads\/2024\/09\/ad1lmmizngfknjg1zwjjmzvlogy0nwjintaymdq4y2uwma-thumb_.jpg\" data-skip-htmlfix=\"1\" title=\"ad1lmmizngfknjg1zwjjmzvlogy0nwjintaymdq4y2uwma-thumb_\"><\/p>\n<p data-index=\"5\">Candidatul PSD, Victor Ponta, a evitat aglomera\u0163ia de la \u0162ebea \u015fi a petrecut un weekend \u00een familie. A \u0163inut leg\u0103tura cu sus\u0163in\u0103torii prin intremediul re\u0163elelor de socializare.<\/p>\n<p data-index=\"6\"><img decoding=\"async\" src=\"https:\/\/analyse.optim.biz\/wp-content\/uploads\/2024\/09\/nzhmmge4mtg3otg1zgfjota3ogiyodawnge1yzlkyw-thumb_.jpg\" data-skip-htmlfix=\"1\" title=\"nzhmmge4mtg3otg1zgfjota3ogiyodawnge1yzlkyw-thumb_\"><\/p>\n<p data-index=\"7\">Victor Ponta a postat pe pagina sa de Facebook fotografi al\u0103turi de cei doi copii, Irina \u015fi Andrei, \u015fi so\u0163ia sa, europarlamentarul Daciana S\u00e2rbu. \u00cen unele din ele, familia Ponta culege ro\u015fii din gr\u0103din\u0103.<\/p>\n<p data-index=\"8\"><strong>(FOTO Facebook)<\/strong><\/p>\n<\/div>\n<p> Source URL: https:\/\/www.digi24.ro\/stiri\/actualitate\/politica\/duminica-de-candidat-doi-la-tebea-unul-la-cules-de-rosii-290641<\/p>\n","protected":false},"excerpt":{"rendered":"<p>Ca \u00een fiecare an, politicienii s-au afi\u015fat la Serb\u0103rile de la \u0162ebea, dedicate memoriei liderului pa\u015foptist Avram Iancu. Cu at\u00e2t mai mult acum, c\u00e2nd se apropie alegerile preziden\u0163iale. Cu toate c\u0103 au venit la aceea\u015fi s\u0103rb\u0103toare, candida\u0163ii la preziden\u0163iale nu au uitat de rivalit\u0103\u0163i. Elena Udrea a fost \u00eenso\u0163it\u0103 de un sus\u0163in\u0103tor cu greutate al [&hellip;]<\/p>\n","protected":false},"author":1,"featured_media":197553,"comment_status":"open","ping_status":"","sticky":false,"template":"","format":"standard","meta":{"footnotes":""},"categories":[2],"tags":[11],"class_list":["post-197552","post","type-post","status-publish","format-standard","has-post-thumbnail","hentry","category-politics","tag-digi24"],"_links":{"self":[{"href":"https:\/\/analyse.optim.biz\/index.php?rest_route=\/wp\/v2\/posts\/197552","targetHints":{"allow":["GET"]}}],"collection":[{"href":"https:\/\/analyse.optim.biz\/index.php?rest_route=\/wp\/v2\/posts"}],"about":[{"href":"https:\/\/analyse.optim.biz\/index.php?rest_route=\/wp\/v2\/types\/post"}],"author":[{"embeddable":true,"href":"https:\/\/analyse.optim.biz\/index.php?rest_route=\/wp\/v2\/users\/1"}],"replies":[{"embeddable":true,"href":"https:\/\/analyse.optim.biz\/index.php?rest_route=%2Fwp%2Fv2%2Fcomments&post=197552"}],"version-history":[{"count":0,"href":"https:\/\/analyse.optim.biz\/index.php?rest_route=\/wp\/v2\/posts\/197552\/revisions"}],"wp:featuredmedia":[{"embeddable":true,"href":"https:\/\/analyse.optim.biz\/index.php?rest_route=\/wp\/v2\/media\/197553"}],"wp:attachment":[{"href":"https:\/\/analyse.optim.biz\/index.php?rest_route=%2Fwp%2Fv2%2Fmedia&parent=197552"}],"wp:term":[{"taxonomy":"category","embeddable":true,"href":"https:\/\/analyse.optim.biz\/index.php?rest_route=%2Fwp%2Fv2%2Fcategories&post=197552"},{"taxonomy":"post_tag","embeddable":true,"href":"https:\/\/analyse.optim.biz\/index.php?rest_route=%2Fwp%2Fv2%2Ftags&post=197552"}],"curies":[{"name":"wp","href":"https:\/\/api.w.org\/{rel}","templated":true}]}}