{"id":197540,"date":"2014-09-07T17:49:18","date_gmt":"2014-09-07T14:49:18","guid":{"rendered":"https:\/\/analyse.optim.biz\/?p=197540"},"modified":"2014-09-07T17:49:18","modified_gmt":"2014-09-07T14:49:18","slug":"bonton-consilierii-primariei-capitalei-oamenii-care-gestioneaza-un-buget-de-1-miliard-de-lei-de-negasit-pentru-cetateni","status":"publish","type":"post","link":"https:\/\/analyse.optim.biz\/?p=197540","title":{"rendered":"BONTON. Consilierii Prim\u0103riei Capitalei, oamenii care gestioneaz\u0103 un buget de 1 miliard de lei, de neg\u0103sit pentru cet\u0103\u021beni"},"content":{"rendered":"<div class=\"entry data-app-meta data-app-meta-article\" data-embed-base-url-canonical=\"https:\/\/www.digi24.ro\/embed\/stiri\/actualitate\/politica\/bonton-consilierii-primariei-capitalei-oamenii-care-gestioneaza-un-buget-de-1-miliard-de-lei-de-negasit-pentru-cetateni-290652\">\n<p data-index=\"1\">\u00cen consiliul general al Prim\u0103riei Municipiului Bucure\u0219ti sunt 52 de consilieri. Ei decid care sunt priorit\u0103\u0163ile capitalei. \u015ei tot ei sunt cei care ar trebui s\u0103 rezolve problemele bucure\u015ftenilor. \u00cens\u0103, este aproape imposibil ca un cet\u0103\u0163ean s\u0103 ajung\u0103 s\u0103 se adreseze unuia dintre ace\u015fti domni.<\/p>\n<p data-index=\"2\"><strong>\u201e\u015eedin\u0163ele consiliului local sunt publice\u201d, spune Legea nr. 215\/2001 a administra\u0163iei publice locale. \u00cens\u0103, de fapt, accesul cet\u0103\u0163enilor la deciziile care privesc binele ora\u015fului se rezum\u0103 doar la vizionarea \u015fedin\u0163elor la televizor.<\/strong><\/p>\n<p data-index=\"3\"><strong>\u201eStai \u00eentr-o alt\u0103 sal\u0103, la un alt etaj, sala de \u015fedin\u0163e e la etajul 3, sala de \u015fedin\u0163e e la etajul 1, tu stai \u015fi te ui\u0163i la un televizor \u015fi practic nu ai nicio ocazie de intersec\u0163ie direct\u0103 cu ace\u015fti oameni care conduc Bucure\u015ftiul\u201d, spune S\u00eenziana Dobre &#8211; director de programe CeRe.<\/strong><\/p>\n<p data-index=\"4\">Chiar \u015fi unora dintre cei \u00eempricina\u0163i li se pare pu\u0163in absurd\u0103 \u015fi existen\u0163ialist\u0103 aceast\u0103 situa\u0163ie.<\/p>\n<p data-index=\"5\"><strong>\u201eS\u0103 nu uit\u0103m \u00eens\u0103 c\u0103 a fi \u00een fa\u0163a unui televizor este \u00eentr-un fel o depersonalizare \u015fi probabil c\u0103 acei cet\u0103\u0163eni s-au sim\u0163it izola\u0163i, poate neb\u0103ga\u0163i \u00een seam\u0103, poate nedori\u0163i acolo\u201d, consider\u0103 C\u0103t\u0103lin C\u00e2mpeanu, consilier general Prim\u0103ria Bucure\u015fti.<\/strong><\/p>\n<p data-index=\"6\"><strong>\u201e\u00cen sala de \u015fedin\u0163\u0103 nu sunt locuri, avem c\u00e2teva, fix locurile noastre, astea 55 de consilieri, \u00een spate acolo o zon\u0103 \u00eenghesuit\u0103 unde st\u0103 presa \u015fi se calc\u0103 oamenii pe picioare \u015fi mai intr\u0103 doi-trei pe l\u00e2ng\u0103 cine apuc\u0103 \u015fi asta e sala noastr\u0103\u201d, afirm\u0103 Gabriel F\u0103tu, consilier general Prim\u0103ria Bucure\u015fti.<\/strong><\/p>\n<p data-index=\"7\">S\u00e2nziana Dobre face parte dintr-o organiza\u0163ie nonguvernamental\u0103 care ajut\u0103 cet\u0103\u0163enii din toat\u0103 \u0163ara s\u0103-si rezolve problemele cu autorit\u0103\u021bile. Unii consilieri generali nu au date de contact publicate pe site-ul prim\u0103riei, nu au program de audien\u0163e, proiectele care \u00eei intereseaz\u0103 direct pe cet\u0103\u0163eni nu sunt f\u0103cute publice la timp, iar oamenii sunt fie ignora\u0163i, fie plimba\u0163i dintr-o parte \u00een alta. Pentru a schimba lucrurile, organiza\u0163ia CeRe a pornit campania &#8220;Nu a\u015ftepta super-eroi, cere-\u0163i ora\u015ful \u00eenapoi\u201d.<\/p>\n<p data-index=\"8\"><strong>\u201eUn consiliu general al capitalei ar trebui \u00een primul r\u00e2nd s\u0103 fie accesibil oamenilor, acum ca s\u0103 ajungi la ei trebuie s\u0103 treci printr-o jungl\u0103. Noi ne imagin\u0103m c\u0103 atunci c\u00e2nd vom termina noi aceast\u0103 campanie, drumul va fi a\u015fa deschis, b\u0103t\u0103torit, te vei putea duce pe jos sau cu c\u0103ruciorul sau cu ce vrei tu. Acuma trebuie s\u0103 fii foarte bine preg\u0103tit\u201d, mai spune directorul de programe CeRe.<\/strong><\/p>\n<h5>Adopt\u0103 un consilier<\/h5>\n<p data-index=\"9\">Prin aceast\u0103 Campanie, care se afl\u0103 \u00een plin\u0103 desf\u0103\u015furare, voluntarii \u00ee\u015fi aleg c\u00e2te un reprezentant din prim\u0103rie pe care \u00eencearc\u0103 s\u0103-l conving\u0103 c\u00e2t de important este ca cet\u0103\u0163enii s\u0103-l poat\u0103 contacta. Mai pe scurt \u201e\u00eel adopt\u0103\u201d.<\/p>\n<p data-index=\"10\"><strong>\u201eL-am ales pe Mihai Doru Giugula, pentru c\u0103 este din categoria consilierilor grei&#8230; Am sunat \u015fi mi-a r\u0103spuns. Am intrat \u00een conversa\u0163ie cu dumnealui, m-am identificat, i-am explicat cine sunt, \u00een ce calitate sun \u015fi i-am vorbit despre proiect. \u00cen momentul \u00een care am pronun\u0163at cuv\u00e2ntul adoptat, dialogul s-a \u00eentrerupt. A urmat un schimb du-te vino de sms-uri \u00een care dumnealui a insistat foarte tare pe ideea de adop\u0163ie, pe ideea faptului c\u0103 eu ar trebui s\u0103 nu stau cu m\u00e2na \u00eentins\u0103, s\u0103 nu cer dumnealui nimic. Mi-a solicitat s\u0103 fac apel la cei 7 ani de acas\u0103 \u015fi s\u0103 nu mai solicit informa\u0163ii, ci s\u0103 studiez codul bunelor maniere. \u00cen continuare domnul consilier nu are niciun fel de informa\u0163ii pe pagina de web. \u015ei atunci, dac\u0103 avem un consilier care la al patrula mandat nu are nici m\u0103car C.V., raport de activitate, nu mai spunem program de audien\u0163e pe pagina de web disponibile, date de contact, cred c\u0103 este vina noastr\u0103, a cet\u0103\u0163enilor \u015fi l-am l\u0103sat patru mandate s\u0103 fac\u0103\u201d, spune Ane Marie Nec\u015fulescu, cet\u0103\u0163ean.<\/strong><\/p>\n<p data-index=\"11\">Chiar dac\u0103 Anne Marie Nec\u015fulescu i-a explicat consilierului c\u0103, de fapt, ceea ce \u00eencearc\u0103 s\u0103 fac\u0103 este s\u0103 adopte o problem\u0103 pe care s\u0103 o rezolve, bariera de comunicare r\u0103m\u00e2ne de netrecut.<\/p>\n<p data-index=\"12\"><em><strong>Convorbire telefonic\u0103 reporter Digi24 &#8211; Doru Mihai Giugula, consilier:<\/strong><\/em><\/p>\n<p data-index=\"13\"><em><strong>&#8211; De ce nu ave\u0163i datele de contact pe site-ul prim\u0103riei?<\/strong><\/em><\/p>\n<p data-index=\"14\"><em><strong>&#8211; Dar cine este Anne Marie Nec\u015fulescu?<\/strong><\/em><\/p>\n<p data-index=\"15\"><em><strong>&#8211; Este un cet\u0103\u0163ean care&#8230;<\/strong><\/em><\/p>\n<p data-index=\"16\"><em><strong>&#8211; Spune\u0163i-i s\u0103 adopte pe m\u0103-sa&#8230; Sper c\u0103 m-a\u0163i \u00eenregistrat, da?<\/strong><\/em><\/p>\n<p data-index=\"17\"><em><strong>&#8211; Mul\u0163umesc.<\/strong><\/em><\/p>\n<p data-index=\"18\"><em><strong>&#8211; Bine, la revedere.<\/strong><\/em><\/p>\n<p data-index=\"19\"><em><strong><img decoding=\"async\" src=\"https:\/\/analyse.optim.biz\/wp-content\/uploads\/2024\/09\/agfzad1hnmnmyzdkzdgzmznlnjq3ngm2yjy0ytnlmjdhzta2zg-thumb_.jpg\" data-skip-htmlfix=\"1\" title=\"agfzad1hnmnmyzdkzdgzmznlnjq3ngm2yjy0ytnlmjdhzta2zg-thumb_\"><\/strong><\/em><\/p>\n<p data-index=\"20\">C\u00e2nd nu s-au lovit de o atitudine agresiv\u0103, cel mai adesea cet\u0103\u0163enii nu au primit niciun r\u0103spuns.<\/p>\n<p data-index=\"21\"><strong>\u201eSincer, mi-e foarte greu s\u0103 \u00een\u0163eleg de ce unii dintre colegii mei au avut o atitudine reticent\u0103, ba chiar a\u015f putea spune agresiv\u0103\u201d, spune C\u0103t\u0103lin C\u00e2mpeanu, consilier general al municipiului Bucure\u015fti.<\/strong><\/p>\n<p data-index=\"22\"><strong>\u201eSe tem de astfel de discu\u0163ii poate, unii dintre colegii no\u015ftri\u201d, adaug\u0103 Gabriel T\u0103nase, consilier general Prim\u0103ria Bucure\u015fti.<\/strong><\/p>\n<p data-index=\"23\"><strong>\u201eUnii poate nici nu sunt interesa\u0163i s\u0103 fie deranja\u0163i, al\u0163ii poate da, nu vor, de\u015fi avem telefon de serviciu, ar trebui s\u0103 fim la dispozi\u0163ia cet\u0103\u0163eanului zi \u015fi noapte, dac\u0103 are o problem\u0103 ne poate contacta, ne poate suna\u201d, consider\u0103 Gabriel F\u0103tu, consilier general al municipiului Bucure\u015fti.<\/strong><\/p>\n<p data-index=\"24\">\u015ei totu\u015fi un comportament civilizat este posibil. Unii cet\u0103\u0163eni au avut mai mult noroc.<\/p>\n<p data-index=\"25\"><strong>\u201e\u00cent\u00e2lnirea cu consilierul a fost una surprinz\u0103toare, ciudat c\u0103 \u00eencepem s\u0103 ne mir\u0103m \u00een fa\u0163a lucrurilor normale, dar mie mi s-a p\u0103rut foarte elegant faptul c\u0103 mi-a trimis un sms \u00eenainte s\u0103-mi spun\u0103: \u015fti\u0163i, \u00eent\u00e2rzii un pic, lua\u0163i un loc, be\u0163i o cafea, revin, sunt la comisie. Discu\u0163ia a decurs foarte normal \u015fi civilizat\u201d, poveste\u0219te Elena Calistru, cet\u0103\u0163ean.<\/strong><\/p>\n<p data-index=\"26\">Cu ajutorul campaniei, din cei 52 consilieri, 44 \u015fi-au publicat datele de contact pe site-ul prim\u0103riei. Nu se \u015ftie \u00eens\u0103, c\u00e2\u0163i dintre ei au \u00een\u0163eles cu adev\u0103rat c\u0103 trebuie s\u0103 schimbe ceva \u00een rela\u0163ia cu cet\u0103\u0163enii.<\/p>\n<p data-index=\"27\"><strong>\u201e\u00cemi \u00eenchipui c\u0103 \u00eentr-adev\u0103r nu trebuie s\u0103 fii un supererou ca s\u0103 faci administra\u0163ie. Ai nevoie doar de \u00een\u0163elegerea necesit\u0103\u0163ilor cet\u0103\u0163enilor \u015fi ale ora\u015fului\u201d, sus\u021bine Gabriel T\u0103nase, consilier general Prim\u0103ria Bucure\u015fti.<\/strong><\/p>\n<p data-index=\"28\"><strong>\u201eMi s-a p\u0103rut pu\u0163in a\u015fa, hilar \u015fi au comentat mul\u0163i pe tema asta \u015fi au zis c\u0103 practic suntem a\u015fa, ca ni\u015fte c\u0103\u0163ei pe care cineva are nevoie s\u0103-i adopte. Dar cred c\u0103 p\u00e2n\u0103 la urm\u0103 cet\u0103\u0163enii au nevoie s\u0103 aib\u0103 o rela\u0163ie corect\u0103 cu cei pe care i-au ales \u015fi care ar trebui s\u0103 \u00eei ajute \u00een rezolvarea unor probleme\u201d, spune Gabriel F\u0103tu, consilier general al municipiului Bucure\u015fti.<\/strong><\/p>\n<p data-index=\"29\"><strong>\u201eMi s-a p\u0103rut chiar o ini\u0163iativ\u0103 l\u0103udabil\u0103 \u015fi una de natur\u0103 s\u0103 ne aduc\u0103 mai aproape de cet\u0103\u0163eni\u201d, spune C\u0103t\u0103lin C\u00e2mpeanu, consilier general al municipiului Bucure\u015fti.<\/strong><\/p>\n<p data-index=\"30\">Bucure\u015ftenii care s-au implicat \u00een aceast\u0103 problem\u0103 au demonstrat c\u0103, dac\u0103 nu te lup\u0163i pentru ceea ce vrei, \u00eenseamn\u0103 c\u0103 nu vrei suficient.<\/p>\n<p data-index=\"31\"><strong>\u201eEi arat\u0103 c\u0103 se pot schimba lucrurile, adic\u0103 mi se pare c\u0103 sunt nu o floare cu care se face prim\u0103var\u0103, mi se pare c\u0103 \u00eencepe s\u0103 fie acea mas\u0103 critic\u0103 de oameni care aduna\u0163i \u015fi organiza\u0163i \u015fi m\u00e2na\u0163i de propriul interes \u015fi de dorin\u0163a de a \u0163ine responsabile autorit\u0103\u0163ile vor face ca pe termen lung balan\u0163a puterii s\u0103 nu mai fie doar de partea autorit\u0103\u0163ilor, ci s\u0103 fie un echilibru\u201d, afirm\u0103 S\u00eenziana Dobre, director de programe CeRe.<\/strong><\/p>\n<p data-index=\"32\">Cei mai mul\u0163i dintre consilieri au \u00een\u0163eles c\u0103 rolul lor este acela de a rezolva problemele oamenilor pe care \u00eei reprezint\u0103. Au mai r\u0103mas totu\u015fi 8 care nu pot fi contacta\u0163i \u015fi o sal\u0103 de \u015fedin\u0163e publice, pe care, bucure\u015ftenii o pot privi, \u00een continuare, la televizor.<\/p>\n<p data-index=\"33\">Rela\u0163ia dintre cet\u0103\u0163eni \u015fi autorit\u0103\u0163i r\u0103m\u00e2ne, deocamdat\u0103, o curs\u0103 cu obstacole. Dar p\u00e2n\u0103 c\u00e2nd lucrurile se vor schimba, dac\u0103 se vor schimba, mai sunt oameni care \u00ee\u015fi ap\u0103r\u0103 ora\u015ful. Prin ac\u0163iuni, \u015fi nu prin promisiuni.<\/p>\n<\/div>\n<p> Source URL: https:\/\/www.digi24.ro\/stiri\/actualitate\/politica\/bonton-consilierii-primariei-capitalei-oamenii-care-gestioneaza-un-buget-de-1-miliard-de-lei-de-negasit-pentru-cetateni-290652<\/p>\n","protected":false},"excerpt":{"rendered":"<p>\u00cen consiliul general al Prim\u0103riei Municipiului Bucure\u0219ti sunt 52 de consilieri. Ei decid care sunt priorit\u0103\u0163ile capitalei. \u015ei tot ei sunt cei care ar trebui s\u0103 rezolve problemele bucure\u015ftenilor. \u00cens\u0103, este aproape imposibil ca un cet\u0103\u0163ean s\u0103 ajung\u0103 s\u0103 se adreseze unuia dintre ace\u015fti domni. \u201e\u015eedin\u0163ele consiliului local sunt publice\u201d, spune Legea nr. 215\/2001 a [&hellip;]<\/p>\n","protected":false},"author":1,"featured_media":197541,"comment_status":"open","ping_status":"","sticky":false,"template":"","format":"standard","meta":{"footnotes":""},"categories":[2],"tags":[11],"class_list":["post-197540","post","type-post","status-publish","format-standard","has-post-thumbnail","hentry","category-politics","tag-digi24"],"_links":{"self":[{"href":"https:\/\/analyse.optim.biz\/index.php?rest_route=\/wp\/v2\/posts\/197540","targetHints":{"allow":["GET"]}}],"collection":[{"href":"https:\/\/analyse.optim.biz\/index.php?rest_route=\/wp\/v2\/posts"}],"about":[{"href":"https:\/\/analyse.optim.biz\/index.php?rest_route=\/wp\/v2\/types\/post"}],"author":[{"embeddable":true,"href":"https:\/\/analyse.optim.biz\/index.php?rest_route=\/wp\/v2\/users\/1"}],"replies":[{"embeddable":true,"href":"https:\/\/analyse.optim.biz\/index.php?rest_route=%2Fwp%2Fv2%2Fcomments&post=197540"}],"version-history":[{"count":0,"href":"https:\/\/analyse.optim.biz\/index.php?rest_route=\/wp\/v2\/posts\/197540\/revisions"}],"wp:featuredmedia":[{"embeddable":true,"href":"https:\/\/analyse.optim.biz\/index.php?rest_route=\/wp\/v2\/media\/197541"}],"wp:attachment":[{"href":"https:\/\/analyse.optim.biz\/index.php?rest_route=%2Fwp%2Fv2%2Fmedia&parent=197540"}],"wp:term":[{"taxonomy":"category","embeddable":true,"href":"https:\/\/analyse.optim.biz\/index.php?rest_route=%2Fwp%2Fv2%2Fcategories&post=197540"},{"taxonomy":"post_tag","embeddable":true,"href":"https:\/\/analyse.optim.biz\/index.php?rest_route=%2Fwp%2Fv2%2Ftags&post=197540"}],"curies":[{"name":"wp","href":"https:\/\/api.w.org\/{rel}","templated":true}]}}