{"id":197468,"date":"2014-09-08T12:42:04","date_gmt":"2014-09-08T09:42:04","guid":{"rendered":"https:\/\/analyse.optim.biz\/?p=197468"},"modified":"2014-09-08T12:42:04","modified_gmt":"2014-09-08T09:42:04","slug":"blaga-despre-suspendarea-lui-basescu-romanii-s-au-saturat-de-scandal","status":"publish","type":"post","link":"https:\/\/analyse.optim.biz\/?p=197468","title":{"rendered":"Blaga, despre suspendarea lui B\u0103sescu: \u201eRom\u00e2nii s-au s\u0103turat de scandal\u201d"},"content":{"rendered":"<div class=\"entry data-app-meta data-app-meta-article\" data-embed-base-url-canonical=\"https:\/\/www.digi24.ro\/embed\/stiri\/actualitate\/politica\/blaga-despre-suspendarea-lui-basescu-romanii-s-au-saturat-de-scandal-290977\">\n<p data-index=\"1\"><img decoding=\"async\" src=\"https:\/\/analyse.optim.biz\/wp-content\/uploads\/2024\/09\/jmhhc2g9ndvjywrmnwm3njzhzty3y2uzzgm5odjhm2rhyjrlnza-thumb_.jpg\" data-skip-htmlfix=\"1\" title=\"jmhhc2g9ndvjywrmnwm3njzhzty3y2uzzgm5odjhm2rhyjrlnza-thumb_\"><\/p>\n<p data-index=\"2\">Vasile Blaga a declarat, \u00een numele Alian\u021bei Cre\u0219tin Liberale (ACL), c\u0103 nu este interesat de acest demers, care nu este benefic nici rom\u00e2nilor \u0219i nici lui C\u0103lin Popescu T\u0103riceanu.<\/p>\n<p data-index=\"3\">\u201e<strong>Aceasta este pozi\u021bia Alian\u021bei. Este praf \u00een ochii rom\u00e2nilor.<\/strong> Domnul prim-ministru ar trebui s\u0103 fie chemat \u00een Parlament \u0219i s\u0103 r\u0103spund\u0103 la chestiunile privitoare la proasta guvernare. Astfel de ac\u021biuni, intervenind abrupt \u00een politici, sperie investitorii. <strong>Sigur, rom\u00e2nilor nu le va ajuta acest demers. Rom\u00e2nii s-au s\u0103turat de scandal.\u00a0<\/strong>Sunt copil\u0103rii inventate pentru a se b\u0103ga \u00een seam\u0103\u201d, a precizat Vasile Blaga. C\u00e2t despre pozi\u021bia UDMR, pre\u0219edintele PDL a calificat-o ca fiind o ac\u021biune \u201eo ac\u021biune responsabil\u0103\u201d.<\/p>\n<h2 id=\"highlight-290977-1\"><a href=\"https:\/\/www.digi24.ro\/Stiri\/Digi24\/Actualitate\/Politica\/SUSPENDARE+TRAIAN+BASESCU\" target=\"_blank\" data-skip-linkfix=\"1\" rel=\"noopener\">Cererea de suspendare a lui Traian B\u0103sescu. Motivele invocate de \u015feful Senatului<\/a><\/h2>\n<p data-index=\"4\"><strong>SUSPENDARE TRAIAN B\u0102SESCU.<\/strong> C\u0103lin Popescu T\u0103riceanu a anun\u0163at c\u0103 va \u00eencepe s\u0103 str\u00e2ng\u0103 semn\u0103turile necesare pentru suspendarea pre\u015fedintelui Traian B\u0103sescu. Premierul Victor Ponta a declarat c\u0103 PSD va decide ast\u0103zi dac\u0103 sus\u0163ine sau nu initia\u0163iativa pre\u015fedintelui Senatului.<\/p>\n<p data-index=\"5\"><strong><span>Pre\u015fedintele Traian B\u0103sescu\u00a0s-a implicat \u00een via\u0163a politic\u0103 \u015fi a sprijinit PMP, \u00eenc\u0103lc\u00e2nd astfel art. 82 din Constitu\u0163ie, se arat\u0103 \u00een\u00a0cererea de suspendare, ob\u0163inut\u0103 de Digi24.<\/span><\/strong><\/p>\n<p data-index=\"6\">Un alt articol constitut\u0163ional \u00eenc\u0103lcat este art. 84, conform c\u0103ruia, pre\u015fedintele \u0163\u0103rii nu poate fi membru al unui partid \u015fi nu poate \u00eendeplini nicio alt\u0103 func\u0163ie public\u0103 sau privat\u0103. Un alt motiv invocat \u00een cererea de suspendare este\u00a0interven\u0163ia direct\u0103\u00a0\u015fi institu\u0163ional\u0103 la pre\u015fedinteleales al CE \u00een problema comisarului european.<\/p>\n<p data-index=\"7\"><strong><span>\u00cen cererea de suspendare se mai arat\u0103 c\u0103 pre\u015fedintele\u00a0a promovat \u201eraporturi institu\u0163ionale \u00een forme necivilizate cu participan\u0163ii la via\u0163a public\u0103\u201d. D<\/span><\/strong>ocumentul va fi publicat \u015fi pe site-ul Senatului. \u201eCalendarul este acesta &#8211; 23 septembrie votul Parlamentului \u00een plenul reunit pe baza cererii de suspendare, urmat de referendum \u00een 2 noiembrie, simultan cu primul tur al alegerilor.<\/p>\n<p data-index=\"8\">\u00cen cazul \u00een care Parlamentul va aproba cererea de suspendare \u015fi se va pune problema ocup\u0103rii pozi\u0163iei de pre\u015fedinte interimat, \u00eentruc\u00e2t sunt angajat \u00een cursa electoral\u0103,\u00a0nu voi accepta s\u0103 preiau func\u0163ia de pre\u015fedinte interimar pentru a nu se considera c\u0103 \u00eencerc s\u0103 ob\u0163in o pozi\u0163ie care s\u0103 m\u0103 favorizeze. Cel care va prelua func\u0163ia ar trebui s\u0103 fie pre\u015fedintele Camerei Deputa\u0163ilor\u201d, a declarat\u00a0C\u0103lin Popescu T\u0103riceanu.<\/p>\n<\/div>\n<p> Source URL: https:\/\/www.digi24.ro\/stiri\/actualitate\/politica\/blaga-despre-suspendarea-lui-basescu-romanii-s-au-saturat-de-scandal-290977<\/p>\n","protected":false},"excerpt":{"rendered":"<p>Vasile Blaga a declarat, \u00een numele Alian\u021bei Cre\u0219tin Liberale (ACL), c\u0103 nu este interesat de acest demers, care nu este benefic nici rom\u00e2nilor \u0219i nici lui C\u0103lin Popescu T\u0103riceanu. \u201eAceasta este pozi\u021bia Alian\u021bei. Este praf \u00een ochii rom\u00e2nilor. Domnul prim-ministru ar trebui s\u0103 fie chemat \u00een Parlament \u0219i s\u0103 r\u0103spund\u0103 la chestiunile privitoare la proasta [&hellip;]<\/p>\n","protected":false},"author":1,"featured_media":197469,"comment_status":"open","ping_status":"","sticky":false,"template":"","format":"standard","meta":{"footnotes":""},"categories":[2],"tags":[11],"class_list":["post-197468","post","type-post","status-publish","format-standard","has-post-thumbnail","hentry","category-politics","tag-digi24"],"_links":{"self":[{"href":"https:\/\/analyse.optim.biz\/index.php?rest_route=\/wp\/v2\/posts\/197468","targetHints":{"allow":["GET"]}}],"collection":[{"href":"https:\/\/analyse.optim.biz\/index.php?rest_route=\/wp\/v2\/posts"}],"about":[{"href":"https:\/\/analyse.optim.biz\/index.php?rest_route=\/wp\/v2\/types\/post"}],"author":[{"embeddable":true,"href":"https:\/\/analyse.optim.biz\/index.php?rest_route=\/wp\/v2\/users\/1"}],"replies":[{"embeddable":true,"href":"https:\/\/analyse.optim.biz\/index.php?rest_route=%2Fwp%2Fv2%2Fcomments&post=197468"}],"version-history":[{"count":0,"href":"https:\/\/analyse.optim.biz\/index.php?rest_route=\/wp\/v2\/posts\/197468\/revisions"}],"wp:featuredmedia":[{"embeddable":true,"href":"https:\/\/analyse.optim.biz\/index.php?rest_route=\/wp\/v2\/media\/197469"}],"wp:attachment":[{"href":"https:\/\/analyse.optim.biz\/index.php?rest_route=%2Fwp%2Fv2%2Fmedia&parent=197468"}],"wp:term":[{"taxonomy":"category","embeddable":true,"href":"https:\/\/analyse.optim.biz\/index.php?rest_route=%2Fwp%2Fv2%2Fcategories&post=197468"},{"taxonomy":"post_tag","embeddable":true,"href":"https:\/\/analyse.optim.biz\/index.php?rest_route=%2Fwp%2Fv2%2Ftags&post=197468"}],"curies":[{"name":"wp","href":"https:\/\/api.w.org\/{rel}","templated":true}]}}