{"id":197442,"date":"2014-09-08T13:41:37","date_gmt":"2014-09-08T10:41:37","guid":{"rendered":"https:\/\/analyse.optim.biz\/?p=197442"},"modified":"2014-09-08T13:41:37","modified_gmt":"2014-09-08T10:41:37","slug":"ponta-despre-programul-cornul-si-laptele-doar-cei-care-au-cu-adevarat-nevoie-vor-primi-sprijin","status":"publish","type":"post","link":"https:\/\/analyse.optim.biz\/?p=197442","title":{"rendered":"Ponta, despre programul \u201eCornul \u0219i laptele\u201d: \u201eDoar cei care au cu adev\u0103rat nevoie vor primi sprijin\u201d"},"content":{"rendered":"<div class=\"entry data-app-meta data-app-meta-article\" data-embed-base-url-canonical=\"https:\/\/www.digi24.ro\/embed\/stiri\/actualitate\/politica\/ponta-despre-programul-cornul-si-laptele-doar-cei-care-au-cu-adevarat-nevoie-vor-primi-sprijin-291029\">\n<p data-index=\"1\"><img decoding=\"async\" src=\"https:\/\/analyse.optim.biz\/wp-content\/uploads\/2024\/09\/odawjmhhc2g9y2uznzcxywfhywrknziznwe3mtlmy2m1ngnmzwq2m2y-thumb_.jpg\" data-skip-htmlfix=\"1\" title=\"odawjmhhc2g9y2uznzcxywfhywrknziznwe3mtlmy2m1ngnmzwq2m2y-thumb_\"><\/p>\n<p data-index=\"2\">Premierul Victor Ponta a declarat c\u0103 programul este finan\u021bat din fonduri europene \u0219i bugetare. \u201eTrebuie s\u0103 ne asigur\u0103m c\u0103 to\u021bi banii ajung la cei care au nevoie. Pe noul execi\u021biu, 2014-2020, c\u0103ut\u0103m solu\u021bia prin care practic doar cei care au cu adev\u0103rat nevoie s\u0103 primeasc\u0103 acest sprijin\u201d, a spus Ponta. \u201e<span>Sunt foarte mul\u021bi copii care nu consum\u0103 nici lapte, nici corn, nici m\u0103r. Practic c\u0103ut\u0103m solu\u021bia potrivit\u0103\u201d, a declarat premierul Victor Ponta.<\/span><\/p>\n<\/div>\n<p> Source URL: https:\/\/www.digi24.ro\/stiri\/actualitate\/politica\/ponta-despre-programul-cornul-si-laptele-doar-cei-care-au-cu-adevarat-nevoie-vor-primi-sprijin-291029<\/p>\n","protected":false},"excerpt":{"rendered":"<p>Premierul Victor Ponta a declarat c\u0103 programul este finan\u021bat din fonduri europene \u0219i bugetare. \u201eTrebuie s\u0103 ne asigur\u0103m c\u0103 to\u021bi banii ajung la cei care au nevoie. Pe noul execi\u021biu, 2014-2020, c\u0103ut\u0103m solu\u021bia prin care practic doar cei care au cu adev\u0103rat nevoie s\u0103 primeasc\u0103 acest sprijin\u201d, a spus Ponta. \u201eSunt foarte mul\u021bi copii care [&hellip;]<\/p>\n","protected":false},"author":1,"featured_media":197443,"comment_status":"open","ping_status":"","sticky":false,"template":"","format":"standard","meta":{"footnotes":""},"categories":[2],"tags":[11],"class_list":["post-197442","post","type-post","status-publish","format-standard","has-post-thumbnail","hentry","category-politics","tag-digi24"],"_links":{"self":[{"href":"https:\/\/analyse.optim.biz\/index.php?rest_route=\/wp\/v2\/posts\/197442","targetHints":{"allow":["GET"]}}],"collection":[{"href":"https:\/\/analyse.optim.biz\/index.php?rest_route=\/wp\/v2\/posts"}],"about":[{"href":"https:\/\/analyse.optim.biz\/index.php?rest_route=\/wp\/v2\/types\/post"}],"author":[{"embeddable":true,"href":"https:\/\/analyse.optim.biz\/index.php?rest_route=\/wp\/v2\/users\/1"}],"replies":[{"embeddable":true,"href":"https:\/\/analyse.optim.biz\/index.php?rest_route=%2Fwp%2Fv2%2Fcomments&post=197442"}],"version-history":[{"count":0,"href":"https:\/\/analyse.optim.biz\/index.php?rest_route=\/wp\/v2\/posts\/197442\/revisions"}],"wp:featuredmedia":[{"embeddable":true,"href":"https:\/\/analyse.optim.biz\/index.php?rest_route=\/wp\/v2\/media\/197443"}],"wp:attachment":[{"href":"https:\/\/analyse.optim.biz\/index.php?rest_route=%2Fwp%2Fv2%2Fmedia&parent=197442"}],"wp:term":[{"taxonomy":"category","embeddable":true,"href":"https:\/\/analyse.optim.biz\/index.php?rest_route=%2Fwp%2Fv2%2Fcategories&post=197442"},{"taxonomy":"post_tag","embeddable":true,"href":"https:\/\/analyse.optim.biz\/index.php?rest_route=%2Fwp%2Fv2%2Ftags&post=197442"}],"curies":[{"name":"wp","href":"https:\/\/api.w.org\/{rel}","templated":true}]}}