{"id":197436,"date":"2014-09-08T16:15:36","date_gmt":"2014-09-08T13:15:36","guid":{"rendered":"https:\/\/analyse.optim.biz\/?p=197436"},"modified":"2014-09-08T16:15:36","modified_gmt":"2014-09-08T13:15:36","slug":"scrisoarea-presedintelui-traian-basescu-cu-privire-la-intrarea-si-stationarea-unor-aeronave-nato-in-romania","status":"publish","type":"post","link":"https:\/\/analyse.optim.biz\/?p=197436","title":{"rendered":"SCRISOAREA pre\u015fedintelui Traian\u00a0B\u0103sescu cu\u00a0privire la intrarea \u015fi sta\u0163ionarea unor aeronave NATO \u00een Rom\u00e2nia"},"content":{"rendered":"<div class=\"entry data-app-meta data-app-meta-article\" data-embed-base-url-canonical=\"https:\/\/www.digi24.ro\/embed\/stiri\/actualitate\/politica\/scrisoarea-presedintelui-traian-basescu-cu-privire-la-intrarea-si-stationarea-unor-aeronave-nato-in-romania-291211\">\n<p data-index=\"1\">\u00a0<img decoding=\"async\" src=\"https:\/\/analyse.optim.biz\/wp-content\/uploads\/2024\/09\/ad0xzja1zmq2nwm1zji3nwi0mziyntc1mtq0zjdkywqyyw-thumb_.jpg\" data-skip-htmlfix=\"1\" title=\"ad0xzja1zmq2nwm1zji3nwi0mziyntc1mtq0zjdkywqyyw-thumb_\"><\/p>\n<p data-index=\"2\">\u201d\u00cen temeiul \u015fi \u00een condi\u0163iile Legii nr. 291\/2007 privind intrarea, sta\u0163ionarea \u015fi desf\u0103\u015furarea de opera\u0163iuni sau tranzitul for\u0163elor armate str\u0103ine pe teritoriul Rom\u00e2niei,<strong> am aprobat propunerile prim-ministrului referitoare la intrarea \u015fi sta\u0163ionarea \u00een Rom\u00e2nia a unui deta\u015fament de aeronave \u015fi a personalului aferent \u00een func\u0163ie de tipul aeronavelor dislocate, respectiv 150-250 de persoane, apar\u0163in\u00e2nd altor state aliate, pe principiul rota\u0163iei, pentru executarea, al\u0103turi de for\u0163ele na\u0163ionale, a misiunilor de Poli\u0163ie Aerian\u0103 NATO<\/strong>\u201d,\u00a0se precizeaz\u0103 \u00een scrisoarea pre\u015fedintelui B\u0103sescu transmis\u0103 pre\u015fedintelui Camerei Deputa\u0163ilor,\u00a0Valeriu Zgonea. scrie<a href=\"http:\/\/www.mediafax.ro\/social\/basescu-a-informat-parlamentul-cu-privire-la-intrarea-si-stationarea-unor-aeronave-nato-in-romania-scrisoarea-presedintelui-13228185\" target=\"_blank\" data-skip-linkfix=\"1\" rel=\"noopener\"> Mediafax.<\/a>\u00a0<\/p>\n<p data-index=\"3\"><strong>Totodat\u0103, \u00een scrisoare se men\u0163ioneaz\u0103 c\u0103 fondurile financiare necesare desf\u0103\u015fur\u0103rii misiunilor de Poli\u0163ie Aerian\u0103 NATO<\/strong> referitoare la infrastructura \u015fi mentenan\u0163a acesteia vor fi asigurate de c\u0103tre \u0163ara noastr\u0103, iar costurile pentru operarea \u015fi mentenan\u0163a aeronavelor NATO vor reveni na\u0163iunii trimi\u0163\u0103toare.<\/p>\n<p data-index=\"4\">B\u0103sescu mai men\u0163ioneaz\u0103 c\u0103, pe fondul crizei din Ucraina, la nivelul Alian\u0163ei Nord-Atlantice s-a aprobat un pachet de 18 m\u0103suri imediate de reasigurare a alia\u0163ilor, \u00eentre acestea fiind \u015fi \u00eent\u0103rirea misiunii de Poli\u0163ie Aerian\u0103.<\/p>\n<\/div>\n<p> Source URL: https:\/\/www.digi24.ro\/stiri\/actualitate\/politica\/scrisoarea-presedintelui-traian-basescu-cu-privire-la-intrarea-si-stationarea-unor-aeronave-nato-in-romania-291211<\/p>\n","protected":false},"excerpt":{"rendered":"<p>\u00a0 \u201d\u00cen temeiul \u015fi \u00een condi\u0163iile Legii nr. 291\/2007 privind intrarea, sta\u0163ionarea \u015fi desf\u0103\u015furarea de opera\u0163iuni sau tranzitul for\u0163elor armate str\u0103ine pe teritoriul Rom\u00e2niei, am aprobat propunerile prim-ministrului referitoare la intrarea \u015fi sta\u0163ionarea \u00een Rom\u00e2nia a unui deta\u015fament de aeronave \u015fi a personalului aferent \u00een func\u0163ie de tipul aeronavelor dislocate, respectiv 150-250 de persoane, apar\u0163in\u00e2nd [&hellip;]<\/p>\n","protected":false},"author":1,"featured_media":197437,"comment_status":"open","ping_status":"","sticky":false,"template":"","format":"standard","meta":{"footnotes":""},"categories":[2],"tags":[11],"class_list":["post-197436","post","type-post","status-publish","format-standard","has-post-thumbnail","hentry","category-politics","tag-digi24"],"_links":{"self":[{"href":"https:\/\/analyse.optim.biz\/index.php?rest_route=\/wp\/v2\/posts\/197436","targetHints":{"allow":["GET"]}}],"collection":[{"href":"https:\/\/analyse.optim.biz\/index.php?rest_route=\/wp\/v2\/posts"}],"about":[{"href":"https:\/\/analyse.optim.biz\/index.php?rest_route=\/wp\/v2\/types\/post"}],"author":[{"embeddable":true,"href":"https:\/\/analyse.optim.biz\/index.php?rest_route=\/wp\/v2\/users\/1"}],"replies":[{"embeddable":true,"href":"https:\/\/analyse.optim.biz\/index.php?rest_route=%2Fwp%2Fv2%2Fcomments&post=197436"}],"version-history":[{"count":0,"href":"https:\/\/analyse.optim.biz\/index.php?rest_route=\/wp\/v2\/posts\/197436\/revisions"}],"wp:featuredmedia":[{"embeddable":true,"href":"https:\/\/analyse.optim.biz\/index.php?rest_route=\/wp\/v2\/media\/197437"}],"wp:attachment":[{"href":"https:\/\/analyse.optim.biz\/index.php?rest_route=%2Fwp%2Fv2%2Fmedia&parent=197436"}],"wp:term":[{"taxonomy":"category","embeddable":true,"href":"https:\/\/analyse.optim.biz\/index.php?rest_route=%2Fwp%2Fv2%2Fcategories&post=197436"},{"taxonomy":"post_tag","embeddable":true,"href":"https:\/\/analyse.optim.biz\/index.php?rest_route=%2Fwp%2Fv2%2Ftags&post=197436"}],"curies":[{"name":"wp","href":"https:\/\/api.w.org\/{rel}","templated":true}]}}