{"id":197425,"date":"2014-09-08T16:22:19","date_gmt":"2014-09-08T13:22:19","guid":{"rendered":"https:\/\/analyse.optim.biz\/?p=197425"},"modified":"2014-09-08T16:22:19","modified_gmt":"2014-09-08T13:22:19","slug":"protest-la-sediul-avocatului-poporului","status":"publish","type":"post","link":"https:\/\/analyse.optim.biz\/?p=197425","title":{"rendered":"Protest la sediul Avocatului Poporului"},"content":{"rendered":"<div class=\"entry data-app-meta data-app-meta-article\" data-embed-base-url-canonical=\"https:\/\/www.digi24.ro\/embed\/stiri\/actualitate\/politica\/protest-la-sediul-avocatului-poporului-291217\">\n<p data-index=\"1\">Membrii PNL \u015fi PDL \u00eei cer lui Victor Ciorbea s\u0103 conteste la Curtea Constitu\u0163ional\u0103 ordonan\u0163a de urgen\u0163\u0103 a Guvernului care le permite ale\u015filor locali s\u0103-\u015fi schimbe partidul, f\u0103r\u0103 s\u0103-\u015fi piard\u0103 mandatul. S\u0103pt\u0103m\u00e2na trecut\u0103 ei au depus \u015fi o solicitare oficial\u0103 \u00een acest sens.<\/p>\n<p data-index=\"2\">\u201e<span>\u00cei reamintesc domnului Ciorbea c\u0103 \u00eentreaga sa carier\u0103 a fost de partea oamenilor \u015fi nu de partea puterii, cu singura excep\u0163ie \u00een care a fost premier o perioad\u0103. trebuie s\u0103 ac\u0163ioneze \u015fi \u00een aceast\u0103 func\u0163ie de Avocat al Poporului ca un reprezentant al cet\u0103\u0163enilor, \u015fi nu ca un reprezenntat al PSD-ului \u015fi a lui Victor Ponta\u201d, a declarat Ludovic Orban.<\/span><\/p>\n<p data-index=\"3\">Alian\u0163a Cre\u015ftin Liberal\u0103 a ini\u0163iat deja \u015fi o ac\u0163iune \u00een contencios \u015fi anun\u0163\u0103 c\u0103 va continua pichetul p\u00e2n\u0103 c\u00e2nd Victor Ciorbea va reac\u0163iona.<\/p>\n<p data-index=\"4\">\u00cen timp ce liberalii pichetau sediul Avocatului Poporului, Victor Ciorbea participa la un eveniment \u00een Parlament. \u00cens\u0103 dup\u0103 dou\u0103 ore a venit cu o promisiune: \u201e\u00cencep\u00e2nd de m\u00e2ine p\u00e2n\u0103 la sf\u00e2r\u015fitul s\u0103pt\u0103m\u00e2nii \u015fi cel mult \u00eenceputul s\u0103pt\u0103m\u00e2nii viitoare ve\u0163i primi r\u0103spunsurile \u015fi motivarea respectiv\u0103. Deci \u00een toate privin\u0163ele. E, nu \u015ftiu dac\u0103 m\u0103 ve\u0163i aplauda sau nu c\u00e2nd primi\u0163i r\u0103spunsurile, dar le ve\u0163i primi!\u201d.<\/p>\n<p data-index=\"5\">Ordonan\u0163a de urgen\u0163\u0103 a intrat deja \u00een vigoare de \u015fase zile, iar ale\u015fii locali mai au la dispozi\u0163ie \u00eenc\u0103 39 de zile ca s\u0103 se hot\u0103rasc\u0103 dac\u0103 vor s\u0103 p\u0103r\u0103seasc\u0103 partidul care i-a sus\u0163inut \u00een alegeri. \u00a0\u00a0<\/p>\n<\/div>\n<p> Source URL: https:\/\/www.digi24.ro\/stiri\/actualitate\/politica\/protest-la-sediul-avocatului-poporului-291217<\/p>\n","protected":false},"excerpt":{"rendered":"<p>Membrii PNL \u015fi PDL \u00eei cer lui Victor Ciorbea s\u0103 conteste la Curtea Constitu\u0163ional\u0103 ordonan\u0163a de urgen\u0163\u0103 a Guvernului care le permite ale\u015filor locali s\u0103-\u015fi schimbe partidul, f\u0103r\u0103 s\u0103-\u015fi piard\u0103 mandatul. S\u0103pt\u0103m\u00e2na trecut\u0103 ei au depus \u015fi o solicitare oficial\u0103 \u00een acest sens. \u201e\u00cei reamintesc domnului Ciorbea c\u0103 \u00eentreaga sa carier\u0103 a fost de partea [&hellip;]<\/p>\n","protected":false},"author":1,"featured_media":197426,"comment_status":"open","ping_status":"","sticky":false,"template":"","format":"standard","meta":{"footnotes":""},"categories":[2],"tags":[11],"class_list":["post-197425","post","type-post","status-publish","format-standard","has-post-thumbnail","hentry","category-politics","tag-digi24"],"_links":{"self":[{"href":"https:\/\/analyse.optim.biz\/index.php?rest_route=\/wp\/v2\/posts\/197425","targetHints":{"allow":["GET"]}}],"collection":[{"href":"https:\/\/analyse.optim.biz\/index.php?rest_route=\/wp\/v2\/posts"}],"about":[{"href":"https:\/\/analyse.optim.biz\/index.php?rest_route=\/wp\/v2\/types\/post"}],"author":[{"embeddable":true,"href":"https:\/\/analyse.optim.biz\/index.php?rest_route=\/wp\/v2\/users\/1"}],"replies":[{"embeddable":true,"href":"https:\/\/analyse.optim.biz\/index.php?rest_route=%2Fwp%2Fv2%2Fcomments&post=197425"}],"version-history":[{"count":0,"href":"https:\/\/analyse.optim.biz\/index.php?rest_route=\/wp\/v2\/posts\/197425\/revisions"}],"wp:featuredmedia":[{"embeddable":true,"href":"https:\/\/analyse.optim.biz\/index.php?rest_route=\/wp\/v2\/media\/197426"}],"wp:attachment":[{"href":"https:\/\/analyse.optim.biz\/index.php?rest_route=%2Fwp%2Fv2%2Fmedia&parent=197425"}],"wp:term":[{"taxonomy":"category","embeddable":true,"href":"https:\/\/analyse.optim.biz\/index.php?rest_route=%2Fwp%2Fv2%2Fcategories&post=197425"},{"taxonomy":"post_tag","embeddable":true,"href":"https:\/\/analyse.optim.biz\/index.php?rest_route=%2Fwp%2Fv2%2Ftags&post=197425"}],"curies":[{"name":"wp","href":"https:\/\/api.w.org\/{rel}","templated":true}]}}