{"id":197414,"date":"2014-09-08T17:00:12","date_gmt":"2014-09-08T14:00:12","guid":{"rendered":"https:\/\/analyse.optim.biz\/?p=197414"},"modified":"2014-09-08T17:00:12","modified_gmt":"2014-09-08T14:00:12","slug":"ilie-sarbu-intrebat-ce-castiga-cetatenii-din-suspendarea-presedintelui-nimic-aici-nu-e-vorba-de-cetateni","status":"publish","type":"post","link":"https:\/\/analyse.optim.biz\/?p=197414","title":{"rendered":"Ilie S\u00e2rbu, \u00eentrebat ce c\u00e2\u0219tig\u0103 cet\u0103\u021benii din suspendarea pre\u0219edintelui: \u201eNimic, aici nu e vorba de cet\u0103\u021beni\u201d"},"content":{"rendered":"<div class=\"entry data-app-meta data-app-meta-article\" data-embed-base-url-canonical=\"https:\/\/www.digi24.ro\/embed\/stiri\/actualitate\/politica\/ilie-sarbu-intrebat-ce-castiga-cetatenii-din-suspendarea-presedintelui-nimic-aici-nu-e-vorba-de-cetateni-291257\">\n<p data-index=\"1\"><em><strong>Reporter: Ce c\u00e2\u0219tig\u0103 un cet\u0103\u021bean prin aceast\u0103 nou\u0103 suspendare?<\/strong><\/em><\/p>\n<p data-index=\"2\"><em><strong>Ilie S\u00e2rbu: Nimic, nimic! Aici nu e vorba de cet\u0103\u021beni, aici e vorba de ambi\u021bia domnului B\u0103sescu. Ce c\u00e2\u0219tig\u0103 \u021bara poate, c\u0103 lucrurile ar intra \u00een normalitate, c\u0103 nu-\u0219i poate permite un pre\u0219edinte s\u0103 \u00eencalce Constitu\u021bia, dac\u0103 vrem s\u0103 mai fim \u021bar\u0103 \u0219i stat democratic.<\/strong><\/em><\/p>\n<p data-index=\"3\"><em><strong>Reporter: \u0218i banii care se duc \u00een acest referendum de suspendare?<\/strong><\/em><\/p>\n<p data-index=\"4\"><em><strong>Ilie S\u00e2rbu: Nu \u0219tiu ce bani se vor duce, fiindc\u0103 coicincide cu campania electoral\u0103.<\/strong><\/em><\/p>\n<p data-index=\"5\"><em><strong>Reporter: Nu sunt bani \u00een plus?<\/strong><\/em><\/p>\n<p data-index=\"6\"><em><strong><span>Ilie S\u00e2rbu: S-ar putea s\u0103 fie, dar nu sume mari, c\u0103 tot se face o campanie.<\/span><\/strong><\/em><\/p>\n<p data-index=\"7\">Ast\u0103zi, C\u0103lin Popescu T\u0103riceanu, pre\u0219edintele Senatului, a ini\u021biat str\u00e2ngerea de semn\u0103turi pentru suspendarea pre\u0219edintelui Traian B\u0103sescu. Ar fi al treilea demers de acest gen \u00eendreptat \u00eempotriva pre\u015fedintelui. Traian B\u0103sescu s-a \u00eentors la Cotroceni, dup\u0103 prima sa suspendare, cea din 2007. Trei sferturi din cei care au mers atunci la referendum au votat \u00eempotriva demiterii.<\/p>\n<p data-index=\"8\">A revenit \u00een func\u0163ie \u015fi dup\u0103 suspendarea din 2012, \u00eens\u0103 atunci au fost aproape \u015fapte milioane \u015fi jum\u0103tate de voturi \u00een favoarea demiterii sale.<\/p>\n<p data-index=\"9\">\u00cen ambele situa\u0163ii, referendumurile au fost invalidate de Curtea Constitu\u0163ional\u0103, pentru c\u0103 la urne au mers mai pu\u0163in de 50% plus unu dintre rom\u00e2nii cu drept de vot.<\/p>\n<h5><a href=\"https:\/\/www.digi24.ro\/Stiri\/Digi24\/Actualitate\/Politica\/UDMR+nu+sustine+demersurile+de+suspendare\" data-skip-linkfix=\"1\"><span>UDMR nu sus\u0163ine demersurile de suspendare. Kelemen Hunor: Este inoportun \u015fi inutil<\/span><\/a><\/h5>\n<h5><a href=\"https:\/\/www.digi24.ro\/Stiri\/Digi24\/Actualitate\/Politica\/Blaga+despre+suspendarea+lui+Basescu+Romanii+s-au+saturat+de+sca\" data-skip-linkfix=\"1\"><span>Blaga, despre suspendarea lui B\u0103sescu: \u201eRom\u00e2nii s-au s\u0103turat de scandal\u201d<\/span><\/a><\/h5>\n<h5><a href=\"https:\/\/www.digi24.ro\/Stiri\/Digi24\/Actualitate\/Politica\/De+ce+este+ceruta+suspendarea+lui+Traian+Basescu+aproape+de+fina\" data-skip-linkfix=\"1\"><span>De ce este cerut\u0103 suspendarea lui Traian B\u0103sescu aproape de finalul mandatului<\/span><\/a><\/h5>\n<h5><a href=\"https:\/\/www.digi24.ro\/Stiri\/Digi24\/Actualitate\/Politica\/SUSPENDARE+TRAIAN+BASESCU\" data-skip-linkfix=\"1\"><span>Cererea de suspendare a lui Traian B\u0103sescu. Motivele invocate de \u015feful Senatului\u00a0<\/span><\/a><\/h5>\n<h5><a href=\"https:\/\/www.digi24.ro\/Stiri\/Digi24\/Actualitate\/Politica\/A+treia+suspendare+Titus+Corlatean+considera+ca+Traian+Basescu+a\" data-skip-linkfix=\"1\"><span>Titus Corl\u0103\u021bean consider\u0103 c\u0103 Traian B\u0103sescu ar trebui s\u0103-\u0219i termine mandatul de pre\u0219edinte<\/span><\/a><\/h5>\n<h5><a href=\"https:\/\/www.digi24.ro\/Stiri\/Digi24\/Actualitate\/Politica\/Victor+Ponta+Discutam+in+PSD+despre+demersul+lui+Tariceanu+orice\" data-skip-linkfix=\"1\"><span>Victor Ponta: Discut\u0103m \u00een PSD despre demersul lui T\u0103riceanu, orice zi f\u0103r\u0103 B\u0103sescu e un r\u0103u mai pu\u0163in<\/span><\/a><\/h5>\n<\/div>\n<p> Source URL: https:\/\/www.digi24.ro\/stiri\/actualitate\/politica\/ilie-sarbu-intrebat-ce-castiga-cetatenii-din-suspendarea-presedintelui-nimic-aici-nu-e-vorba-de-cetateni-291257<\/p>\n","protected":false},"excerpt":{"rendered":"<p>Reporter: Ce c\u00e2\u0219tig\u0103 un cet\u0103\u021bean prin aceast\u0103 nou\u0103 suspendare? Ilie S\u00e2rbu: Nimic, nimic! Aici nu e vorba de cet\u0103\u021beni, aici e vorba de ambi\u021bia domnului B\u0103sescu. Ce c\u00e2\u0219tig\u0103 \u021bara poate, c\u0103 lucrurile ar intra \u00een normalitate, c\u0103 nu-\u0219i poate permite un pre\u0219edinte s\u0103 \u00eencalce Constitu\u021bia, dac\u0103 vrem s\u0103 mai fim \u021bar\u0103 \u0219i stat democratic. Reporter: [&hellip;]<\/p>\n","protected":false},"author":1,"featured_media":197415,"comment_status":"open","ping_status":"","sticky":false,"template":"","format":"standard","meta":{"footnotes":""},"categories":[2],"tags":[11],"class_list":["post-197414","post","type-post","status-publish","format-standard","has-post-thumbnail","hentry","category-politics","tag-digi24"],"_links":{"self":[{"href":"https:\/\/analyse.optim.biz\/index.php?rest_route=\/wp\/v2\/posts\/197414","targetHints":{"allow":["GET"]}}],"collection":[{"href":"https:\/\/analyse.optim.biz\/index.php?rest_route=\/wp\/v2\/posts"}],"about":[{"href":"https:\/\/analyse.optim.biz\/index.php?rest_route=\/wp\/v2\/types\/post"}],"author":[{"embeddable":true,"href":"https:\/\/analyse.optim.biz\/index.php?rest_route=\/wp\/v2\/users\/1"}],"replies":[{"embeddable":true,"href":"https:\/\/analyse.optim.biz\/index.php?rest_route=%2Fwp%2Fv2%2Fcomments&post=197414"}],"version-history":[{"count":0,"href":"https:\/\/analyse.optim.biz\/index.php?rest_route=\/wp\/v2\/posts\/197414\/revisions"}],"wp:featuredmedia":[{"embeddable":true,"href":"https:\/\/analyse.optim.biz\/index.php?rest_route=\/wp\/v2\/media\/197415"}],"wp:attachment":[{"href":"https:\/\/analyse.optim.biz\/index.php?rest_route=%2Fwp%2Fv2%2Fmedia&parent=197414"}],"wp:term":[{"taxonomy":"category","embeddable":true,"href":"https:\/\/analyse.optim.biz\/index.php?rest_route=%2Fwp%2Fv2%2Fcategories&post=197414"},{"taxonomy":"post_tag","embeddable":true,"href":"https:\/\/analyse.optim.biz\/index.php?rest_route=%2Fwp%2Fv2%2Ftags&post=197414"}],"curies":[{"name":"wp","href":"https:\/\/api.w.org\/{rel}","templated":true}]}}