{"id":197411,"date":"2014-09-08T18:32:19","date_gmt":"2014-09-08T15:32:19","guid":{"rendered":"https:\/\/analyse.optim.biz\/?p=197411"},"modified":"2014-09-08T18:32:19","modified_gmt":"2014-09-08T15:32:19","slug":"presedintele-ppe-e-scandalos-ca-un-premier-ue-isi-compara-presedintele-cu-nazistii","status":"publish","type":"post","link":"https:\/\/analyse.optim.biz\/?p=197411","title":{"rendered":"Pre\u0219edintele PPE: E scandalos c\u0103 un premier UE \u00ee\u015fi compar\u0103 pre\u015fedintele cu nazi\u015ftii"},"content":{"rendered":"<div class=\"entry data-app-meta data-app-meta-article\" data-embed-base-url-canonical=\"https:\/\/www.digi24.ro\/embed\/stiri\/actualitate\/politica\/presedintele-ppe-e-scandalos-ca-un-premier-ue-isi-compara-presedintele-cu-nazistii-291317\">\n<p data-index=\"1\">\u00a0<img decoding=\"async\" src=\"https:\/\/analyse.optim.biz\/wp-content\/uploads\/2024\/09\/jmhhc2g9ntcxzdq2mzg1mdnhn2e3n2i3zddiztbhngezmjaxnjc-thumb_.jpg\" data-skip-htmlfix=\"1\" title=\"jmhhc2g9ntcxzdq2mzg1mdnhn2e3n2i3zddiztbhngezmjaxnjc-thumb_\"><\/p>\n<p data-index=\"2\"><strong>\u201eAfirma\u0163iile f\u0103cute ieri (duminic\u0103 &#8211; n.r.) de Victor Ponta sunt \u00eengrozitoare. Este de-a dreptul scandalos s\u0103 auzi cum premierul unui stat UE \u00eel compar\u0103 pe pre\u015fedintele propriei sale \u0163\u0103ri cu nazi\u015ftii\u201d<\/strong>, sus\u021bine Joseph Daul, informeaz\u0103 Mediafax.<\/p>\n<p data-index=\"3\">Liderul PPE precizeaz\u0103 c\u0103 pre\u015fedintele Traian B\u0103sescu a fost ales \u00een mod democratic de dou\u0103 ori, iar <strong>\u201e\u00een timpul celor dou\u0103 mandate a implementat cu succes o serie de reforme structurale \u015fi economice dificile dar necesare care au plasat \u0163ara pe calea stabilit\u0103\u0163ii \u015fi prosperit\u0103\u0163ii\u201d<\/strong>.<\/p>\n<p data-index=\"4\"><strong>\u201eRom\u00e2nia este \u00eentr-o situa\u0163ie mult mai bun\u0103 \u00een prezent dec\u00e2t era \u00een urm\u0103 cu 10 ani, \u00eenainte de alegerea pre\u015fedintelui B\u0103sescu\u201d<\/strong>, consider\u0103 Daul.<\/p>\n<p data-index=\"5\">Acesta sus\u0163ine c\u0103, \u00een ultimii trei ani, Victor Ponta a fost<strong> \u201eobsedat s\u0103-l dea jos pe pre\u015fedintele B\u0103sescu\u201d<\/strong>.<\/p>\n<p data-index=\"6\"><strong>\u201e\u00cen detrimentul stabilit\u0103\u0163ii \u015fi credibilit\u0103\u0163ii \u0163\u0103rii sale, Ponta este responsabil pentru organizarea a numeroase intrigi \u015fi trucuri nedemocratice \u00een \u00eencercarea sa nereu\u015fit\u0103 de a deveni pre\u015fedinte<\/strong>\u201d, noteaz\u0103 liderul popularilor europeni.<\/p>\n<p data-index=\"7\">Sursa citat\u0103 men\u021bioneaz\u0103 c\u0103 Joseph Daul sus\u0163ine c\u0103 <strong>ambi\u0163ia lui Ponta de a deveni pre\u015fedinte \u201econtinu\u0103 s\u0103 nu aib\u0103 limite: d\u0103 ordonan\u0163e de urgen\u0163\u0103 \u00een campanie, \u00eencearc\u0103 o nou\u0103 procedur\u0103 de suspendare a pre\u015fedintelui aflat la sf\u00e2r\u015fit de mandat\u201d<\/strong>.<\/p>\n<p data-index=\"8\"><strong>\u201eRom\u00e2nia, stat membru UE de peste \u015fapte ani merit\u0103 mai mult\u201d<\/strong>, apreciaz\u0103 Daul.<\/p>\n<p data-index=\"9\"><strong>Pre\u015fedintele PPE face apel la PES \u015fi la liderii forma\u0163iunii s\u0103 condamne imediat \u201eafirma\u0163iile \u00eengrozitoare ale lui Ponta \u015fi s\u0103 se distan\u0163eze de astfel de comentarii\u201d<\/strong>.<\/p>\n<p data-index=\"10\"><a href=\"https:\/\/www.digi24.ro\/Stiri\/Digi24\/Actualitate\/Politica\/Victor+Ponta+Discutam+in+PSD+despre+demersul+lui+Tariceanu+orice\" data-skip-linkfix=\"1\">Premierul Victor Ponta a declarat<\/a>, ieri, c\u0103 va urma \u201eo perioad\u0103 \u00een care trebuie pur \u015fi simplu s\u0103 ne preg\u0103tim de deb\u0103sificarea societ\u0103\u0163ii rom\u00e2ne\u015fti\u201d.<\/p>\n<p data-index=\"11\"><em><strong>\u201eCred c\u0103 efectele asupra societ\u0103\u0163ii rom\u00e2ne\u015fti l\u0103sate de cei 10 ani de regim Traian B\u0103sescu sunt destul de asem\u0103n\u0103toare cu cele l\u0103sate de regimul nazist \u00een Germania\u201d<\/strong><\/em>, a mai spus Ponta.<\/p>\n<\/div>\n<p> Source URL: https:\/\/www.digi24.ro\/stiri\/actualitate\/politica\/presedintele-ppe-e-scandalos-ca-un-premier-ue-isi-compara-presedintele-cu-nazistii-291317<\/p>\n","protected":false},"excerpt":{"rendered":"<p>\u00a0 \u201eAfirma\u0163iile f\u0103cute ieri (duminic\u0103 &#8211; n.r.) de Victor Ponta sunt \u00eengrozitoare. Este de-a dreptul scandalos s\u0103 auzi cum premierul unui stat UE \u00eel compar\u0103 pe pre\u015fedintele propriei sale \u0163\u0103ri cu nazi\u015ftii\u201d, sus\u021bine Joseph Daul, informeaz\u0103 Mediafax. Liderul PPE precizeaz\u0103 c\u0103 pre\u015fedintele Traian B\u0103sescu a fost ales \u00een mod democratic de dou\u0103 ori, iar \u201e\u00een [&hellip;]<\/p>\n","protected":false},"author":1,"featured_media":197412,"comment_status":"open","ping_status":"","sticky":false,"template":"","format":"standard","meta":{"footnotes":""},"categories":[2],"tags":[11],"class_list":["post-197411","post","type-post","status-publish","format-standard","has-post-thumbnail","hentry","category-politics","tag-digi24"],"_links":{"self":[{"href":"https:\/\/analyse.optim.biz\/index.php?rest_route=\/wp\/v2\/posts\/197411","targetHints":{"allow":["GET"]}}],"collection":[{"href":"https:\/\/analyse.optim.biz\/index.php?rest_route=\/wp\/v2\/posts"}],"about":[{"href":"https:\/\/analyse.optim.biz\/index.php?rest_route=\/wp\/v2\/types\/post"}],"author":[{"embeddable":true,"href":"https:\/\/analyse.optim.biz\/index.php?rest_route=\/wp\/v2\/users\/1"}],"replies":[{"embeddable":true,"href":"https:\/\/analyse.optim.biz\/index.php?rest_route=%2Fwp%2Fv2%2Fcomments&post=197411"}],"version-history":[{"count":0,"href":"https:\/\/analyse.optim.biz\/index.php?rest_route=\/wp\/v2\/posts\/197411\/revisions"}],"wp:featuredmedia":[{"embeddable":true,"href":"https:\/\/analyse.optim.biz\/index.php?rest_route=\/wp\/v2\/media\/197412"}],"wp:attachment":[{"href":"https:\/\/analyse.optim.biz\/index.php?rest_route=%2Fwp%2Fv2%2Fmedia&parent=197411"}],"wp:term":[{"taxonomy":"category","embeddable":true,"href":"https:\/\/analyse.optim.biz\/index.php?rest_route=%2Fwp%2Fv2%2Fcategories&post=197411"},{"taxonomy":"post_tag","embeddable":true,"href":"https:\/\/analyse.optim.biz\/index.php?rest_route=%2Fwp%2Fv2%2Ftags&post=197411"}],"curies":[{"name":"wp","href":"https:\/\/api.w.org\/{rel}","templated":true}]}}